{"id":36076,"date":"2022-02-14T16:10:08","date_gmt":"2022-02-14T15:10:08","guid":{"rendered":"https:\/\/www.itakaescolapios.org\/?p=36076"},"modified":"2023-11-28T12:35:51","modified_gmt":"2023-11-28T11:35:51","slug":"english-celebration-of-the-youth-day-in-the-schools-of-bamendjou-tchoum-boum-ndang-latsit-center-toba-ntoumi","status":"publish","type":"post","link":"https:\/\/www.itakaescolapios.org\/pt\/2022\/02\/english-celebration-of-the-youth-day-in-the-schools-of-bamendjou-tchoum-boum-ndang-latsit-center-toba-ntoumi\/","title":{"rendered":""},"content":{"rendered":"<p>[:en]<\/p>\n<div id=\"tw-container\" class=\"\" data-cp=\"1\" data-is-ver=\"false\" data-nnttsvi=\"1\" data-sm=\"1\" data-sugg-time=\"500\" data-sugg-url=\"https:\/\/clients1.google.com\/complete\/search\" data-uilc=\"fr\">\n<div id=\"tw-ob\" class=\"tw-src-ltr\">\n<div class=\"oSioSc\">\n<div id=\"tw-target\">\n<div id=\"kAz1tf\" class=\"g9WsWb\">\n<div id=\"tw-target-text-container\" class=\"tw-ta-container F0azHf tw-nfl\">\n<p id=\"tw-target-text\" class=\"tw-data-text tw-text-large tw-ta\" dir=\"ltr\" data-placeholder=\"Traduction\"><span class=\"Y2IQFc\" lang=\"en\">This Friday, February 11, 2022, took place in Bamendjou, the celebration of the National Youth Day. On the program, parade of children, songs, dances, stories, and many other activities then recovery of the price of the establishment by the supervisors. The ceremony began around 9 a.m., with the passage of the various establishments. The celebration was very beautiful and we finished with the prizes for the best parade, the best dance and the best poem of this edition of the youth festival.<\/span><\/p>\n<div style=\"width: 640px;\" class=\"wp-video\"><video class=\"wp-video-shortcode\" id=\"video-36076-1\" width=\"640\" height=\"352\" preload=\"metadata\" controls=\"controls\"><source type=\"video\/mp4\" src=\"https:\/\/www.itakaescolapios.org\/wp-content\/uploads\/2022\/02\/VID-20220214-WA0018.mp4?_=1\" \/><a href=\"https:\/\/www.itakaescolapios.org\/wp-content\/uploads\/2022\/02\/VID-20220214-WA0018.mp4\">https:\/\/www.itakaescolapios.org\/wp-content\/uploads\/2022\/02\/VID-20220214-WA0018.mp4<\/a><\/video><\/div>\n<p>&nbsp;<\/p>\n<div style=\"width: 640px;\" class=\"wp-video\"><video class=\"wp-video-shortcode\" id=\"video-36076-2\" width=\"640\" height=\"352\" preload=\"metadata\" controls=\"controls\"><source type=\"video\/mp4\" src=\"https:\/\/www.itakaescolapios.org\/wp-content\/uploads\/2022\/02\/VID-20220214-WA0013.mp4?_=2\" \/><a href=\"https:\/\/www.itakaescolapios.org\/wp-content\/uploads\/2022\/02\/VID-20220214-WA0013.mp4\">https:\/\/www.itakaescolapios.org\/wp-content\/uploads\/2022\/02\/VID-20220214-WA0013.mp4<\/a><\/video><\/div>\n<p>&nbsp;<\/p>\n<\/div>\n<\/div>\n<\/div>\n<\/div>\n<\/div>\n<\/div>\n<p>[:fr]Ce vendredi 11 f\u00e9vrier 2022, a eu lieu \u00e0 Bamendjou, la c\u00e9l\u00e9bration de la f\u00eate nationale de la jeunesse. Au programme, d\u00e9fil\u00e9 des enfants, chants, danses, r\u00e9cits, et bien d&#8217;autres activit\u00e9s puis r\u00e9cup\u00e9ration du prix de l&#8217;\u00e9tablissement par les encadreurs . La c\u00e9r\u00e9monie a d\u00e9but\u00e9 aux environs de 9H, par le passage des diff\u00e9rents \u00e9tablissements. La c\u00e9l\u00e9bration \u00e9tait tr\u00e8s belle et nous avons fini avec les prix du meilleur d\u00e9fil\u00e9, la meilleure danse et le meilleur po\u00e8me de cette \u00e9dition de la f\u00eate de la jeunesse.<\/p>\n<div style=\"width: 640px;\" class=\"wp-video\"><video class=\"wp-video-shortcode\" id=\"video-36076-3\" width=\"640\" height=\"352\" preload=\"metadata\" controls=\"controls\"><source type=\"video\/mp4\" src=\"https:\/\/www.itakaescolapios.org\/wp-content\/uploads\/2022\/02\/VID-20220214-WA0013.mp4?_=3\" \/><a href=\"https:\/\/www.itakaescolapios.org\/wp-content\/uploads\/2022\/02\/VID-20220214-WA0013.mp4\">https:\/\/www.itakaescolapios.org\/wp-content\/uploads\/2022\/02\/VID-20220214-WA0013.mp4<\/a><\/video><\/div>\n<p><div style=\"width: 640px;\" class=\"wp-video\"><video class=\"wp-video-shortcode\" id=\"video-36076-4\" width=\"640\" height=\"352\" preload=\"metadata\" controls=\"controls\"><source type=\"video\/mp4\" src=\"https:\/\/www.itakaescolapios.org\/wp-content\/uploads\/2022\/02\/VID-20220214-WA0018.mp4?_=4\" \/><a href=\"https:\/\/www.itakaescolapios.org\/wp-content\/uploads\/2022\/02\/VID-20220214-WA0018.mp4\">https:\/\/www.itakaescolapios.org\/wp-content\/uploads\/2022\/02\/VID-20220214-WA0018.mp4<\/a><\/video><\/div>[:]<\/p>\n","protected":false},"excerpt":{"rendered":"<p>[:en] This Friday, February 11, 2022, took place in Bamendjou, the celebration of the National Youth Day. On the program, parade of children, songs, dances, stories, and many other activities [&hellip;]<\/p>\n","protected":false},"author":15,"featured_media":36110,"comment_status":"closed","ping_status":"closed","sticky":false,"template":"","format":"standard","meta":{"_et_pb_use_builder":"","_et_pb_old_content":"","_et_gb_content_width":"","footnotes":""},"categories":[53,10],"tags":[],"class_list":["post-36076","post","type-post","status-publish","format-standard","has-post-thumbnail","hentry","category-africa-central","category-camerun"],"yoast_head":"<!-- This site is optimized with the Yoast SEO plugin v27.4 - https:\/\/yoast.com\/product\/yoast-seo-wordpress\/ -->\n<title>- Itaka-Escolapios<\/title>\n<meta name=\"description\" content=\"[:en] This Friday, February 11, 2022, took place in Bamendjou, the celebration of the National Youth Day. On the program, parade of children, songs, dances, stories, and many other activities then recovery of the price of the establishment by the supervisors. The ceremony began around 9 a.m., with the passage of the various establishments. The&hellip;\" \/>\n<meta name=\"robots\" content=\"index, follow, max-snippet:-1, max-image-preview:large, max-video-preview:-1\" \/>\n<link rel=\"canonical\" href=\"\" \/>\n<meta property=\"og:locale\" content=\"pt_BR\" \/>\n<meta property=\"og:type\" content=\"article\" \/>\n<meta property=\"og:title\" content=\"- Itaka-Escolapios\" \/>\n<meta property=\"og:description\" content=\"[:en] This Friday, February 11, 2022, took place in Bamendjou, the celebration of the National Youth Day. On the program, parade of children, songs, dances, stories, and many other activities then recovery of the price of the establishment by the supervisors. The ceremony began around 9 a.m., with the passage of the various establishments. The&hellip;\" \/>\n<meta property=\"og:url\" content=\"https:\/\/www.itakaescolapios.org\/pt\/2022\/02\/english-celebration-of-the-youth-day-in-the-schools-of-bamendjou-tchoum-boum-ndang-latsit-center-toba-ntoumi\/\" \/>\n<meta property=\"og:site_name\" content=\"Itaka-Escolapios\" \/>\n<meta property=\"article:published_time\" content=\"2022-02-14T15:10:08+00:00\" \/>\n<meta property=\"article:modified_time\" content=\"2023-11-28T11:35:51+00:00\" \/>\n<meta property=\"og:image\" content=\"https:\/\/www.itakaescolapios.org\/wp-content\/uploads\/2022\/02\/foto-web.jpg\" \/>\n\t<meta property=\"og:image:width\" content=\"647\" \/>\n\t<meta property=\"og:image:height\" content=\"318\" \/>\n\t<meta property=\"og:image:type\" content=\"image\/jpeg\" \/>\n<meta name=\"author\" content=\"cameroun01\" \/>\n<meta name=\"twitter:card\" content=\"summary_large_image\" \/>\n<meta name=\"twitter:label1\" content=\"Escrito por\" \/>\n\t<meta name=\"twitter:data1\" content=\"cameroun01\" \/>\n\t<meta name=\"twitter:label2\" content=\"Est. tempo de leitura\" \/>\n\t<meta name=\"twitter:data2\" content=\"1 minuto\" \/>\n<script type=\"application\/ld+json\" class=\"yoast-schema-graph\">{\"@context\":\"https:\\\/\\\/schema.org\",\"@graph\":[{\"@type\":\"Article\",\"@id\":\"https:\\\/\\\/www.itakaescolapios.org\\\/pt\\\/2022\\\/02\\\/english-celebration-of-the-youth-day-in-the-schools-of-bamendjou-tchoum-boum-ndang-latsit-center-toba-ntoumi\\\/#article\",\"isPartOf\":{\"@id\":\"https:\\\/\\\/www.itakaescolapios.org\\\/pt\\\/2022\\\/02\\\/english-celebration-of-the-youth-day-in-the-schools-of-bamendjou-tchoum-boum-ndang-latsit-center-toba-ntoumi\\\/\"},\"author\":{\"name\":\"cameroun01\",\"@id\":\"https:\\\/\\\/www.itakaescolapios.org\\\/es\\\/#\\\/schema\\\/person\\\/d2844383e29bfdfef69039672ce14eb1\"},\"headline\":\"Sem t\u00edtulo\",\"datePublished\":\"2022-02-14T15:10:08+00:00\",\"dateModified\":\"2023-11-28T11:35:51+00:00\",\"mainEntityOfPage\":{\"@id\":\"https:\\\/\\\/www.itakaescolapios.org\\\/pt\\\/2022\\\/02\\\/english-celebration-of-the-youth-day-in-the-schools-of-bamendjou-tchoum-boum-ndang-latsit-center-toba-ntoumi\\\/\"},\"wordCount\":243,\"publisher\":{\"@id\":\"https:\\\/\\\/www.itakaescolapios.org\\\/es\\\/#organization\"},\"image\":{\"@id\":\"https:\\\/\\\/www.itakaescolapios.org\\\/pt\\\/2022\\\/02\\\/english-celebration-of-the-youth-day-in-the-schools-of-bamendjou-tchoum-boum-ndang-latsit-center-toba-ntoumi\\\/#primaryimage\"},\"thumbnailUrl\":\"https:\\\/\\\/www.itakaescolapios.org\\\/wp-content\\\/uploads\\\/2022\\\/02\\\/foto-web.jpg\",\"articleSection\":[\"\u00c1frica Central\",\"Camar\u00f5es\"],\"inLanguage\":\"pt-BR\"},{\"@type\":\"WebPage\",\"@id\":\"https:\\\/\\\/www.itakaescolapios.org\\\/pt\\\/2022\\\/02\\\/english-celebration-of-the-youth-day-in-the-schools-of-bamendjou-tchoum-boum-ndang-latsit-center-toba-ntoumi\\\/\",\"url\":\"https:\\\/\\\/www.itakaescolapios.org\\\/pt\\\/2022\\\/02\\\/english-celebration-of-the-youth-day-in-the-schools-of-bamendjou-tchoum-boum-ndang-latsit-center-toba-ntoumi\\\/\",\"name\":\"- Itaka-Escolapios\",\"isPartOf\":{\"@id\":\"https:\\\/\\\/www.itakaescolapios.org\\\/es\\\/#website\"},\"primaryImageOfPage\":{\"@id\":\"https:\\\/\\\/www.itakaescolapios.org\\\/pt\\\/2022\\\/02\\\/english-celebration-of-the-youth-day-in-the-schools-of-bamendjou-tchoum-boum-ndang-latsit-center-toba-ntoumi\\\/#primaryimage\"},\"image\":{\"@id\":\"https:\\\/\\\/www.itakaescolapios.org\\\/pt\\\/2022\\\/02\\\/english-celebration-of-the-youth-day-in-the-schools-of-bamendjou-tchoum-boum-ndang-latsit-center-toba-ntoumi\\\/#primaryimage\"},\"thumbnailUrl\":\"https:\\\/\\\/www.itakaescolapios.org\\\/wp-content\\\/uploads\\\/2022\\\/02\\\/foto-web.jpg\",\"datePublished\":\"2022-02-14T15:10:08+00:00\",\"dateModified\":\"2023-11-28T11:35:51+00:00\",\"inLanguage\":\"pt-BR\",\"potentialAction\":[{\"@type\":\"ReadAction\",\"target\":[\"https:\\\/\\\/www.itakaescolapios.org\\\/pt\\\/2022\\\/02\\\/english-celebration-of-the-youth-day-in-the-schools-of-bamendjou-tchoum-boum-ndang-latsit-center-toba-ntoumi\\\/\"]}]},{\"@type\":\"ImageObject\",\"inLanguage\":\"pt-BR\",\"@id\":\"https:\\\/\\\/www.itakaescolapios.org\\\/pt\\\/2022\\\/02\\\/english-celebration-of-the-youth-day-in-the-schools-of-bamendjou-tchoum-boum-ndang-latsit-center-toba-ntoumi\\\/#primaryimage\",\"url\":\"https:\\\/\\\/www.itakaescolapios.org\\\/wp-content\\\/uploads\\\/2022\\\/02\\\/foto-web.jpg\",\"contentUrl\":\"https:\\\/\\\/www.itakaescolapios.org\\\/wp-content\\\/uploads\\\/2022\\\/02\\\/foto-web.jpg\",\"width\":647,\"height\":318},{\"@type\":\"WebSite\",\"@id\":\"https:\\\/\\\/www.itakaescolapios.org\\\/pt\\\/es\\\/#website\",\"url\":\"https:\\\/\\\/www.itakaescolapios.org\\\/pt\\\/es\\\/\",\"name\":\"Itaka-Escolapios\",\"description\":\"Red de Itaka-Escolapios\",\"publisher\":{\"@id\":\"https:\\\/\\\/www.itakaescolapios.org\\\/pt\\\/es\\\/#organization\"},\"potentialAction\":[{\"@type\":\"SearchAction\",\"target\":{\"@type\":\"EntryPoint\",\"urlTemplate\":\"https:\\\/\\\/www.itakaescolapios.org\\\/pt\\\/es\\\/?s={search_term_string}\"},\"query-input\":{\"@type\":\"PropertyValueSpecification\",\"valueRequired\":true,\"valueName\":\"search_term_string\"}}],\"inLanguage\":\"pt-BR\"},{\"@type\":\"Organization\",\"@id\":\"https:\\\/\\\/www.itakaescolapios.org\\\/pt\\\/es\\\/#organization\",\"name\":\"Fundaci\u00f3 Itaka-Escolapios\",\"url\":\"https:\\\/\\\/www.itakaescolapios.org\\\/pt\\\/es\\\/\",\"logo\":{\"@type\":\"ImageObject\",\"inLanguage\":\"pt-BR\",\"@id\":\"https:\\\/\\\/www.itakaescolapios.org\\\/pt\\\/es\\\/#\\\/schema\\\/logo\\\/image\\\/\",\"url\":\"https:\\\/\\\/www.itakaescolapios.org\\\/wp-content\\\/uploads\\\/2024\\\/04\\\/Logo-itakaescolapios-peque.png\",\"contentUrl\":\"https:\\\/\\\/www.itakaescolapios.org\\\/wp-content\\\/uploads\\\/2024\\\/04\\\/Logo-itakaescolapios-peque.png\",\"width\":500,\"height\":199,\"caption\":\"Fundaci\u00f3 Itaka-Escolapios\"},\"image\":{\"@id\":\"https:\\\/\\\/www.itakaescolapios.org\\\/pt\\\/es\\\/#\\\/schema\\\/logo\\\/image\\\/\"}},{\"@type\":\"Person\",\"@id\":\"https:\\\/\\\/www.itakaescolapios.org\\\/es\\\/#\\\/schema\\\/person\\\/d2844383e29bfdfef69039672ce14eb1\",\"name\":\"cameroun01\",\"url\":\"https:\\\/\\\/www.itakaescolapios.org\\\/pt\\\/author\\\/cameroun01\\\/\"}]}<\/script>\n<!-- \/ Yoast SEO plugin. -->","yoast_head_json":{"title":"- Itaka-Escolapios","description":"[:en] This Friday, February 11, 2022, took place in Bamendjou, the celebration of the National Youth Day. On the program, parade of children, songs, dances, stories, and many other activities then recovery of the price of the establishment by the supervisors. The ceremony began around 9 a.m., with the passage of the various establishments. The&hellip;","robots":{"index":"index","follow":"follow","max-snippet":"max-snippet:-1","max-image-preview":"max-image-preview:large","max-video-preview":"max-video-preview:-1"},"canonical":"[:en] This Friday, February 11, 2022, took place in Bamendjou, the celebration of the National Youth Day. On the program, parade of children, songs, dances, stories, and many other activities then recovery of the price of the establishment by the supervisors. The ceremony began around 9 a.m., with the passage of the various establishments. The&hellip;","og_locale":"pt_BR","og_type":"article","og_title":"- Itaka-Escolapios","og_description":"[:en] This Friday, February 11, 2022, took place in Bamendjou, the celebration of the National Youth Day. On the program, parade of children, songs, dances, stories, and many other activities then recovery of the price of the establishment by the supervisors. The ceremony began around 9 a.m., with the passage of the various establishments. The&hellip;","og_url":"https:\/\/www.itakaescolapios.org\/pt\/2022\/02\/english-celebration-of-the-youth-day-in-the-schools-of-bamendjou-tchoum-boum-ndang-latsit-center-toba-ntoumi\/","og_site_name":"Itaka-Escolapios","article_published_time":"2022-02-14T15:10:08+00:00","article_modified_time":"2023-11-28T11:35:51+00:00","og_image":[{"width":647,"height":318,"url":"https:\/\/www.itakaescolapios.org\/wp-content\/uploads\/2022\/02\/foto-web.jpg","type":"image\/jpeg"}],"author":"cameroun01","twitter_card":"summary_large_image","twitter_misc":{"Escrito por":"cameroun01","Est. tempo de leitura":"1 minuto"},"schema":{"@context":"https:\/\/schema.org","@graph":[{"@type":"Article","@id":"https:\/\/www.itakaescolapios.org\/pt\/2022\/02\/english-celebration-of-the-youth-day-in-the-schools-of-bamendjou-tchoum-boum-ndang-latsit-center-toba-ntoumi\/#article","isPartOf":{"@id":"https:\/\/www.itakaescolapios.org\/pt\/2022\/02\/english-celebration-of-the-youth-day-in-the-schools-of-bamendjou-tchoum-boum-ndang-latsit-center-toba-ntoumi\/"},"author":{"name":"cameroun01","@id":"https:\/\/www.itakaescolapios.org\/es\/#\/schema\/person\/d2844383e29bfdfef69039672ce14eb1"},"headline":"Sem t\u00edtulo","datePublished":"2022-02-14T15:10:08+00:00","dateModified":"2023-11-28T11:35:51+00:00","mainEntityOfPage":{"@id":"https:\/\/www.itakaescolapios.org\/pt\/2022\/02\/english-celebration-of-the-youth-day-in-the-schools-of-bamendjou-tchoum-boum-ndang-latsit-center-toba-ntoumi\/"},"wordCount":243,"publisher":{"@id":"https:\/\/www.itakaescolapios.org\/es\/#organization"},"image":{"@id":"https:\/\/www.itakaescolapios.org\/pt\/2022\/02\/english-celebration-of-the-youth-day-in-the-schools-of-bamendjou-tchoum-boum-ndang-latsit-center-toba-ntoumi\/#primaryimage"},"thumbnailUrl":"https:\/\/www.itakaescolapios.org\/wp-content\/uploads\/2022\/02\/foto-web.jpg","articleSection":["\u00c1frica Central","Camar\u00f5es"],"inLanguage":"pt-BR"},{"@type":"WebPage","@id":"https:\/\/www.itakaescolapios.org\/pt\/2022\/02\/english-celebration-of-the-youth-day-in-the-schools-of-bamendjou-tchoum-boum-ndang-latsit-center-toba-ntoumi\/","url":"https:\/\/www.itakaescolapios.org\/pt\/2022\/02\/english-celebration-of-the-youth-day-in-the-schools-of-bamendjou-tchoum-boum-ndang-latsit-center-toba-ntoumi\/","name":"- Itaka-Escolapios","isPartOf":{"@id":"https:\/\/www.itakaescolapios.org\/es\/#website"},"primaryImageOfPage":{"@id":"https:\/\/www.itakaescolapios.org\/pt\/2022\/02\/english-celebration-of-the-youth-day-in-the-schools-of-bamendjou-tchoum-boum-ndang-latsit-center-toba-ntoumi\/#primaryimage"},"image":{"@id":"https:\/\/www.itakaescolapios.org\/pt\/2022\/02\/english-celebration-of-the-youth-day-in-the-schools-of-bamendjou-tchoum-boum-ndang-latsit-center-toba-ntoumi\/#primaryimage"},"thumbnailUrl":"https:\/\/www.itakaescolapios.org\/wp-content\/uploads\/2022\/02\/foto-web.jpg","datePublished":"2022-02-14T15:10:08+00:00","dateModified":"2023-11-28T11:35:51+00:00","inLanguage":"pt-BR","potentialAction":[{"@type":"ReadAction","target":["https:\/\/www.itakaescolapios.org\/pt\/2022\/02\/english-celebration-of-the-youth-day-in-the-schools-of-bamendjou-tchoum-boum-ndang-latsit-center-toba-ntoumi\/"]}]},{"@type":"ImageObject","inLanguage":"pt-BR","@id":"https:\/\/www.itakaescolapios.org\/pt\/2022\/02\/english-celebration-of-the-youth-day-in-the-schools-of-bamendjou-tchoum-boum-ndang-latsit-center-toba-ntoumi\/#primaryimage","url":"https:\/\/www.itakaescolapios.org\/wp-content\/uploads\/2022\/02\/foto-web.jpg","contentUrl":"https:\/\/www.itakaescolapios.org\/wp-content\/uploads\/2022\/02\/foto-web.jpg","width":647,"height":318},{"@type":"WebSite","@id":"https:\/\/www.itakaescolapios.org\/pt\/es\/#website","url":"https:\/\/www.itakaescolapios.org\/pt\/es\/","name":"Itaka-Escolapios","description":"Red de Itaka-Escolapios","publisher":{"@id":"https:\/\/www.itakaescolapios.org\/pt\/es\/#organization"},"potentialAction":[{"@type":"SearchAction","target":{"@type":"EntryPoint","urlTemplate":"https:\/\/www.itakaescolapios.org\/pt\/es\/?s={search_term_string}"},"query-input":{"@type":"PropertyValueSpecification","valueRequired":true,"valueName":"search_term_string"}}],"inLanguage":"pt-BR"},{"@type":"Organization","@id":"https:\/\/www.itakaescolapios.org\/pt\/es\/#organization","name":"Fundaci\u00f3 Itaka-Escolapios","url":"https:\/\/www.itakaescolapios.org\/pt\/es\/","logo":{"@type":"ImageObject","inLanguage":"pt-BR","@id":"https:\/\/www.itakaescolapios.org\/pt\/es\/#\/schema\/logo\/image\/","url":"https:\/\/www.itakaescolapios.org\/wp-content\/uploads\/2024\/04\/Logo-itakaescolapios-peque.png","contentUrl":"https:\/\/www.itakaescolapios.org\/wp-content\/uploads\/2024\/04\/Logo-itakaescolapios-peque.png","width":500,"height":199,"caption":"Fundaci\u00f3 Itaka-Escolapios"},"image":{"@id":"https:\/\/www.itakaescolapios.org\/pt\/es\/#\/schema\/logo\/image\/"}},{"@type":"Person","@id":"https:\/\/www.itakaescolapios.org\/es\/#\/schema\/person\/d2844383e29bfdfef69039672ce14eb1","name":"cameroun01","url":"https:\/\/www.itakaescolapios.org\/pt\/author\/cameroun01\/"}]}},"_links":{"self":[{"href":"https:\/\/www.itakaescolapios.org\/pt\/wp-json\/wp\/v2\/posts\/36076","targetHints":{"allow":["GET"]}}],"collection":[{"href":"https:\/\/www.itakaescolapios.org\/pt\/wp-json\/wp\/v2\/posts"}],"about":[{"href":"https:\/\/www.itakaescolapios.org\/pt\/wp-json\/wp\/v2\/types\/post"}],"author":[{"embeddable":true,"href":"https:\/\/www.itakaescolapios.org\/pt\/wp-json\/wp\/v2\/users\/15"}],"replies":[{"embeddable":true,"href":"https:\/\/www.itakaescolapios.org\/pt\/wp-json\/wp\/v2\/comments?post=36076"}],"version-history":[{"count":2,"href":"https:\/\/www.itakaescolapios.org\/pt\/wp-json\/wp\/v2\/posts\/36076\/revisions"}],"predecessor-version":[{"id":44054,"href":"https:\/\/www.itakaescolapios.org\/pt\/wp-json\/wp\/v2\/posts\/36076\/revisions\/44054"}],"wp:featuredmedia":[{"embeddable":true,"href":"https:\/\/www.itakaescolapios.org\/pt\/wp-json\/wp\/v2\/media\/36110"}],"wp:attachment":[{"href":"https:\/\/www.itakaescolapios.org\/pt\/wp-json\/wp\/v2\/media?parent=36076"}],"wp:term":[{"taxonomy":"category","embeddable":true,"href":"https:\/\/www.itakaescolapios.org\/pt\/wp-json\/wp\/v2\/categories?post=36076"},{"taxonomy":"post_tag","embeddable":true,"href":"https:\/\/www.itakaescolapios.org\/pt\/wp-json\/wp\/v2\/tags?post=36076"}],"curies":[{"name":"wp","href":"https:\/\/api.w.org\/{rel}","templated":true}]}}