{"id":3641,"date":"2012-10-09T18:33:15","date_gmt":"2012-10-09T17:33:15","guid":{"rendered":"https:\/\/www.itakaescolapios.org\/?p=3641"},"modified":"2023-11-28T12:39:37","modified_gmt":"2023-11-28T11:39:37","slug":"asambleas-de-itaka","status":"publish","type":"post","link":"https:\/\/www.itakaescolapios.org\/pt\/2012\/10\/asambleas-de-itaka\/","title":{"rendered":"Asambleas de Itaka"},"content":{"rendered":"<p>El s\u00e1bado, 6 de octubre, se celebraron en el sal\u00f3n de actos del colegio de Bilbao las asambleas de las sedes de Itaka &#8211; Escolapios de Bilbao y Vitoria por la ma\u00f1ana y, por la tarde, de la Fraternidad de Itaka.<\/p>\n<p>La ma\u00f1ana estuvo dedicada a un repaso de los distintos proyectos y novedades desde la clave de &#8220;la educaci\u00f3n, nuestra manera de transformar el mundo&#8221;. Cada grupo y peque\u00f1a comunidad preparaba uno de los aspectos de forma din\u00e1mica y la asamblea fue la presentaci\u00f3n de todos estos trabajos.<\/p>\n<p>Tras la comida y sobremesa, comenz\u00f3 la asamblea de la Fraternidad presentando las novedades, las cuentas y el inicio de una &#8220;red epistolar de comunidades cristianas&#8221; sobre las que se trabaj\u00f3 primero en peque\u00f1os grupos y posteriormente se hizo la propuesta de ponerla en marcha.<\/p>\n<p>La Eucarist\u00eda con la acogida del nuevo grupo de Catecumenado y tambi\u00e9n de dos nuevos hermanos de la Fraternidad (Borka y Mikel) puso final a esta jornada.<\/p>\n","protected":false},"excerpt":{"rendered":"<p>El s\u00e1bado, 6 de octubre, se celebraron en el sal\u00f3n de actos del colegio de Bilbao las asambleas de las sedes de Itaka &#8211; Escolapios de Bilbao y Vitoria por [&hellip;]<\/p>\n","protected":false},"author":4,"featured_media":3642,"comment_status":"closed","ping_status":"closed","sticky":false,"template":"","format":"standard","meta":{"_et_pb_use_builder":"","_et_pb_old_content":"","_et_gb_content_width":"","footnotes":""},"categories":[9,13],"tags":[],"class_list":["post-3641","post","type-post","status-publish","format-standard","has-post-thumbnail","hentry","category-bilbao","category-vitoria"],"yoast_head":"<!-- This site is optimized with the Yoast SEO plugin v27.4 - https:\/\/yoast.com\/product\/yoast-seo-wordpress\/ -->\n<title>Asambleas de Itaka<\/title>\n<meta name=\"description\" content=\"El s\u00e1bado, 6 de octubre, se celebraron en el sal\u00f3n de actos del colegio de Bilbao las asambleas de las sedes de Itaka - Escolapios de Bilbao y Vitoria por la ma\u00f1ana y, por la tarde, de la Fraternidad de Itaka. La ma\u00f1ana estuvo dedicada a un repaso de los distintos proyectos y novedades desde&hellip;\" \/>\n<meta name=\"robots\" content=\"index, follow, max-snippet:-1, max-image-preview:large, max-video-preview:-1\" \/>\n<link rel=\"canonical\" href=\"http:\/\/El%20s\u00e1bado,%206%20de%20octubre,%20se%20celebraron%20en%20el%20sal\u00f3n%20de%20actos%20del%20colegio%20de%20Bilbao%20las%20asambleas%20de%20las%20sedes%20de%20Itaka%20-%20Escolapios%20de%20Bilbao%20y%20Vitoria%20por%20la%20ma\u00f1ana%20y,%20por%20la%20tarde,%20de%20la%20Fraternidad%20de%20Itaka.%20La%20ma\u00f1ana%20estuvo%20dedicada%20a%20un%20repaso%20de%20los%20distintos%20proyectos%20y%20novedades%20desde&hellip;\" \/>\n<meta property=\"og:locale\" content=\"pt_BR\" \/>\n<meta property=\"og:type\" content=\"article\" \/>\n<meta property=\"og:title\" content=\"Asambleas de Itaka\" \/>\n<meta property=\"og:description\" content=\"El s\u00e1bado, 6 de octubre, se celebraron en el sal\u00f3n de actos del colegio de Bilbao las asambleas de las sedes de Itaka - Escolapios de Bilbao y Vitoria por la ma\u00f1ana y, por la tarde, de la Fraternidad de Itaka. La ma\u00f1ana estuvo dedicada a un repaso de los distintos proyectos y novedades desde&hellip;\" \/>\n<meta property=\"og:url\" content=\"https:\/\/www.itakaescolapios.org\/pt\/2012\/10\/asambleas-de-itaka\/\" \/>\n<meta property=\"og:site_name\" content=\"Itaka-Escolapios\" \/>\n<meta property=\"article:published_time\" content=\"2012-10-09T17:33:15+00:00\" \/>\n<meta property=\"article:modified_time\" content=\"2023-11-28T11:39:37+00:00\" \/>\n<meta property=\"og:image\" content=\"https:\/\/www.itakaescolapios.org\/wp-content\/uploads\/2012\/10\/IMG_7491.jpg\" \/>\n\t<meta property=\"og:image:width\" content=\"1125\" \/>\n\t<meta property=\"og:image:height\" content=\"843\" \/>\n\t<meta property=\"og:image:type\" content=\"image\/jpeg\" \/>\n<meta name=\"author\" content=\"itaka\" \/>\n<meta name=\"twitter:card\" content=\"summary_large_image\" \/>\n<meta name=\"twitter:label1\" content=\"Escrito por\" \/>\n\t<meta name=\"twitter:data1\" content=\"itaka\" \/>\n\t<meta name=\"twitter:label2\" content=\"Est. tempo de leitura\" \/>\n\t<meta name=\"twitter:data2\" content=\"1 minuto\" \/>\n<script type=\"application\/ld+json\" class=\"yoast-schema-graph\">{\"@context\":\"https:\\\/\\\/schema.org\",\"@graph\":[{\"@type\":\"Article\",\"@id\":\"https:\\\/\\\/www.itakaescolapios.org\\\/pt\\\/2012\\\/10\\\/asambleas-de-itaka\\\/#article\",\"isPartOf\":{\"@id\":\"https:\\\/\\\/www.itakaescolapios.org\\\/pt\\\/2012\\\/10\\\/asambleas-de-itaka\\\/\"},\"author\":{\"name\":\"itaka\",\"@id\":\"https:\\\/\\\/www.itakaescolapios.org\\\/es\\\/#\\\/schema\\\/person\\\/670123daeb1cc31cae1b106740036ccb\"},\"headline\":\"Asambleas de Itaka\",\"datePublished\":\"2012-10-09T17:33:15+00:00\",\"dateModified\":\"2023-11-28T11:39:37+00:00\",\"mainEntityOfPage\":{\"@id\":\"https:\\\/\\\/www.itakaescolapios.org\\\/pt\\\/2012\\\/10\\\/asambleas-de-itaka\\\/\"},\"wordCount\":174,\"publisher\":{\"@id\":\"https:\\\/\\\/www.itakaescolapios.org\\\/es\\\/#organization\"},\"image\":{\"@id\":\"https:\\\/\\\/www.itakaescolapios.org\\\/pt\\\/2012\\\/10\\\/asambleas-de-itaka\\\/#primaryimage\"},\"thumbnailUrl\":\"https:\\\/\\\/www.itakaescolapios.org\\\/wp-content\\\/uploads\\\/2012\\\/10\\\/IMG_7491.jpg\",\"articleSection\":[\"Bilbao\",\"Vitoria-Gasteiz\"],\"inLanguage\":\"pt-BR\"},{\"@type\":\"WebPage\",\"@id\":\"https:\\\/\\\/www.itakaescolapios.org\\\/pt\\\/2012\\\/10\\\/asambleas-de-itaka\\\/\",\"url\":\"https:\\\/\\\/www.itakaescolapios.org\\\/pt\\\/2012\\\/10\\\/asambleas-de-itaka\\\/\",\"name\":\"Asambleas de Itaka - Itaka-Escolapios\",\"isPartOf\":{\"@id\":\"https:\\\/\\\/www.itakaescolapios.org\\\/es\\\/#website\"},\"primaryImageOfPage\":{\"@id\":\"https:\\\/\\\/www.itakaescolapios.org\\\/pt\\\/2012\\\/10\\\/asambleas-de-itaka\\\/#primaryimage\"},\"image\":{\"@id\":\"https:\\\/\\\/www.itakaescolapios.org\\\/pt\\\/2012\\\/10\\\/asambleas-de-itaka\\\/#primaryimage\"},\"thumbnailUrl\":\"https:\\\/\\\/www.itakaescolapios.org\\\/wp-content\\\/uploads\\\/2012\\\/10\\\/IMG_7491.jpg\",\"datePublished\":\"2012-10-09T17:33:15+00:00\",\"dateModified\":\"2023-11-28T11:39:37+00:00\",\"breadcrumb\":{\"@id\":\"https:\\\/\\\/www.itakaescolapios.org\\\/pt\\\/2012\\\/10\\\/asambleas-de-itaka\\\/#breadcrumb\"},\"inLanguage\":\"pt-BR\",\"potentialAction\":[{\"@type\":\"ReadAction\",\"target\":[\"https:\\\/\\\/www.itakaescolapios.org\\\/pt\\\/2012\\\/10\\\/asambleas-de-itaka\\\/\"]}]},{\"@type\":\"ImageObject\",\"inLanguage\":\"pt-BR\",\"@id\":\"https:\\\/\\\/www.itakaescolapios.org\\\/pt\\\/2012\\\/10\\\/asambleas-de-itaka\\\/#primaryimage\",\"url\":\"https:\\\/\\\/www.itakaescolapios.org\\\/wp-content\\\/uploads\\\/2012\\\/10\\\/IMG_7491.jpg\",\"contentUrl\":\"https:\\\/\\\/www.itakaescolapios.org\\\/wp-content\\\/uploads\\\/2012\\\/10\\\/IMG_7491.jpg\",\"width\":\"1125\",\"height\":\"843\"},{\"@type\":\"BreadcrumbList\",\"@id\":\"https:\\\/\\\/www.itakaescolapios.org\\\/pt\\\/2012\\\/10\\\/asambleas-de-itaka\\\/#breadcrumb\",\"itemListElement\":[{\"@type\":\"ListItem\",\"position\":1,\"name\":\"Itaka-Escolapios\",\"item\":\"https:\\\/\\\/www.itakaescolapios.org\\\/es\\\/\"},{\"@type\":\"ListItem\",\"position\":2,\"name\":\"Asambleas de Itaka\"}]},{\"@type\":\"WebSite\",\"@id\":\"https:\\\/\\\/www.itakaescolapios.org\\\/pt\\\/es\\\/#website\",\"url\":\"https:\\\/\\\/www.itakaescolapios.org\\\/pt\\\/es\\\/\",\"name\":\"Itaka-Escolapios\",\"description\":\"Red de Itaka-Escolapios\",\"publisher\":{\"@id\":\"https:\\\/\\\/www.itakaescolapios.org\\\/pt\\\/es\\\/#organization\"},\"potentialAction\":[{\"@type\":\"SearchAction\",\"target\":{\"@type\":\"EntryPoint\",\"urlTemplate\":\"https:\\\/\\\/www.itakaescolapios.org\\\/pt\\\/es\\\/?s={search_term_string}\"},\"query-input\":{\"@type\":\"PropertyValueSpecification\",\"valueRequired\":true,\"valueName\":\"search_term_string\"}}],\"inLanguage\":\"pt-BR\"},{\"@type\":\"Organization\",\"@id\":\"https:\\\/\\\/www.itakaescolapios.org\\\/pt\\\/es\\\/#organization\",\"name\":\"Fundaci\u00f3 Itaka-Escolapios\",\"url\":\"https:\\\/\\\/www.itakaescolapios.org\\\/pt\\\/es\\\/\",\"logo\":{\"@type\":\"ImageObject\",\"inLanguage\":\"pt-BR\",\"@id\":\"https:\\\/\\\/www.itakaescolapios.org\\\/pt\\\/es\\\/#\\\/schema\\\/logo\\\/image\\\/\",\"url\":\"https:\\\/\\\/www.itakaescolapios.org\\\/wp-content\\\/uploads\\\/2024\\\/04\\\/Logo-itakaescolapios-peque.png\",\"contentUrl\":\"https:\\\/\\\/www.itakaescolapios.org\\\/wp-content\\\/uploads\\\/2024\\\/04\\\/Logo-itakaescolapios-peque.png\",\"width\":500,\"height\":199,\"caption\":\"Fundaci\u00f3 Itaka-Escolapios\"},\"image\":{\"@id\":\"https:\\\/\\\/www.itakaescolapios.org\\\/pt\\\/es\\\/#\\\/schema\\\/logo\\\/image\\\/\"}},{\"@type\":\"Person\",\"@id\":\"https:\\\/\\\/www.itakaescolapios.org\\\/es\\\/#\\\/schema\\\/person\\\/670123daeb1cc31cae1b106740036ccb\",\"name\":\"itaka\",\"url\":\"https:\\\/\\\/www.itakaescolapios.org\\\/pt\\\/author\\\/itaka\\\/\"}]}<\/script>\n<!-- \/ Yoast SEO plugin. -->","yoast_head_json":{"title":"Asambleas de Itaka","description":"El s\u00e1bado, 6 de octubre, se celebraron en el sal\u00f3n de actos del colegio de Bilbao las asambleas de las sedes de Itaka - Escolapios de Bilbao y Vitoria por la ma\u00f1ana y, por la tarde, de la Fraternidad de Itaka. La ma\u00f1ana estuvo dedicada a un repaso de los distintos proyectos y novedades desde&hellip;","robots":{"index":"index","follow":"follow","max-snippet":"max-snippet:-1","max-image-preview":"max-image-preview:large","max-video-preview":"max-video-preview:-1"},"canonical":"El s\u00e1bado, 6 de octubre, se celebraron en el sal\u00f3n de actos del colegio de Bilbao las asambleas de las sedes de Itaka - Escolapios de Bilbao y Vitoria por la ma\u00f1ana y, por la tarde, de la Fraternidad de Itaka. La ma\u00f1ana estuvo dedicada a un repaso de los distintos proyectos y novedades desde&hellip;","og_locale":"pt_BR","og_type":"article","og_title":"Asambleas de Itaka","og_description":"El s\u00e1bado, 6 de octubre, se celebraron en el sal\u00f3n de actos del colegio de Bilbao las asambleas de las sedes de Itaka - Escolapios de Bilbao y Vitoria por la ma\u00f1ana y, por la tarde, de la Fraternidad de Itaka. La ma\u00f1ana estuvo dedicada a un repaso de los distintos proyectos y novedades desde&hellip;","og_url":"https:\/\/www.itakaescolapios.org\/pt\/2012\/10\/asambleas-de-itaka\/","og_site_name":"Itaka-Escolapios","article_published_time":"2012-10-09T17:33:15+00:00","article_modified_time":"2023-11-28T11:39:37+00:00","og_image":[{"width":1125,"height":843,"url":"https:\/\/www.itakaescolapios.org\/wp-content\/uploads\/2012\/10\/IMG_7491.jpg","type":"image\/jpeg"}],"author":"itaka","twitter_card":"summary_large_image","twitter_misc":{"Escrito por":"itaka","Est. tempo de leitura":"1 minuto"},"schema":{"@context":"https:\/\/schema.org","@graph":[{"@type":"Article","@id":"https:\/\/www.itakaescolapios.org\/pt\/2012\/10\/asambleas-de-itaka\/#article","isPartOf":{"@id":"https:\/\/www.itakaescolapios.org\/pt\/2012\/10\/asambleas-de-itaka\/"},"author":{"name":"itaka","@id":"https:\/\/www.itakaescolapios.org\/es\/#\/schema\/person\/670123daeb1cc31cae1b106740036ccb"},"headline":"Asambleas de Itaka","datePublished":"2012-10-09T17:33:15+00:00","dateModified":"2023-11-28T11:39:37+00:00","mainEntityOfPage":{"@id":"https:\/\/www.itakaescolapios.org\/pt\/2012\/10\/asambleas-de-itaka\/"},"wordCount":174,"publisher":{"@id":"https:\/\/www.itakaescolapios.org\/es\/#organization"},"image":{"@id":"https:\/\/www.itakaescolapios.org\/pt\/2012\/10\/asambleas-de-itaka\/#primaryimage"},"thumbnailUrl":"https:\/\/www.itakaescolapios.org\/wp-content\/uploads\/2012\/10\/IMG_7491.jpg","articleSection":["Bilbao","Vitoria-Gasteiz"],"inLanguage":"pt-BR"},{"@type":"WebPage","@id":"https:\/\/www.itakaescolapios.org\/pt\/2012\/10\/asambleas-de-itaka\/","url":"https:\/\/www.itakaescolapios.org\/pt\/2012\/10\/asambleas-de-itaka\/","name":"Asambleas de Itaka - Itaka-Escolapios","isPartOf":{"@id":"https:\/\/www.itakaescolapios.org\/es\/#website"},"primaryImageOfPage":{"@id":"https:\/\/www.itakaescolapios.org\/pt\/2012\/10\/asambleas-de-itaka\/#primaryimage"},"image":{"@id":"https:\/\/www.itakaescolapios.org\/pt\/2012\/10\/asambleas-de-itaka\/#primaryimage"},"thumbnailUrl":"https:\/\/www.itakaescolapios.org\/wp-content\/uploads\/2012\/10\/IMG_7491.jpg","datePublished":"2012-10-09T17:33:15+00:00","dateModified":"2023-11-28T11:39:37+00:00","breadcrumb":{"@id":"https:\/\/www.itakaescolapios.org\/pt\/2012\/10\/asambleas-de-itaka\/#breadcrumb"},"inLanguage":"pt-BR","potentialAction":[{"@type":"ReadAction","target":["https:\/\/www.itakaescolapios.org\/pt\/2012\/10\/asambleas-de-itaka\/"]}]},{"@type":"ImageObject","inLanguage":"pt-BR","@id":"https:\/\/www.itakaescolapios.org\/pt\/2012\/10\/asambleas-de-itaka\/#primaryimage","url":"https:\/\/www.itakaescolapios.org\/wp-content\/uploads\/2012\/10\/IMG_7491.jpg","contentUrl":"https:\/\/www.itakaescolapios.org\/wp-content\/uploads\/2012\/10\/IMG_7491.jpg","width":"1125","height":"843"},{"@type":"BreadcrumbList","@id":"https:\/\/www.itakaescolapios.org\/pt\/2012\/10\/asambleas-de-itaka\/#breadcrumb","itemListElement":[{"@type":"ListItem","position":1,"name":"Itaka-Escolapios","item":"https:\/\/www.itakaescolapios.org\/es\/"},{"@type":"ListItem","position":2,"name":"Asambleas de Itaka"}]},{"@type":"WebSite","@id":"https:\/\/www.itakaescolapios.org\/pt\/es\/#website","url":"https:\/\/www.itakaescolapios.org\/pt\/es\/","name":"Itaka-Escolapios","description":"Red de Itaka-Escolapios","publisher":{"@id":"https:\/\/www.itakaescolapios.org\/pt\/es\/#organization"},"potentialAction":[{"@type":"SearchAction","target":{"@type":"EntryPoint","urlTemplate":"https:\/\/www.itakaescolapios.org\/pt\/es\/?s={search_term_string}"},"query-input":{"@type":"PropertyValueSpecification","valueRequired":true,"valueName":"search_term_string"}}],"inLanguage":"pt-BR"},{"@type":"Organization","@id":"https:\/\/www.itakaescolapios.org\/pt\/es\/#organization","name":"Fundaci\u00f3 Itaka-Escolapios","url":"https:\/\/www.itakaescolapios.org\/pt\/es\/","logo":{"@type":"ImageObject","inLanguage":"pt-BR","@id":"https:\/\/www.itakaescolapios.org\/pt\/es\/#\/schema\/logo\/image\/","url":"https:\/\/www.itakaescolapios.org\/wp-content\/uploads\/2024\/04\/Logo-itakaescolapios-peque.png","contentUrl":"https:\/\/www.itakaescolapios.org\/wp-content\/uploads\/2024\/04\/Logo-itakaescolapios-peque.png","width":500,"height":199,"caption":"Fundaci\u00f3 Itaka-Escolapios"},"image":{"@id":"https:\/\/www.itakaescolapios.org\/pt\/es\/#\/schema\/logo\/image\/"}},{"@type":"Person","@id":"https:\/\/www.itakaescolapios.org\/es\/#\/schema\/person\/670123daeb1cc31cae1b106740036ccb","name":"itaka","url":"https:\/\/www.itakaescolapios.org\/pt\/author\/itaka\/"}]}},"_links":{"self":[{"href":"https:\/\/www.itakaescolapios.org\/pt\/wp-json\/wp\/v2\/posts\/3641","targetHints":{"allow":["GET"]}}],"collection":[{"href":"https:\/\/www.itakaescolapios.org\/pt\/wp-json\/wp\/v2\/posts"}],"about":[{"href":"https:\/\/www.itakaescolapios.org\/pt\/wp-json\/wp\/v2\/types\/post"}],"author":[{"embeddable":true,"href":"https:\/\/www.itakaescolapios.org\/pt\/wp-json\/wp\/v2\/users\/4"}],"replies":[{"embeddable":true,"href":"https:\/\/www.itakaescolapios.org\/pt\/wp-json\/wp\/v2\/comments?post=3641"}],"version-history":[{"count":5,"href":"https:\/\/www.itakaescolapios.org\/pt\/wp-json\/wp\/v2\/posts\/3641\/revisions"}],"predecessor-version":[{"id":49976,"href":"https:\/\/www.itakaescolapios.org\/pt\/wp-json\/wp\/v2\/posts\/3641\/revisions\/49976"}],"wp:featuredmedia":[{"embeddable":true,"href":"https:\/\/www.itakaescolapios.org\/pt\/wp-json\/wp\/v2\/media\/3642"}],"wp:attachment":[{"href":"https:\/\/www.itakaescolapios.org\/pt\/wp-json\/wp\/v2\/media?parent=3641"}],"wp:term":[{"taxonomy":"category","embeddable":true,"href":"https:\/\/www.itakaescolapios.org\/pt\/wp-json\/wp\/v2\/categories?post=3641"},{"taxonomy":"post_tag","embeddable":true,"href":"https:\/\/www.itakaescolapios.org\/pt\/wp-json\/wp\/v2\/tags?post=3641"}],"curies":[{"name":"wp","href":"https:\/\/api.w.org\/{rel}","templated":true}]}}