{"id":36637,"date":"2022-05-01T10:09:16","date_gmt":"2022-05-01T09:09:16","guid":{"rendered":"https:\/\/www.itakaescolapios.org\/?p=36637"},"modified":"2023-11-28T12:35:47","modified_gmt":"2023-11-28T11:35:47","slug":"francais-reunion-de-lequipe-operationnelle-ditaka-escolapios-province-dafrique-centrale-a-lecole-bilingue-saint-joseph-calasanz-dabobo-yaounde-cameroun","status":"publish","type":"post","link":"https:\/\/www.itakaescolapios.org\/pt\/2022\/05\/francais-reunion-de-lequipe-operationnelle-ditaka-escolapios-province-dafrique-centrale-a-lecole-bilingue-saint-joseph-calasanz-dabobo-yaounde-cameroun\/","title":{"rendered":""},"content":{"rendered":"<p>[:fr]Joseph Calasanz d&#8217;abobo (yaound\u00e9 Cameroun ) en vue de faire une evaluation des objectifs fix\u00e9s au d\u00e9but et pendant l&#8217;ann\u00e9e. Nous pouvons noter ici que la pastorale se d\u00e9roule bien et\u00a0 les cours \u00e9galement se font dans de bonnes conditions. Le d\u00e9part en vacances est pr\u00e9vu pour le mois de juin 2022 pour les plus petits de la maternelle ainsi que ceux du primaire.<\/p>\n<blockquote><p><img decoding=\"async\" class=\"size-full wp-image-36638 aligncenter\" src=\"https:\/\/www.itakaescolapios.org\/wp-content\/uploads\/2022\/05\/20220429_113944-scaled.jpg\" alt=\"\" width=\"2560\" height=\"1920\" srcset=\"https:\/\/www.itakaescolapios.org\/wp-content\/uploads\/2022\/05\/20220429_113944-scaled.jpg 2000w, https:\/\/www.itakaescolapios.org\/wp-content\/uploads\/2022\/05\/20220429_113944-300x225.jpg 300w, https:\/\/www.itakaescolapios.org\/wp-content\/uploads\/2022\/05\/20220429_113944-1024x768.jpg 1024w, https:\/\/www.itakaescolapios.org\/wp-content\/uploads\/2022\/05\/20220429_113944-768x576.jpg 768w, https:\/\/www.itakaescolapios.org\/wp-content\/uploads\/2022\/05\/20220429_113944-1536x1152.jpg 1536w, https:\/\/www.itakaescolapios.org\/wp-content\/uploads\/2022\/05\/20220429_113944-2048x1536.jpg 2048w, https:\/\/www.itakaescolapios.org\/wp-content\/uploads\/2022\/05\/20220429_113944-250x188.jpg 250w, https:\/\/www.itakaescolapios.org\/wp-content\/uploads\/2022\/05\/20220429_113944-510x382.jpg 510w, https:\/\/www.itakaescolapios.org\/wp-content\/uploads\/2022\/05\/20220429_113944-1080x810.jpg 1080w\" sizes=\"(max-width: 2560px) 100vw, 2560px\" \/><\/p><\/blockquote>\n<p>[:]<\/p>\n","protected":false},"excerpt":{"rendered":"<p>[:fr]Joseph Calasanz d&#8217;abobo (yaound\u00e9 Cameroun ) en vue de faire une evaluation des objectifs fix\u00e9s au d\u00e9but et pendant l&#8217;ann\u00e9e. Nous pouvons noter ici que la pastorale se d\u00e9roule bien [&hellip;]<\/p>\n","protected":false},"author":15,"featured_media":36639,"comment_status":"closed","ping_status":"closed","sticky":false,"template":"","format":"standard","meta":{"_et_pb_use_builder":"","_et_pb_old_content":"","_et_gb_content_width":"","footnotes":""},"categories":[53,10],"tags":[],"class_list":["post-36637","post","type-post","status-publish","format-standard","has-post-thumbnail","hentry","category-africa-central","category-camerun"],"yoast_head":"<!-- This site is optimized with the Yoast SEO plugin v27.4 - https:\/\/yoast.com\/product\/yoast-seo-wordpress\/ -->\n<title>- Itaka-Escolapios<\/title>\n<meta name=\"description\" content=\"[:fr]Joseph Calasanz d&#039;abobo (yaound\u00e9 Cameroun ) en vue de faire une evaluation des objectifs fix\u00e9s au d\u00e9but et pendant l&#039;ann\u00e9e. Nous pouvons noter ici que la pastorale se d\u00e9roule bien et\u00a0 les cours \u00e9galement se font dans de bonnes conditions. Le d\u00e9part en vacances est pr\u00e9vu pour le mois de juin 2022 pour les plus&hellip;\" \/>\n<meta name=\"robots\" content=\"index, follow, max-snippet:-1, max-image-preview:large, max-video-preview:-1\" \/>\n<link rel=\"canonical\" href=\"\" \/>\n<meta property=\"og:locale\" content=\"pt_BR\" \/>\n<meta property=\"og:type\" content=\"article\" \/>\n<meta property=\"og:title\" content=\"- Itaka-Escolapios\" \/>\n<meta property=\"og:description\" content=\"[:fr]Joseph Calasanz d&#039;abobo (yaound\u00e9 Cameroun ) en vue de faire une evaluation des objectifs fix\u00e9s au d\u00e9but et pendant l&#039;ann\u00e9e. Nous pouvons noter ici que la pastorale se d\u00e9roule bien et\u00a0 les cours \u00e9galement se font dans de bonnes conditions. Le d\u00e9part en vacances est pr\u00e9vu pour le mois de juin 2022 pour les plus&hellip;\" \/>\n<meta property=\"og:url\" content=\"https:\/\/www.itakaescolapios.org\/pt\/2022\/05\/francais-reunion-de-lequipe-operationnelle-ditaka-escolapios-province-dafrique-centrale-a-lecole-bilingue-saint-joseph-calasanz-dabobo-yaounde-cameroun\/\" \/>\n<meta property=\"og:site_name\" content=\"Itaka-Escolapios\" \/>\n<meta property=\"article:published_time\" content=\"2022-05-01T09:09:16+00:00\" \/>\n<meta property=\"article:modified_time\" content=\"2023-11-28T11:35:47+00:00\" \/>\n<meta property=\"og:image\" content=\"https:\/\/www.itakaescolapios.org\/wp-content\/uploads\/2022\/05\/20220429_113949-scaled.jpg\" \/>\n\t<meta property=\"og:image:width\" content=\"2000\" \/>\n\t<meta property=\"og:image:height\" content=\"1500\" \/>\n\t<meta property=\"og:image:type\" content=\"image\/jpeg\" \/>\n<meta name=\"author\" content=\"cameroun01\" \/>\n<meta name=\"twitter:card\" content=\"summary_large_image\" \/>\n<meta name=\"twitter:label1\" content=\"Escrito por\" \/>\n\t<meta name=\"twitter:data1\" content=\"cameroun01\" \/>\n<script type=\"application\/ld+json\" class=\"yoast-schema-graph\">{\"@context\":\"https:\\\/\\\/schema.org\",\"@graph\":[{\"@type\":\"Article\",\"@id\":\"https:\\\/\\\/www.itakaescolapios.org\\\/pt\\\/2022\\\/05\\\/francais-reunion-de-lequipe-operationnelle-ditaka-escolapios-province-dafrique-centrale-a-lecole-bilingue-saint-joseph-calasanz-dabobo-yaounde-cameroun\\\/#article\",\"isPartOf\":{\"@id\":\"https:\\\/\\\/www.itakaescolapios.org\\\/pt\\\/2022\\\/05\\\/francais-reunion-de-lequipe-operationnelle-ditaka-escolapios-province-dafrique-centrale-a-lecole-bilingue-saint-joseph-calasanz-dabobo-yaounde-cameroun\\\/\"},\"author\":{\"name\":\"cameroun01\",\"@id\":\"https:\\\/\\\/www.itakaescolapios.org\\\/es\\\/#\\\/schema\\\/person\\\/d2844383e29bfdfef69039672ce14eb1\"},\"headline\":\"Sem t\u00edtulo\",\"datePublished\":\"2022-05-01T09:09:16+00:00\",\"dateModified\":\"2023-11-28T11:35:47+00:00\",\"mainEntityOfPage\":{\"@id\":\"https:\\\/\\\/www.itakaescolapios.org\\\/pt\\\/2022\\\/05\\\/francais-reunion-de-lequipe-operationnelle-ditaka-escolapios-province-dafrique-centrale-a-lecole-bilingue-saint-joseph-calasanz-dabobo-yaounde-cameroun\\\/\"},\"wordCount\":71,\"publisher\":{\"@id\":\"https:\\\/\\\/www.itakaescolapios.org\\\/es\\\/#organization\"},\"image\":{\"@id\":\"https:\\\/\\\/www.itakaescolapios.org\\\/pt\\\/2022\\\/05\\\/francais-reunion-de-lequipe-operationnelle-ditaka-escolapios-province-dafrique-centrale-a-lecole-bilingue-saint-joseph-calasanz-dabobo-yaounde-cameroun\\\/#primaryimage\"},\"thumbnailUrl\":\"https:\\\/\\\/www.itakaescolapios.org\\\/wp-content\\\/uploads\\\/2022\\\/05\\\/20220429_113949-scaled.jpg\",\"articleSection\":[\"\u00c1frica Central\",\"Camar\u00f5es\"],\"inLanguage\":\"pt-BR\"},{\"@type\":\"WebPage\",\"@id\":\"https:\\\/\\\/www.itakaescolapios.org\\\/pt\\\/2022\\\/05\\\/francais-reunion-de-lequipe-operationnelle-ditaka-escolapios-province-dafrique-centrale-a-lecole-bilingue-saint-joseph-calasanz-dabobo-yaounde-cameroun\\\/\",\"url\":\"https:\\\/\\\/www.itakaescolapios.org\\\/pt\\\/2022\\\/05\\\/francais-reunion-de-lequipe-operationnelle-ditaka-escolapios-province-dafrique-centrale-a-lecole-bilingue-saint-joseph-calasanz-dabobo-yaounde-cameroun\\\/\",\"name\":\"- Itaka-Escolapios\",\"isPartOf\":{\"@id\":\"https:\\\/\\\/www.itakaescolapios.org\\\/es\\\/#website\"},\"primaryImageOfPage\":{\"@id\":\"https:\\\/\\\/www.itakaescolapios.org\\\/pt\\\/2022\\\/05\\\/francais-reunion-de-lequipe-operationnelle-ditaka-escolapios-province-dafrique-centrale-a-lecole-bilingue-saint-joseph-calasanz-dabobo-yaounde-cameroun\\\/#primaryimage\"},\"image\":{\"@id\":\"https:\\\/\\\/www.itakaescolapios.org\\\/pt\\\/2022\\\/05\\\/francais-reunion-de-lequipe-operationnelle-ditaka-escolapios-province-dafrique-centrale-a-lecole-bilingue-saint-joseph-calasanz-dabobo-yaounde-cameroun\\\/#primaryimage\"},\"thumbnailUrl\":\"https:\\\/\\\/www.itakaescolapios.org\\\/wp-content\\\/uploads\\\/2022\\\/05\\\/20220429_113949-scaled.jpg\",\"datePublished\":\"2022-05-01T09:09:16+00:00\",\"dateModified\":\"2023-11-28T11:35:47+00:00\",\"inLanguage\":\"pt-BR\",\"potentialAction\":[{\"@type\":\"ReadAction\",\"target\":[\"https:\\\/\\\/www.itakaescolapios.org\\\/pt\\\/2022\\\/05\\\/francais-reunion-de-lequipe-operationnelle-ditaka-escolapios-province-dafrique-centrale-a-lecole-bilingue-saint-joseph-calasanz-dabobo-yaounde-cameroun\\\/\"]}]},{\"@type\":\"ImageObject\",\"inLanguage\":\"pt-BR\",\"@id\":\"https:\\\/\\\/www.itakaescolapios.org\\\/pt\\\/2022\\\/05\\\/francais-reunion-de-lequipe-operationnelle-ditaka-escolapios-province-dafrique-centrale-a-lecole-bilingue-saint-joseph-calasanz-dabobo-yaounde-cameroun\\\/#primaryimage\",\"url\":\"https:\\\/\\\/www.itakaescolapios.org\\\/wp-content\\\/uploads\\\/2022\\\/05\\\/20220429_113949-scaled.jpg\",\"contentUrl\":\"https:\\\/\\\/www.itakaescolapios.org\\\/wp-content\\\/uploads\\\/2022\\\/05\\\/20220429_113949-scaled.jpg\",\"width\":2000,\"height\":1500},{\"@type\":\"WebSite\",\"@id\":\"https:\\\/\\\/www.itakaescolapios.org\\\/pt\\\/es\\\/#website\",\"url\":\"https:\\\/\\\/www.itakaescolapios.org\\\/pt\\\/es\\\/\",\"name\":\"Itaka-Escolapios\",\"description\":\"Red de Itaka-Escolapios\",\"publisher\":{\"@id\":\"https:\\\/\\\/www.itakaescolapios.org\\\/pt\\\/es\\\/#organization\"},\"potentialAction\":[{\"@type\":\"SearchAction\",\"target\":{\"@type\":\"EntryPoint\",\"urlTemplate\":\"https:\\\/\\\/www.itakaescolapios.org\\\/pt\\\/es\\\/?s={search_term_string}\"},\"query-input\":{\"@type\":\"PropertyValueSpecification\",\"valueRequired\":true,\"valueName\":\"search_term_string\"}}],\"inLanguage\":\"pt-BR\"},{\"@type\":\"Organization\",\"@id\":\"https:\\\/\\\/www.itakaescolapios.org\\\/pt\\\/es\\\/#organization\",\"name\":\"Fundaci\u00f3 Itaka-Escolapios\",\"url\":\"https:\\\/\\\/www.itakaescolapios.org\\\/pt\\\/es\\\/\",\"logo\":{\"@type\":\"ImageObject\",\"inLanguage\":\"pt-BR\",\"@id\":\"https:\\\/\\\/www.itakaescolapios.org\\\/pt\\\/es\\\/#\\\/schema\\\/logo\\\/image\\\/\",\"url\":\"https:\\\/\\\/www.itakaescolapios.org\\\/wp-content\\\/uploads\\\/2024\\\/04\\\/Logo-itakaescolapios-peque.png\",\"contentUrl\":\"https:\\\/\\\/www.itakaescolapios.org\\\/wp-content\\\/uploads\\\/2024\\\/04\\\/Logo-itakaescolapios-peque.png\",\"width\":500,\"height\":199,\"caption\":\"Fundaci\u00f3 Itaka-Escolapios\"},\"image\":{\"@id\":\"https:\\\/\\\/www.itakaescolapios.org\\\/pt\\\/es\\\/#\\\/schema\\\/logo\\\/image\\\/\"}},{\"@type\":\"Person\",\"@id\":\"https:\\\/\\\/www.itakaescolapios.org\\\/es\\\/#\\\/schema\\\/person\\\/d2844383e29bfdfef69039672ce14eb1\",\"name\":\"cameroun01\",\"url\":\"https:\\\/\\\/www.itakaescolapios.org\\\/pt\\\/author\\\/cameroun01\\\/\"}]}<\/script>\n<!-- \/ Yoast SEO plugin. -->","yoast_head_json":{"title":"- Itaka-Escolapios","description":"[:fr]Joseph Calasanz d'abobo (yaound\u00e9 Cameroun ) en vue de faire une evaluation des objectifs fix\u00e9s au d\u00e9but et pendant l'ann\u00e9e. Nous pouvons noter ici que la pastorale se d\u00e9roule bien et\u00a0 les cours \u00e9galement se font dans de bonnes conditions. Le d\u00e9part en vacances est pr\u00e9vu pour le mois de juin 2022 pour les plus&hellip;","robots":{"index":"index","follow":"follow","max-snippet":"max-snippet:-1","max-image-preview":"max-image-preview:large","max-video-preview":"max-video-preview:-1"},"canonical":"[:fr]Joseph Calasanz d'abobo (yaound\u00e9 Cameroun ) en vue de faire une evaluation des objectifs fix\u00e9s au d\u00e9but et pendant l'ann\u00e9e. Nous pouvons noter ici que la pastorale se d\u00e9roule bien et\u00a0 les cours \u00e9galement se font dans de bonnes conditions. Le d\u00e9part en vacances est pr\u00e9vu pour le mois de juin 2022 pour les plus&hellip;","og_locale":"pt_BR","og_type":"article","og_title":"- Itaka-Escolapios","og_description":"[:fr]Joseph Calasanz d'abobo (yaound\u00e9 Cameroun ) en vue de faire une evaluation des objectifs fix\u00e9s au d\u00e9but et pendant l'ann\u00e9e. Nous pouvons noter ici que la pastorale se d\u00e9roule bien et\u00a0 les cours \u00e9galement se font dans de bonnes conditions. Le d\u00e9part en vacances est pr\u00e9vu pour le mois de juin 2022 pour les plus&hellip;","og_url":"https:\/\/www.itakaescolapios.org\/pt\/2022\/05\/francais-reunion-de-lequipe-operationnelle-ditaka-escolapios-province-dafrique-centrale-a-lecole-bilingue-saint-joseph-calasanz-dabobo-yaounde-cameroun\/","og_site_name":"Itaka-Escolapios","article_published_time":"2022-05-01T09:09:16+00:00","article_modified_time":"2023-11-28T11:35:47+00:00","og_image":[{"width":2000,"height":1500,"url":"https:\/\/www.itakaescolapios.org\/wp-content\/uploads\/2022\/05\/20220429_113949-scaled.jpg","type":"image\/jpeg"}],"author":"cameroun01","twitter_card":"summary_large_image","twitter_misc":{"Escrito por":"cameroun01"},"schema":{"@context":"https:\/\/schema.org","@graph":[{"@type":"Article","@id":"https:\/\/www.itakaescolapios.org\/pt\/2022\/05\/francais-reunion-de-lequipe-operationnelle-ditaka-escolapios-province-dafrique-centrale-a-lecole-bilingue-saint-joseph-calasanz-dabobo-yaounde-cameroun\/#article","isPartOf":{"@id":"https:\/\/www.itakaescolapios.org\/pt\/2022\/05\/francais-reunion-de-lequipe-operationnelle-ditaka-escolapios-province-dafrique-centrale-a-lecole-bilingue-saint-joseph-calasanz-dabobo-yaounde-cameroun\/"},"author":{"name":"cameroun01","@id":"https:\/\/www.itakaescolapios.org\/es\/#\/schema\/person\/d2844383e29bfdfef69039672ce14eb1"},"headline":"Sem t\u00edtulo","datePublished":"2022-05-01T09:09:16+00:00","dateModified":"2023-11-28T11:35:47+00:00","mainEntityOfPage":{"@id":"https:\/\/www.itakaescolapios.org\/pt\/2022\/05\/francais-reunion-de-lequipe-operationnelle-ditaka-escolapios-province-dafrique-centrale-a-lecole-bilingue-saint-joseph-calasanz-dabobo-yaounde-cameroun\/"},"wordCount":71,"publisher":{"@id":"https:\/\/www.itakaescolapios.org\/es\/#organization"},"image":{"@id":"https:\/\/www.itakaescolapios.org\/pt\/2022\/05\/francais-reunion-de-lequipe-operationnelle-ditaka-escolapios-province-dafrique-centrale-a-lecole-bilingue-saint-joseph-calasanz-dabobo-yaounde-cameroun\/#primaryimage"},"thumbnailUrl":"https:\/\/www.itakaescolapios.org\/wp-content\/uploads\/2022\/05\/20220429_113949-scaled.jpg","articleSection":["\u00c1frica Central","Camar\u00f5es"],"inLanguage":"pt-BR"},{"@type":"WebPage","@id":"https:\/\/www.itakaescolapios.org\/pt\/2022\/05\/francais-reunion-de-lequipe-operationnelle-ditaka-escolapios-province-dafrique-centrale-a-lecole-bilingue-saint-joseph-calasanz-dabobo-yaounde-cameroun\/","url":"https:\/\/www.itakaescolapios.org\/pt\/2022\/05\/francais-reunion-de-lequipe-operationnelle-ditaka-escolapios-province-dafrique-centrale-a-lecole-bilingue-saint-joseph-calasanz-dabobo-yaounde-cameroun\/","name":"- Itaka-Escolapios","isPartOf":{"@id":"https:\/\/www.itakaescolapios.org\/es\/#website"},"primaryImageOfPage":{"@id":"https:\/\/www.itakaescolapios.org\/pt\/2022\/05\/francais-reunion-de-lequipe-operationnelle-ditaka-escolapios-province-dafrique-centrale-a-lecole-bilingue-saint-joseph-calasanz-dabobo-yaounde-cameroun\/#primaryimage"},"image":{"@id":"https:\/\/www.itakaescolapios.org\/pt\/2022\/05\/francais-reunion-de-lequipe-operationnelle-ditaka-escolapios-province-dafrique-centrale-a-lecole-bilingue-saint-joseph-calasanz-dabobo-yaounde-cameroun\/#primaryimage"},"thumbnailUrl":"https:\/\/www.itakaescolapios.org\/wp-content\/uploads\/2022\/05\/20220429_113949-scaled.jpg","datePublished":"2022-05-01T09:09:16+00:00","dateModified":"2023-11-28T11:35:47+00:00","inLanguage":"pt-BR","potentialAction":[{"@type":"ReadAction","target":["https:\/\/www.itakaescolapios.org\/pt\/2022\/05\/francais-reunion-de-lequipe-operationnelle-ditaka-escolapios-province-dafrique-centrale-a-lecole-bilingue-saint-joseph-calasanz-dabobo-yaounde-cameroun\/"]}]},{"@type":"ImageObject","inLanguage":"pt-BR","@id":"https:\/\/www.itakaescolapios.org\/pt\/2022\/05\/francais-reunion-de-lequipe-operationnelle-ditaka-escolapios-province-dafrique-centrale-a-lecole-bilingue-saint-joseph-calasanz-dabobo-yaounde-cameroun\/#primaryimage","url":"https:\/\/www.itakaescolapios.org\/wp-content\/uploads\/2022\/05\/20220429_113949-scaled.jpg","contentUrl":"https:\/\/www.itakaescolapios.org\/wp-content\/uploads\/2022\/05\/20220429_113949-scaled.jpg","width":2000,"height":1500},{"@type":"WebSite","@id":"https:\/\/www.itakaescolapios.org\/pt\/es\/#website","url":"https:\/\/www.itakaescolapios.org\/pt\/es\/","name":"Itaka-Escolapios","description":"Red de Itaka-Escolapios","publisher":{"@id":"https:\/\/www.itakaescolapios.org\/pt\/es\/#organization"},"potentialAction":[{"@type":"SearchAction","target":{"@type":"EntryPoint","urlTemplate":"https:\/\/www.itakaescolapios.org\/pt\/es\/?s={search_term_string}"},"query-input":{"@type":"PropertyValueSpecification","valueRequired":true,"valueName":"search_term_string"}}],"inLanguage":"pt-BR"},{"@type":"Organization","@id":"https:\/\/www.itakaescolapios.org\/pt\/es\/#organization","name":"Fundaci\u00f3 Itaka-Escolapios","url":"https:\/\/www.itakaescolapios.org\/pt\/es\/","logo":{"@type":"ImageObject","inLanguage":"pt-BR","@id":"https:\/\/www.itakaescolapios.org\/pt\/es\/#\/schema\/logo\/image\/","url":"https:\/\/www.itakaescolapios.org\/wp-content\/uploads\/2024\/04\/Logo-itakaescolapios-peque.png","contentUrl":"https:\/\/www.itakaescolapios.org\/wp-content\/uploads\/2024\/04\/Logo-itakaescolapios-peque.png","width":500,"height":199,"caption":"Fundaci\u00f3 Itaka-Escolapios"},"image":{"@id":"https:\/\/www.itakaescolapios.org\/pt\/es\/#\/schema\/logo\/image\/"}},{"@type":"Person","@id":"https:\/\/www.itakaescolapios.org\/es\/#\/schema\/person\/d2844383e29bfdfef69039672ce14eb1","name":"cameroun01","url":"https:\/\/www.itakaescolapios.org\/pt\/author\/cameroun01\/"}]}},"_links":{"self":[{"href":"https:\/\/www.itakaescolapios.org\/pt\/wp-json\/wp\/v2\/posts\/36637","targetHints":{"allow":["GET"]}}],"collection":[{"href":"https:\/\/www.itakaescolapios.org\/pt\/wp-json\/wp\/v2\/posts"}],"about":[{"href":"https:\/\/www.itakaescolapios.org\/pt\/wp-json\/wp\/v2\/types\/post"}],"author":[{"embeddable":true,"href":"https:\/\/www.itakaescolapios.org\/pt\/wp-json\/wp\/v2\/users\/15"}],"replies":[{"embeddable":true,"href":"https:\/\/www.itakaescolapios.org\/pt\/wp-json\/wp\/v2\/comments?post=36637"}],"version-history":[{"count":2,"href":"https:\/\/www.itakaescolapios.org\/pt\/wp-json\/wp\/v2\/posts\/36637\/revisions"}],"predecessor-version":[{"id":43957,"href":"https:\/\/www.itakaescolapios.org\/pt\/wp-json\/wp\/v2\/posts\/36637\/revisions\/43957"}],"wp:featuredmedia":[{"embeddable":true,"href":"https:\/\/www.itakaescolapios.org\/pt\/wp-json\/wp\/v2\/media\/36639"}],"wp:attachment":[{"href":"https:\/\/www.itakaescolapios.org\/pt\/wp-json\/wp\/v2\/media?parent=36637"}],"wp:term":[{"taxonomy":"category","embeddable":true,"href":"https:\/\/www.itakaescolapios.org\/pt\/wp-json\/wp\/v2\/categories?post=36637"},{"taxonomy":"post_tag","embeddable":true,"href":"https:\/\/www.itakaescolapios.org\/pt\/wp-json\/wp\/v2\/tags?post=36637"}],"curies":[{"name":"wp","href":"https:\/\/api.w.org\/{rel}","templated":true}]}}