{"id":36722,"date":"2022-05-08T22:22:35","date_gmt":"2022-05-08T21:22:35","guid":{"rendered":"https:\/\/www.itakaescolapios.org\/?p=36722"},"modified":"2023-11-28T12:35:46","modified_gmt":"2023-11-28T11:35:46","slug":"francais-ceremonie-de-la-pose-de-la-premiere-pierre-du-complexe-scolaire-bilingue-saint-joseph-calasanz-de-messamendongo-yaounde","status":"publish","type":"post","link":"https:\/\/www.itakaescolapios.org\/pt\/2022\/05\/francais-ceremonie-de-la-pose-de-la-premiere-pierre-du-complexe-scolaire-bilingue-saint-joseph-calasanz-de-messamendongo-yaounde\/","title":{"rendered":""},"content":{"rendered":"<p>[:en]Today, sunday 8th may 2022 took place in yaound\u00e9 in Cameroon, the ceremony of the laying of the first stone of the bilingual school complex Saint Joseph Calasanz of Messamendongo Yaound\u00e9. On occasion the prestigious complex has graced us with the following activities:<\/p>\n<p>Solemn Eucharistic celebration presided by the vicar general of yaounde archdiocese and concelebrated by the provincial superior among other priests.<\/p>\n<p>R\u00e9ception of the sacrements of baptism, confirmation and first communion.<\/p>\n<p>Blessig of the foundation stone by vicar general on behalf of the archbishop of yaounde archdiocese<\/p>\n<p>Intertainmenr and reception<\/p>\n<div style=\"width: 1080px;\" class=\"wp-video\"><video class=\"wp-video-shortcode\" id=\"video-36722-1\" width=\"1080\" height=\"608\" preload=\"metadata\" controls=\"controls\"><source type=\"video\/mp4\" src=\"https:\/\/www.itakaescolapios.org\/wp-content\/uploads\/2022\/05\/20220508_100541.mp4?_=1\" \/><a href=\"https:\/\/www.itakaescolapios.org\/wp-content\/uploads\/2022\/05\/20220508_100541.mp4\">https:\/\/www.itakaescolapios.org\/wp-content\/uploads\/2022\/05\/20220508_100541.mp4<\/a><\/video><\/div>\n<p><img decoding=\"async\" class=\"size-full wp-image-36725 aligncenter\" src=\"https:\/\/www.itakaescolapios.org\/wp-content\/uploads\/2022\/05\/20220508_082741-scaled.jpg\" alt=\"\" width=\"2560\" height=\"1920\" srcset=\"https:\/\/www.itakaescolapios.org\/wp-content\/uploads\/2022\/05\/20220508_082741-scaled.jpg 2000w, https:\/\/www.itakaescolapios.org\/wp-content\/uploads\/2022\/05\/20220508_082741-300x225.jpg 300w, https:\/\/www.itakaescolapios.org\/wp-content\/uploads\/2022\/05\/20220508_082741-1024x768.jpg 1024w, https:\/\/www.itakaescolapios.org\/wp-content\/uploads\/2022\/05\/20220508_082741-768x576.jpg 768w, https:\/\/www.itakaescolapios.org\/wp-content\/uploads\/2022\/05\/20220508_082741-1536x1152.jpg 1536w, https:\/\/www.itakaescolapios.org\/wp-content\/uploads\/2022\/05\/20220508_082741-2048x1536.jpg 2048w, https:\/\/www.itakaescolapios.org\/wp-content\/uploads\/2022\/05\/20220508_082741-250x188.jpg 250w, https:\/\/www.itakaescolapios.org\/wp-content\/uploads\/2022\/05\/20220508_082741-510x382.jpg 510w, https:\/\/www.itakaescolapios.org\/wp-content\/uploads\/2022\/05\/20220508_082741-1080x810.jpg 1080w\" sizes=\"(max-width: 2560px) 100vw, 2560px\" \/><\/p>\n<p><img decoding=\"async\" class=\"alignright size-full wp-image-36727\" src=\"https:\/\/www.itakaescolapios.org\/wp-content\/uploads\/2022\/05\/20220508_100351-scaled.jpg\" alt=\"\" width=\"2560\" height=\"1920\" srcset=\"https:\/\/www.itakaescolapios.org\/wp-content\/uploads\/2022\/05\/20220508_100351-scaled.jpg 2000w, https:\/\/www.itakaescolapios.org\/wp-content\/uploads\/2022\/05\/20220508_100351-300x225.jpg 300w, https:\/\/www.itakaescolapios.org\/wp-content\/uploads\/2022\/05\/20220508_100351-1024x768.jpg 1024w, https:\/\/www.itakaescolapios.org\/wp-content\/uploads\/2022\/05\/20220508_100351-768x576.jpg 768w, https:\/\/www.itakaescolapios.org\/wp-content\/uploads\/2022\/05\/20220508_100351-1536x1152.jpg 1536w, https:\/\/www.itakaescolapios.org\/wp-content\/uploads\/2022\/05\/20220508_100351-2048x1536.jpg 2048w, https:\/\/www.itakaescolapios.org\/wp-content\/uploads\/2022\/05\/20220508_100351-250x188.jpg 250w, https:\/\/www.itakaescolapios.org\/wp-content\/uploads\/2022\/05\/20220508_100351-510x382.jpg 510w, https:\/\/www.itakaescolapios.org\/wp-content\/uploads\/2022\/05\/20220508_100351-1080x810.jpg 1080w\" sizes=\"(max-width: 2560px) 100vw, 2560px\" \/>[:fr]<\/p>\n<p id=\"tw-target-text\" class=\"tw-data-text tw-text-large JgzqYd RES9jf tw-ta\" dir=\"ltr\" data-placeholder=\"Traduction\"><span class=\"Y2IQFc\" lang=\"fr\">Aujourd&#8217;hui, dimanche 8 mai 2022 a eu lieu \u00e0 Yaound\u00e9 au Cameroun, la c\u00e9r\u00e9monie de la pose de la premi\u00e8re pierre du complexe scolaire bilingue Saint Joseph Calasanz de Messamendongo Yaound\u00e9. \u00c0 l&#8217;occasion, le prestigieux complexe nous a gratifi\u00e9 des activit\u00e9s suivantes\u00a0: <\/span><\/p>\n<ul>\n<li class=\"tw-data-text tw-text-large JgzqYd RES9jf tw-ta\" data-placeholder=\"Traduction\"><span class=\"Y2IQFc\" lang=\"fr\">C\u00e9l\u00e9bration eucharistique solennelle pr\u00e9sid\u00e9e par le vicaire g\u00e9n\u00e9ral de l&#8217;archidioc\u00e8se de Yaound\u00e9 et conc\u00e9l\u00e9br\u00e9e par le sup\u00e9rieur provincial parmi d&#8217;autres pr\u00eatres. <\/span><\/li>\n<li class=\"tw-data-text tw-text-large JgzqYd RES9jf tw-ta\" data-placeholder=\"Traduction\"><span class=\"Y2IQFc\" lang=\"fr\"> R\u00e9ception des sacrements de bapt\u00eame, confirmation et premi\u00e8re communion.<\/span><\/li>\n<li class=\"tw-data-text tw-text-large JgzqYd RES9jf tw-ta\" data-placeholder=\"Traduction\"><span class=\"Y2IQFc\" lang=\"fr\">B\u00e9n\u00e9diction de la premi\u00e8re pierre par le vicaire g\u00e9n\u00e9ral au nom de l&#8217;archev\u00eaque de l&#8217;archidioc\u00e8se de Yaound\u00e9 Animation et r\u00e9ception<\/span><\/li>\n<\/ul>\n<div style=\"width: 1080px;\" class=\"wp-video\"><video class=\"wp-video-shortcode\" id=\"video-36722-2\" width=\"1080\" height=\"608\" preload=\"metadata\" controls=\"controls\"><source type=\"video\/mp4\" src=\"https:\/\/www.itakaescolapios.org\/wp-content\/uploads\/2022\/05\/20220508_100541.mp4?_=2\" \/><a href=\"https:\/\/www.itakaescolapios.org\/wp-content\/uploads\/2022\/05\/20220508_100541.mp4\">https:\/\/www.itakaescolapios.org\/wp-content\/uploads\/2022\/05\/20220508_100541.mp4<\/a><\/video><\/div>\n<p><img decoding=\"async\" class=\"size-full wp-image-36725 aligncenter\" src=\"https:\/\/www.itakaescolapios.org\/wp-content\/uploads\/2022\/05\/20220508_082741-scaled.jpg\" alt=\"\" width=\"2560\" height=\"1920\" srcset=\"https:\/\/www.itakaescolapios.org\/wp-content\/uploads\/2022\/05\/20220508_082741-scaled.jpg 2000w, https:\/\/www.itakaescolapios.org\/wp-content\/uploads\/2022\/05\/20220508_082741-300x225.jpg 300w, https:\/\/www.itakaescolapios.org\/wp-content\/uploads\/2022\/05\/20220508_082741-1024x768.jpg 1024w, https:\/\/www.itakaescolapios.org\/wp-content\/uploads\/2022\/05\/20220508_082741-768x576.jpg 768w, https:\/\/www.itakaescolapios.org\/wp-content\/uploads\/2022\/05\/20220508_082741-1536x1152.jpg 1536w, https:\/\/www.itakaescolapios.org\/wp-content\/uploads\/2022\/05\/20220508_082741-2048x1536.jpg 2048w, https:\/\/www.itakaescolapios.org\/wp-content\/uploads\/2022\/05\/20220508_082741-250x188.jpg 250w, https:\/\/www.itakaescolapios.org\/wp-content\/uploads\/2022\/05\/20220508_082741-510x382.jpg 510w, https:\/\/www.itakaescolapios.org\/wp-content\/uploads\/2022\/05\/20220508_082741-1080x810.jpg 1080w\" sizes=\"(max-width: 2560px) 100vw, 2560px\" \/><\/p>\n<p><img decoding=\"async\" class=\"size-full wp-image-36727 aligncenter\" src=\"https:\/\/www.itakaescolapios.org\/wp-content\/uploads\/2022\/05\/20220508_100351-scaled.jpg\" alt=\"\" width=\"2560\" height=\"1920\" srcset=\"https:\/\/www.itakaescolapios.org\/wp-content\/uploads\/2022\/05\/20220508_100351-scaled.jpg 2000w, https:\/\/www.itakaescolapios.org\/wp-content\/uploads\/2022\/05\/20220508_100351-300x225.jpg 300w, https:\/\/www.itakaescolapios.org\/wp-content\/uploads\/2022\/05\/20220508_100351-1024x768.jpg 1024w, https:\/\/www.itakaescolapios.org\/wp-content\/uploads\/2022\/05\/20220508_100351-768x576.jpg 768w, https:\/\/www.itakaescolapios.org\/wp-content\/uploads\/2022\/05\/20220508_100351-1536x1152.jpg 1536w, https:\/\/www.itakaescolapios.org\/wp-content\/uploads\/2022\/05\/20220508_100351-2048x1536.jpg 2048w, https:\/\/www.itakaescolapios.org\/wp-content\/uploads\/2022\/05\/20220508_100351-250x188.jpg 250w, https:\/\/www.itakaescolapios.org\/wp-content\/uploads\/2022\/05\/20220508_100351-510x382.jpg 510w, https:\/\/www.itakaescolapios.org\/wp-content\/uploads\/2022\/05\/20220508_100351-1080x810.jpg 1080w\" sizes=\"(max-width: 2560px) 100vw, 2560px\" \/><\/p>\n<p>&nbsp;[:]<\/p>\n","protected":false},"excerpt":{"rendered":"<p>[:en]Today, sunday 8th may 2022 took place in yaound\u00e9 in Cameroon, the ceremony of the laying of the first stone of the bilingual school complex Saint Joseph Calasanz of Messamendongo [&hellip;]<\/p>\n","protected":false},"author":15,"featured_media":36728,"comment_status":"closed","ping_status":"closed","sticky":false,"template":"","format":"standard","meta":{"_et_pb_use_builder":"","_et_pb_old_content":"","_et_gb_content_width":"","footnotes":""},"categories":[53,10],"tags":[],"class_list":["post-36722","post","type-post","status-publish","format-standard","has-post-thumbnail","hentry","category-africa-central","category-camerun"],"yoast_head":"<!-- This site is optimized with the Yoast SEO plugin v27.4 - https:\/\/yoast.com\/product\/yoast-seo-wordpress\/ -->\n<title>- Itaka-Escolapios<\/title>\n<meta name=\"description\" content=\"[:en]Today, sunday 8th may 2022 took place in yaound\u00e9 in Cameroon, the ceremony of the laying of the first stone of the bilingual school complex Saint Joseph Calasanz of Messamendongo Yaound\u00e9. On occasion the prestigious complex has graced us with the following activities: Solemn Eucharistic celebration presided by the vicar general of yaounde archdiocese and&hellip;\" \/>\n<meta name=\"robots\" content=\"index, follow, max-snippet:-1, max-image-preview:large, max-video-preview:-1\" \/>\n<link rel=\"canonical\" href=\"\" \/>\n<meta property=\"og:locale\" content=\"pt_BR\" \/>\n<meta property=\"og:type\" content=\"article\" \/>\n<meta property=\"og:title\" content=\"- Itaka-Escolapios\" \/>\n<meta property=\"og:description\" content=\"[:en]Today, sunday 8th may 2022 took place in yaound\u00e9 in Cameroon, the ceremony of the laying of the first stone of the bilingual school complex Saint Joseph Calasanz of Messamendongo Yaound\u00e9. On occasion the prestigious complex has graced us with the following activities: Solemn Eucharistic celebration presided by the vicar general of yaounde archdiocese and&hellip;\" \/>\n<meta property=\"og:url\" content=\"https:\/\/www.itakaescolapios.org\/pt\/2022\/05\/francais-ceremonie-de-la-pose-de-la-premiere-pierre-du-complexe-scolaire-bilingue-saint-joseph-calasanz-de-messamendongo-yaounde\/\" \/>\n<meta property=\"og:site_name\" content=\"Itaka-Escolapios\" \/>\n<meta property=\"article:published_time\" content=\"2022-05-08T21:22:35+00:00\" \/>\n<meta property=\"article:modified_time\" content=\"2023-11-28T11:35:46+00:00\" \/>\n<meta property=\"og:image\" content=\"https:\/\/www.itakaescolapios.org\/wp-content\/uploads\/2022\/05\/20220508_105413-scaled.jpg\" \/>\n\t<meta property=\"og:image:width\" content=\"2000\" \/>\n\t<meta property=\"og:image:height\" content=\"1500\" \/>\n\t<meta property=\"og:image:type\" content=\"image\/jpeg\" \/>\n<meta name=\"author\" content=\"cameroun01\" \/>\n<meta name=\"twitter:card\" content=\"summary_large_image\" \/>\n<meta name=\"twitter:label1\" content=\"Escrito por\" \/>\n\t<meta name=\"twitter:data1\" content=\"cameroun01\" \/>\n\t<meta name=\"twitter:label2\" content=\"Est. tempo de leitura\" \/>\n\t<meta name=\"twitter:data2\" content=\"1 minuto\" \/>\n<script type=\"application\/ld+json\" class=\"yoast-schema-graph\">{\"@context\":\"https:\\\/\\\/schema.org\",\"@graph\":[{\"@type\":\"Article\",\"@id\":\"https:\\\/\\\/www.itakaescolapios.org\\\/pt\\\/2022\\\/05\\\/francais-ceremonie-de-la-pose-de-la-premiere-pierre-du-complexe-scolaire-bilingue-saint-joseph-calasanz-de-messamendongo-yaounde\\\/#article\",\"isPartOf\":{\"@id\":\"https:\\\/\\\/www.itakaescolapios.org\\\/pt\\\/2022\\\/05\\\/francais-ceremonie-de-la-pose-de-la-premiere-pierre-du-complexe-scolaire-bilingue-saint-joseph-calasanz-de-messamendongo-yaounde\\\/\"},\"author\":{\"name\":\"cameroun01\",\"@id\":\"https:\\\/\\\/www.itakaescolapios.org\\\/es\\\/#\\\/schema\\\/person\\\/d2844383e29bfdfef69039672ce14eb1\"},\"headline\":\"Sem t\u00edtulo\",\"datePublished\":\"2022-05-08T21:22:35+00:00\",\"dateModified\":\"2023-11-28T11:35:46+00:00\",\"mainEntityOfPage\":{\"@id\":\"https:\\\/\\\/www.itakaescolapios.org\\\/pt\\\/2022\\\/05\\\/francais-ceremonie-de-la-pose-de-la-premiere-pierre-du-complexe-scolaire-bilingue-saint-joseph-calasanz-de-messamendongo-yaounde\\\/\"},\"wordCount\":240,\"publisher\":{\"@id\":\"https:\\\/\\\/www.itakaescolapios.org\\\/es\\\/#organization\"},\"image\":{\"@id\":\"https:\\\/\\\/www.itakaescolapios.org\\\/pt\\\/2022\\\/05\\\/francais-ceremonie-de-la-pose-de-la-premiere-pierre-du-complexe-scolaire-bilingue-saint-joseph-calasanz-de-messamendongo-yaounde\\\/#primaryimage\"},\"thumbnailUrl\":\"https:\\\/\\\/www.itakaescolapios.org\\\/wp-content\\\/uploads\\\/2022\\\/05\\\/20220508_105413-scaled.jpg\",\"articleSection\":[\"\u00c1frica Central\",\"Camar\u00f5es\"],\"inLanguage\":\"pt-BR\"},{\"@type\":\"WebPage\",\"@id\":\"https:\\\/\\\/www.itakaescolapios.org\\\/pt\\\/2022\\\/05\\\/francais-ceremonie-de-la-pose-de-la-premiere-pierre-du-complexe-scolaire-bilingue-saint-joseph-calasanz-de-messamendongo-yaounde\\\/\",\"url\":\"https:\\\/\\\/www.itakaescolapios.org\\\/pt\\\/2022\\\/05\\\/francais-ceremonie-de-la-pose-de-la-premiere-pierre-du-complexe-scolaire-bilingue-saint-joseph-calasanz-de-messamendongo-yaounde\\\/\",\"name\":\"- Itaka-Escolapios\",\"isPartOf\":{\"@id\":\"https:\\\/\\\/www.itakaescolapios.org\\\/es\\\/#website\"},\"primaryImageOfPage\":{\"@id\":\"https:\\\/\\\/www.itakaescolapios.org\\\/pt\\\/2022\\\/05\\\/francais-ceremonie-de-la-pose-de-la-premiere-pierre-du-complexe-scolaire-bilingue-saint-joseph-calasanz-de-messamendongo-yaounde\\\/#primaryimage\"},\"image\":{\"@id\":\"https:\\\/\\\/www.itakaescolapios.org\\\/pt\\\/2022\\\/05\\\/francais-ceremonie-de-la-pose-de-la-premiere-pierre-du-complexe-scolaire-bilingue-saint-joseph-calasanz-de-messamendongo-yaounde\\\/#primaryimage\"},\"thumbnailUrl\":\"https:\\\/\\\/www.itakaescolapios.org\\\/wp-content\\\/uploads\\\/2022\\\/05\\\/20220508_105413-scaled.jpg\",\"datePublished\":\"2022-05-08T21:22:35+00:00\",\"dateModified\":\"2023-11-28T11:35:46+00:00\",\"inLanguage\":\"pt-BR\",\"potentialAction\":[{\"@type\":\"ReadAction\",\"target\":[\"https:\\\/\\\/www.itakaescolapios.org\\\/pt\\\/2022\\\/05\\\/francais-ceremonie-de-la-pose-de-la-premiere-pierre-du-complexe-scolaire-bilingue-saint-joseph-calasanz-de-messamendongo-yaounde\\\/\"]}]},{\"@type\":\"ImageObject\",\"inLanguage\":\"pt-BR\",\"@id\":\"https:\\\/\\\/www.itakaescolapios.org\\\/pt\\\/2022\\\/05\\\/francais-ceremonie-de-la-pose-de-la-premiere-pierre-du-complexe-scolaire-bilingue-saint-joseph-calasanz-de-messamendongo-yaounde\\\/#primaryimage\",\"url\":\"https:\\\/\\\/www.itakaescolapios.org\\\/wp-content\\\/uploads\\\/2022\\\/05\\\/20220508_105413-scaled.jpg\",\"contentUrl\":\"https:\\\/\\\/www.itakaescolapios.org\\\/wp-content\\\/uploads\\\/2022\\\/05\\\/20220508_105413-scaled.jpg\",\"width\":2000,\"height\":1500},{\"@type\":\"WebSite\",\"@id\":\"https:\\\/\\\/www.itakaescolapios.org\\\/pt\\\/es\\\/#website\",\"url\":\"https:\\\/\\\/www.itakaescolapios.org\\\/pt\\\/es\\\/\",\"name\":\"Itaka-Escolapios\",\"description\":\"Red de Itaka-Escolapios\",\"publisher\":{\"@id\":\"https:\\\/\\\/www.itakaescolapios.org\\\/pt\\\/es\\\/#organization\"},\"potentialAction\":[{\"@type\":\"SearchAction\",\"target\":{\"@type\":\"EntryPoint\",\"urlTemplate\":\"https:\\\/\\\/www.itakaescolapios.org\\\/pt\\\/es\\\/?s={search_term_string}\"},\"query-input\":{\"@type\":\"PropertyValueSpecification\",\"valueRequired\":true,\"valueName\":\"search_term_string\"}}],\"inLanguage\":\"pt-BR\"},{\"@type\":\"Organization\",\"@id\":\"https:\\\/\\\/www.itakaescolapios.org\\\/pt\\\/es\\\/#organization\",\"name\":\"Fundaci\u00f3 Itaka-Escolapios\",\"url\":\"https:\\\/\\\/www.itakaescolapios.org\\\/pt\\\/es\\\/\",\"logo\":{\"@type\":\"ImageObject\",\"inLanguage\":\"pt-BR\",\"@id\":\"https:\\\/\\\/www.itakaescolapios.org\\\/pt\\\/es\\\/#\\\/schema\\\/logo\\\/image\\\/\",\"url\":\"https:\\\/\\\/www.itakaescolapios.org\\\/wp-content\\\/uploads\\\/2024\\\/04\\\/Logo-itakaescolapios-peque.png\",\"contentUrl\":\"https:\\\/\\\/www.itakaescolapios.org\\\/wp-content\\\/uploads\\\/2024\\\/04\\\/Logo-itakaescolapios-peque.png\",\"width\":500,\"height\":199,\"caption\":\"Fundaci\u00f3 Itaka-Escolapios\"},\"image\":{\"@id\":\"https:\\\/\\\/www.itakaescolapios.org\\\/pt\\\/es\\\/#\\\/schema\\\/logo\\\/image\\\/\"}},{\"@type\":\"Person\",\"@id\":\"https:\\\/\\\/www.itakaescolapios.org\\\/es\\\/#\\\/schema\\\/person\\\/d2844383e29bfdfef69039672ce14eb1\",\"name\":\"cameroun01\",\"url\":\"https:\\\/\\\/www.itakaescolapios.org\\\/pt\\\/author\\\/cameroun01\\\/\"}]}<\/script>\n<!-- \/ Yoast SEO plugin. -->","yoast_head_json":{"title":"- Itaka-Escolapios","description":"[:en]Today, sunday 8th may 2022 took place in yaound\u00e9 in Cameroon, the ceremony of the laying of the first stone of the bilingual school complex Saint Joseph Calasanz of Messamendongo Yaound\u00e9. On occasion the prestigious complex has graced us with the following activities: Solemn Eucharistic celebration presided by the vicar general of yaounde archdiocese and&hellip;","robots":{"index":"index","follow":"follow","max-snippet":"max-snippet:-1","max-image-preview":"max-image-preview:large","max-video-preview":"max-video-preview:-1"},"canonical":"[:en]Today, sunday 8th may 2022 took place in yaound\u00e9 in Cameroon, the ceremony of the laying of the first stone of the bilingual school complex Saint Joseph Calasanz of Messamendongo Yaound\u00e9. On occasion the prestigious complex has graced us with the following activities: Solemn Eucharistic celebration presided by the vicar general of yaounde archdiocese and&hellip;","og_locale":"pt_BR","og_type":"article","og_title":"- Itaka-Escolapios","og_description":"[:en]Today, sunday 8th may 2022 took place in yaound\u00e9 in Cameroon, the ceremony of the laying of the first stone of the bilingual school complex Saint Joseph Calasanz of Messamendongo Yaound\u00e9. On occasion the prestigious complex has graced us with the following activities: Solemn Eucharistic celebration presided by the vicar general of yaounde archdiocese and&hellip;","og_url":"https:\/\/www.itakaescolapios.org\/pt\/2022\/05\/francais-ceremonie-de-la-pose-de-la-premiere-pierre-du-complexe-scolaire-bilingue-saint-joseph-calasanz-de-messamendongo-yaounde\/","og_site_name":"Itaka-Escolapios","article_published_time":"2022-05-08T21:22:35+00:00","article_modified_time":"2023-11-28T11:35:46+00:00","og_image":[{"width":2000,"height":1500,"url":"https:\/\/www.itakaescolapios.org\/wp-content\/uploads\/2022\/05\/20220508_105413-scaled.jpg","type":"image\/jpeg"}],"author":"cameroun01","twitter_card":"summary_large_image","twitter_misc":{"Escrito por":"cameroun01","Est. tempo de leitura":"1 minuto"},"schema":{"@context":"https:\/\/schema.org","@graph":[{"@type":"Article","@id":"https:\/\/www.itakaescolapios.org\/pt\/2022\/05\/francais-ceremonie-de-la-pose-de-la-premiere-pierre-du-complexe-scolaire-bilingue-saint-joseph-calasanz-de-messamendongo-yaounde\/#article","isPartOf":{"@id":"https:\/\/www.itakaescolapios.org\/pt\/2022\/05\/francais-ceremonie-de-la-pose-de-la-premiere-pierre-du-complexe-scolaire-bilingue-saint-joseph-calasanz-de-messamendongo-yaounde\/"},"author":{"name":"cameroun01","@id":"https:\/\/www.itakaescolapios.org\/es\/#\/schema\/person\/d2844383e29bfdfef69039672ce14eb1"},"headline":"Sem t\u00edtulo","datePublished":"2022-05-08T21:22:35+00:00","dateModified":"2023-11-28T11:35:46+00:00","mainEntityOfPage":{"@id":"https:\/\/www.itakaescolapios.org\/pt\/2022\/05\/francais-ceremonie-de-la-pose-de-la-premiere-pierre-du-complexe-scolaire-bilingue-saint-joseph-calasanz-de-messamendongo-yaounde\/"},"wordCount":240,"publisher":{"@id":"https:\/\/www.itakaescolapios.org\/es\/#organization"},"image":{"@id":"https:\/\/www.itakaescolapios.org\/pt\/2022\/05\/francais-ceremonie-de-la-pose-de-la-premiere-pierre-du-complexe-scolaire-bilingue-saint-joseph-calasanz-de-messamendongo-yaounde\/#primaryimage"},"thumbnailUrl":"https:\/\/www.itakaescolapios.org\/wp-content\/uploads\/2022\/05\/20220508_105413-scaled.jpg","articleSection":["\u00c1frica Central","Camar\u00f5es"],"inLanguage":"pt-BR"},{"@type":"WebPage","@id":"https:\/\/www.itakaescolapios.org\/pt\/2022\/05\/francais-ceremonie-de-la-pose-de-la-premiere-pierre-du-complexe-scolaire-bilingue-saint-joseph-calasanz-de-messamendongo-yaounde\/","url":"https:\/\/www.itakaescolapios.org\/pt\/2022\/05\/francais-ceremonie-de-la-pose-de-la-premiere-pierre-du-complexe-scolaire-bilingue-saint-joseph-calasanz-de-messamendongo-yaounde\/","name":"- Itaka-Escolapios","isPartOf":{"@id":"https:\/\/www.itakaescolapios.org\/es\/#website"},"primaryImageOfPage":{"@id":"https:\/\/www.itakaescolapios.org\/pt\/2022\/05\/francais-ceremonie-de-la-pose-de-la-premiere-pierre-du-complexe-scolaire-bilingue-saint-joseph-calasanz-de-messamendongo-yaounde\/#primaryimage"},"image":{"@id":"https:\/\/www.itakaescolapios.org\/pt\/2022\/05\/francais-ceremonie-de-la-pose-de-la-premiere-pierre-du-complexe-scolaire-bilingue-saint-joseph-calasanz-de-messamendongo-yaounde\/#primaryimage"},"thumbnailUrl":"https:\/\/www.itakaescolapios.org\/wp-content\/uploads\/2022\/05\/20220508_105413-scaled.jpg","datePublished":"2022-05-08T21:22:35+00:00","dateModified":"2023-11-28T11:35:46+00:00","inLanguage":"pt-BR","potentialAction":[{"@type":"ReadAction","target":["https:\/\/www.itakaescolapios.org\/pt\/2022\/05\/francais-ceremonie-de-la-pose-de-la-premiere-pierre-du-complexe-scolaire-bilingue-saint-joseph-calasanz-de-messamendongo-yaounde\/"]}]},{"@type":"ImageObject","inLanguage":"pt-BR","@id":"https:\/\/www.itakaescolapios.org\/pt\/2022\/05\/francais-ceremonie-de-la-pose-de-la-premiere-pierre-du-complexe-scolaire-bilingue-saint-joseph-calasanz-de-messamendongo-yaounde\/#primaryimage","url":"https:\/\/www.itakaescolapios.org\/wp-content\/uploads\/2022\/05\/20220508_105413-scaled.jpg","contentUrl":"https:\/\/www.itakaescolapios.org\/wp-content\/uploads\/2022\/05\/20220508_105413-scaled.jpg","width":2000,"height":1500},{"@type":"WebSite","@id":"https:\/\/www.itakaescolapios.org\/pt\/es\/#website","url":"https:\/\/www.itakaescolapios.org\/pt\/es\/","name":"Itaka-Escolapios","description":"Red de Itaka-Escolapios","publisher":{"@id":"https:\/\/www.itakaescolapios.org\/pt\/es\/#organization"},"potentialAction":[{"@type":"SearchAction","target":{"@type":"EntryPoint","urlTemplate":"https:\/\/www.itakaescolapios.org\/pt\/es\/?s={search_term_string}"},"query-input":{"@type":"PropertyValueSpecification","valueRequired":true,"valueName":"search_term_string"}}],"inLanguage":"pt-BR"},{"@type":"Organization","@id":"https:\/\/www.itakaescolapios.org\/pt\/es\/#organization","name":"Fundaci\u00f3 Itaka-Escolapios","url":"https:\/\/www.itakaescolapios.org\/pt\/es\/","logo":{"@type":"ImageObject","inLanguage":"pt-BR","@id":"https:\/\/www.itakaescolapios.org\/pt\/es\/#\/schema\/logo\/image\/","url":"https:\/\/www.itakaescolapios.org\/wp-content\/uploads\/2024\/04\/Logo-itakaescolapios-peque.png","contentUrl":"https:\/\/www.itakaescolapios.org\/wp-content\/uploads\/2024\/04\/Logo-itakaescolapios-peque.png","width":500,"height":199,"caption":"Fundaci\u00f3 Itaka-Escolapios"},"image":{"@id":"https:\/\/www.itakaescolapios.org\/pt\/es\/#\/schema\/logo\/image\/"}},{"@type":"Person","@id":"https:\/\/www.itakaescolapios.org\/es\/#\/schema\/person\/d2844383e29bfdfef69039672ce14eb1","name":"cameroun01","url":"https:\/\/www.itakaescolapios.org\/pt\/author\/cameroun01\/"}]}},"_links":{"self":[{"href":"https:\/\/www.itakaescolapios.org\/pt\/wp-json\/wp\/v2\/posts\/36722","targetHints":{"allow":["GET"]}}],"collection":[{"href":"https:\/\/www.itakaescolapios.org\/pt\/wp-json\/wp\/v2\/posts"}],"about":[{"href":"https:\/\/www.itakaescolapios.org\/pt\/wp-json\/wp\/v2\/types\/post"}],"author":[{"embeddable":true,"href":"https:\/\/www.itakaescolapios.org\/pt\/wp-json\/wp\/v2\/users\/15"}],"replies":[{"embeddable":true,"href":"https:\/\/www.itakaescolapios.org\/pt\/wp-json\/wp\/v2\/comments?post=36722"}],"version-history":[{"count":4,"href":"https:\/\/www.itakaescolapios.org\/pt\/wp-json\/wp\/v2\/posts\/36722\/revisions"}],"predecessor-version":[{"id":43941,"href":"https:\/\/www.itakaescolapios.org\/pt\/wp-json\/wp\/v2\/posts\/36722\/revisions\/43941"}],"wp:featuredmedia":[{"embeddable":true,"href":"https:\/\/www.itakaescolapios.org\/pt\/wp-json\/wp\/v2\/media\/36728"}],"wp:attachment":[{"href":"https:\/\/www.itakaescolapios.org\/pt\/wp-json\/wp\/v2\/media?parent=36722"}],"wp:term":[{"taxonomy":"category","embeddable":true,"href":"https:\/\/www.itakaescolapios.org\/pt\/wp-json\/wp\/v2\/categories?post=36722"},{"taxonomy":"post_tag","embeddable":true,"href":"https:\/\/www.itakaescolapios.org\/pt\/wp-json\/wp\/v2\/tags?post=36722"}],"curies":[{"name":"wp","href":"https:\/\/api.w.org\/{rel}","templated":true}]}}