{"id":36801,"date":"2022-05-18T16:03:34","date_gmt":"2022-05-18T15:03:34","guid":{"rendered":"https:\/\/www.itakaescolapios.org\/?p=36801"},"modified":"2023-11-28T12:35:46","modified_gmt":"2023-11-28T11:35:46","slug":"francais-messe-de-benediction-des-candidats-du-college-technique-saint-joseph-calasanz-de-bandjoun-aux-examens-officiels","status":"publish","type":"post","link":"https:\/\/www.itakaescolapios.org\/pt\/2022\/05\/francais-messe-de-benediction-des-candidats-du-college-technique-saint-joseph-calasanz-de-bandjoun-aux-examens-officiels\/","title":{"rendered":""},"content":{"rendered":"<p>[:fr]Ce mercredi 18 mai 2022, s\u2019est tenu au coll\u00e8ge technique saint Joseph Calasanz de Bandjoun (ouest Cameroun), la messe de b\u00e9n\u00e9diction des \u00e9l\u00e8ves candidats aux examens nationaux. Messe dirig\u00e9e par le p\u00e8re Marc, principal du coll\u00e8ge. Pendant sa pr\u00e9dication, il nous a parl\u00e9 du respect des parents et de la place du Christ dans nos vies. Chaque personne devrait apprendre \u00e0 \u00e9viter les d\u00e9sirs de la chair tels que la drogue, le non respect des parents ainsi que des enseignants. De m\u00eame, le Christ doit \u00eatre en premier plan dans nos vies car de lui viennent toutes gr\u00e2ces. \u00e0 la fin de la messe, la b\u00e9n\u00e9diction a \u00e9t\u00e9 attribu\u00e9e aux \u00e9l\u00e8ves avec de l\u2019eau b\u00e9nite puis ils ont \u00e9t\u00e9 lib\u00e9r\u00e9s afin d\u2019aller mieux se pr\u00e9parer pour le d\u00e9but des examens.<\/p>\n<p><img decoding=\"async\" class=\"size-full wp-image-2966 aligncenter\" src=\"https:\/\/piaristesafriquecentrale.org\/wp-content\/uploads\/2022\/05\/IMG_0377-scaled.jpg\" alt=\"\" width=\"2560\" height=\"1920\" \/><\/p>\n<p><img decoding=\"async\" class=\"size-full wp-image-2964 aligncenter\" src=\"https:\/\/piaristesafriquecentrale.org\/wp-content\/uploads\/2022\/05\/IMG_0390-scaled.jpg\" alt=\"\" width=\"2560\" height=\"1920\" \/><\/p>\n<p><img decoding=\"async\" class=\"size-full wp-image-2965 aligncenter\" src=\"https:\/\/piaristesafriquecentrale.org\/wp-content\/uploads\/2022\/05\/IMG_0392-scaled.jpg\" alt=\"\" width=\"2560\" height=\"1920\" \/>[:]<\/p>\n","protected":false},"excerpt":{"rendered":"<p>[:fr]Ce mercredi 18 mai 2022, s\u2019est tenu au coll\u00e8ge technique saint Joseph Calasanz de Bandjoun (ouest Cameroun), la messe de b\u00e9n\u00e9diction des \u00e9l\u00e8ves candidats aux examens nationaux. Messe dirig\u00e9e par [&hellip;]<\/p>\n","protected":false},"author":15,"featured_media":36809,"comment_status":"closed","ping_status":"closed","sticky":false,"template":"","format":"standard","meta":{"_et_pb_use_builder":"","_et_pb_old_content":"","_et_gb_content_width":"","footnotes":""},"categories":[53,10],"tags":[],"class_list":["post-36801","post","type-post","status-publish","format-standard","has-post-thumbnail","hentry","category-africa-central","category-camerun"],"yoast_head":"<!-- This site is optimized with the Yoast SEO plugin v27.4 - https:\/\/yoast.com\/product\/yoast-seo-wordpress\/ -->\n<title>- Itaka-Escolapios<\/title>\n<meta name=\"description\" content=\"[:fr]Ce mercredi 18 mai 2022, s\u2019est tenu au coll\u00e8ge technique saint Joseph Calasanz de Bandjoun (ouest Cameroun), la messe de b\u00e9n\u00e9diction des \u00e9l\u00e8ves candidats aux examens nationaux. Messe dirig\u00e9e par le p\u00e8re Marc, principal du coll\u00e8ge. Pendant sa pr\u00e9dication, il nous a parl\u00e9 du respect des parents et de la place du Christ dans nos&hellip;\" \/>\n<meta name=\"robots\" content=\"index, follow, max-snippet:-1, max-image-preview:large, max-video-preview:-1\" \/>\n<link rel=\"canonical\" href=\"\" \/>\n<meta property=\"og:locale\" content=\"pt_BR\" \/>\n<meta property=\"og:type\" content=\"article\" \/>\n<meta property=\"og:title\" content=\"- Itaka-Escolapios\" \/>\n<meta property=\"og:description\" content=\"[:fr]Ce mercredi 18 mai 2022, s\u2019est tenu au coll\u00e8ge technique saint Joseph Calasanz de Bandjoun (ouest Cameroun), la messe de b\u00e9n\u00e9diction des \u00e9l\u00e8ves candidats aux examens nationaux. Messe dirig\u00e9e par le p\u00e8re Marc, principal du coll\u00e8ge. Pendant sa pr\u00e9dication, il nous a parl\u00e9 du respect des parents et de la place du Christ dans nos&hellip;\" \/>\n<meta property=\"og:url\" content=\"https:\/\/www.itakaescolapios.org\/pt\/2022\/05\/francais-messe-de-benediction-des-candidats-du-college-technique-saint-joseph-calasanz-de-bandjoun-aux-examens-officiels\/\" \/>\n<meta property=\"og:site_name\" content=\"Itaka-Escolapios\" \/>\n<meta property=\"article:published_time\" content=\"2022-05-18T15:03:34+00:00\" \/>\n<meta property=\"article:modified_time\" content=\"2023-11-28T11:35:46+00:00\" \/>\n<meta property=\"og:image\" content=\"https:\/\/www.itakaescolapios.org\/wp-content\/uploads\/2022\/05\/IMG_0381-scaled.jpg\" \/>\n\t<meta property=\"og:image:width\" content=\"2000\" \/>\n\t<meta property=\"og:image:height\" content=\"1500\" \/>\n\t<meta property=\"og:image:type\" content=\"image\/jpeg\" \/>\n<meta name=\"author\" content=\"cameroun01\" \/>\n<meta name=\"twitter:card\" content=\"summary_large_image\" \/>\n<meta name=\"twitter:label1\" content=\"Escrito por\" \/>\n\t<meta name=\"twitter:data1\" content=\"cameroun01\" \/>\n\t<meta name=\"twitter:label2\" content=\"Est. tempo de leitura\" \/>\n\t<meta name=\"twitter:data2\" content=\"1 minuto\" \/>\n<script type=\"application\/ld+json\" class=\"yoast-schema-graph\">{\"@context\":\"https:\\\/\\\/schema.org\",\"@graph\":[{\"@type\":\"Article\",\"@id\":\"https:\\\/\\\/www.itakaescolapios.org\\\/pt\\\/2022\\\/05\\\/francais-messe-de-benediction-des-candidats-du-college-technique-saint-joseph-calasanz-de-bandjoun-aux-examens-officiels\\\/#article\",\"isPartOf\":{\"@id\":\"https:\\\/\\\/www.itakaescolapios.org\\\/pt\\\/2022\\\/05\\\/francais-messe-de-benediction-des-candidats-du-college-technique-saint-joseph-calasanz-de-bandjoun-aux-examens-officiels\\\/\"},\"author\":{\"name\":\"cameroun01\",\"@id\":\"https:\\\/\\\/www.itakaescolapios.org\\\/es\\\/#\\\/schema\\\/person\\\/d2844383e29bfdfef69039672ce14eb1\"},\"headline\":\"Sem t\u00edtulo\",\"datePublished\":\"2022-05-18T15:03:34+00:00\",\"dateModified\":\"2023-11-28T11:35:46+00:00\",\"mainEntityOfPage\":{\"@id\":\"https:\\\/\\\/www.itakaescolapios.org\\\/pt\\\/2022\\\/05\\\/francais-messe-de-benediction-des-candidats-du-college-technique-saint-joseph-calasanz-de-bandjoun-aux-examens-officiels\\\/\"},\"wordCount\":150,\"publisher\":{\"@id\":\"https:\\\/\\\/www.itakaescolapios.org\\\/es\\\/#organization\"},\"image\":{\"@id\":\"https:\\\/\\\/www.itakaescolapios.org\\\/pt\\\/2022\\\/05\\\/francais-messe-de-benediction-des-candidats-du-college-technique-saint-joseph-calasanz-de-bandjoun-aux-examens-officiels\\\/#primaryimage\"},\"thumbnailUrl\":\"https:\\\/\\\/www.itakaescolapios.org\\\/wp-content\\\/uploads\\\/2022\\\/05\\\/IMG_0381-scaled.jpg\",\"articleSection\":[\"\u00c1frica Central\",\"Camar\u00f5es\"],\"inLanguage\":\"pt-BR\"},{\"@type\":\"WebPage\",\"@id\":\"https:\\\/\\\/www.itakaescolapios.org\\\/pt\\\/2022\\\/05\\\/francais-messe-de-benediction-des-candidats-du-college-technique-saint-joseph-calasanz-de-bandjoun-aux-examens-officiels\\\/\",\"url\":\"https:\\\/\\\/www.itakaescolapios.org\\\/pt\\\/2022\\\/05\\\/francais-messe-de-benediction-des-candidats-du-college-technique-saint-joseph-calasanz-de-bandjoun-aux-examens-officiels\\\/\",\"name\":\"- Itaka-Escolapios\",\"isPartOf\":{\"@id\":\"https:\\\/\\\/www.itakaescolapios.org\\\/es\\\/#website\"},\"primaryImageOfPage\":{\"@id\":\"https:\\\/\\\/www.itakaescolapios.org\\\/pt\\\/2022\\\/05\\\/francais-messe-de-benediction-des-candidats-du-college-technique-saint-joseph-calasanz-de-bandjoun-aux-examens-officiels\\\/#primaryimage\"},\"image\":{\"@id\":\"https:\\\/\\\/www.itakaescolapios.org\\\/pt\\\/2022\\\/05\\\/francais-messe-de-benediction-des-candidats-du-college-technique-saint-joseph-calasanz-de-bandjoun-aux-examens-officiels\\\/#primaryimage\"},\"thumbnailUrl\":\"https:\\\/\\\/www.itakaescolapios.org\\\/wp-content\\\/uploads\\\/2022\\\/05\\\/IMG_0381-scaled.jpg\",\"datePublished\":\"2022-05-18T15:03:34+00:00\",\"dateModified\":\"2023-11-28T11:35:46+00:00\",\"inLanguage\":\"pt-BR\",\"potentialAction\":[{\"@type\":\"ReadAction\",\"target\":[\"https:\\\/\\\/www.itakaescolapios.org\\\/pt\\\/2022\\\/05\\\/francais-messe-de-benediction-des-candidats-du-college-technique-saint-joseph-calasanz-de-bandjoun-aux-examens-officiels\\\/\"]}]},{\"@type\":\"ImageObject\",\"inLanguage\":\"pt-BR\",\"@id\":\"https:\\\/\\\/www.itakaescolapios.org\\\/pt\\\/2022\\\/05\\\/francais-messe-de-benediction-des-candidats-du-college-technique-saint-joseph-calasanz-de-bandjoun-aux-examens-officiels\\\/#primaryimage\",\"url\":\"https:\\\/\\\/www.itakaescolapios.org\\\/wp-content\\\/uploads\\\/2022\\\/05\\\/IMG_0381-scaled.jpg\",\"contentUrl\":\"https:\\\/\\\/www.itakaescolapios.org\\\/wp-content\\\/uploads\\\/2022\\\/05\\\/IMG_0381-scaled.jpg\",\"width\":2000,\"height\":1500},{\"@type\":\"WebSite\",\"@id\":\"https:\\\/\\\/www.itakaescolapios.org\\\/pt\\\/es\\\/#website\",\"url\":\"https:\\\/\\\/www.itakaescolapios.org\\\/pt\\\/es\\\/\",\"name\":\"Itaka-Escolapios\",\"description\":\"Red de Itaka-Escolapios\",\"publisher\":{\"@id\":\"https:\\\/\\\/www.itakaescolapios.org\\\/pt\\\/es\\\/#organization\"},\"potentialAction\":[{\"@type\":\"SearchAction\",\"target\":{\"@type\":\"EntryPoint\",\"urlTemplate\":\"https:\\\/\\\/www.itakaescolapios.org\\\/pt\\\/es\\\/?s={search_term_string}\"},\"query-input\":{\"@type\":\"PropertyValueSpecification\",\"valueRequired\":true,\"valueName\":\"search_term_string\"}}],\"inLanguage\":\"pt-BR\"},{\"@type\":\"Organization\",\"@id\":\"https:\\\/\\\/www.itakaescolapios.org\\\/pt\\\/es\\\/#organization\",\"name\":\"Fundaci\u00f3 Itaka-Escolapios\",\"url\":\"https:\\\/\\\/www.itakaescolapios.org\\\/pt\\\/es\\\/\",\"logo\":{\"@type\":\"ImageObject\",\"inLanguage\":\"pt-BR\",\"@id\":\"https:\\\/\\\/www.itakaescolapios.org\\\/pt\\\/es\\\/#\\\/schema\\\/logo\\\/image\\\/\",\"url\":\"https:\\\/\\\/www.itakaescolapios.org\\\/wp-content\\\/uploads\\\/2024\\\/04\\\/Logo-itakaescolapios-peque.png\",\"contentUrl\":\"https:\\\/\\\/www.itakaescolapios.org\\\/wp-content\\\/uploads\\\/2024\\\/04\\\/Logo-itakaescolapios-peque.png\",\"width\":500,\"height\":199,\"caption\":\"Fundaci\u00f3 Itaka-Escolapios\"},\"image\":{\"@id\":\"https:\\\/\\\/www.itakaescolapios.org\\\/pt\\\/es\\\/#\\\/schema\\\/logo\\\/image\\\/\"}},{\"@type\":\"Person\",\"@id\":\"https:\\\/\\\/www.itakaescolapios.org\\\/es\\\/#\\\/schema\\\/person\\\/d2844383e29bfdfef69039672ce14eb1\",\"name\":\"cameroun01\",\"url\":\"https:\\\/\\\/www.itakaescolapios.org\\\/pt\\\/author\\\/cameroun01\\\/\"}]}<\/script>\n<!-- \/ Yoast SEO plugin. -->","yoast_head_json":{"title":"- Itaka-Escolapios","description":"[:fr]Ce mercredi 18 mai 2022, s\u2019est tenu au coll\u00e8ge technique saint Joseph Calasanz de Bandjoun (ouest Cameroun), la messe de b\u00e9n\u00e9diction des \u00e9l\u00e8ves candidats aux examens nationaux. Messe dirig\u00e9e par le p\u00e8re Marc, principal du coll\u00e8ge. Pendant sa pr\u00e9dication, il nous a parl\u00e9 du respect des parents et de la place du Christ dans nos&hellip;","robots":{"index":"index","follow":"follow","max-snippet":"max-snippet:-1","max-image-preview":"max-image-preview:large","max-video-preview":"max-video-preview:-1"},"canonical":"[:fr]Ce mercredi 18 mai 2022, s\u2019est tenu au coll\u00e8ge technique saint Joseph Calasanz de Bandjoun (ouest Cameroun), la messe de b\u00e9n\u00e9diction des \u00e9l\u00e8ves candidats aux examens nationaux. Messe dirig\u00e9e par le p\u00e8re Marc, principal du coll\u00e8ge. Pendant sa pr\u00e9dication, il nous a parl\u00e9 du respect des parents et de la place du Christ dans nos&hellip;","og_locale":"pt_BR","og_type":"article","og_title":"- Itaka-Escolapios","og_description":"[:fr]Ce mercredi 18 mai 2022, s\u2019est tenu au coll\u00e8ge technique saint Joseph Calasanz de Bandjoun (ouest Cameroun), la messe de b\u00e9n\u00e9diction des \u00e9l\u00e8ves candidats aux examens nationaux. Messe dirig\u00e9e par le p\u00e8re Marc, principal du coll\u00e8ge. Pendant sa pr\u00e9dication, il nous a parl\u00e9 du respect des parents et de la place du Christ dans nos&hellip;","og_url":"https:\/\/www.itakaescolapios.org\/pt\/2022\/05\/francais-messe-de-benediction-des-candidats-du-college-technique-saint-joseph-calasanz-de-bandjoun-aux-examens-officiels\/","og_site_name":"Itaka-Escolapios","article_published_time":"2022-05-18T15:03:34+00:00","article_modified_time":"2023-11-28T11:35:46+00:00","og_image":[{"width":2000,"height":1500,"url":"https:\/\/www.itakaescolapios.org\/wp-content\/uploads\/2022\/05\/IMG_0381-scaled.jpg","type":"image\/jpeg"}],"author":"cameroun01","twitter_card":"summary_large_image","twitter_misc":{"Escrito por":"cameroun01","Est. tempo de leitura":"1 minuto"},"schema":{"@context":"https:\/\/schema.org","@graph":[{"@type":"Article","@id":"https:\/\/www.itakaescolapios.org\/pt\/2022\/05\/francais-messe-de-benediction-des-candidats-du-college-technique-saint-joseph-calasanz-de-bandjoun-aux-examens-officiels\/#article","isPartOf":{"@id":"https:\/\/www.itakaescolapios.org\/pt\/2022\/05\/francais-messe-de-benediction-des-candidats-du-college-technique-saint-joseph-calasanz-de-bandjoun-aux-examens-officiels\/"},"author":{"name":"cameroun01","@id":"https:\/\/www.itakaescolapios.org\/es\/#\/schema\/person\/d2844383e29bfdfef69039672ce14eb1"},"headline":"Sem t\u00edtulo","datePublished":"2022-05-18T15:03:34+00:00","dateModified":"2023-11-28T11:35:46+00:00","mainEntityOfPage":{"@id":"https:\/\/www.itakaescolapios.org\/pt\/2022\/05\/francais-messe-de-benediction-des-candidats-du-college-technique-saint-joseph-calasanz-de-bandjoun-aux-examens-officiels\/"},"wordCount":150,"publisher":{"@id":"https:\/\/www.itakaescolapios.org\/es\/#organization"},"image":{"@id":"https:\/\/www.itakaescolapios.org\/pt\/2022\/05\/francais-messe-de-benediction-des-candidats-du-college-technique-saint-joseph-calasanz-de-bandjoun-aux-examens-officiels\/#primaryimage"},"thumbnailUrl":"https:\/\/www.itakaescolapios.org\/wp-content\/uploads\/2022\/05\/IMG_0381-scaled.jpg","articleSection":["\u00c1frica Central","Camar\u00f5es"],"inLanguage":"pt-BR"},{"@type":"WebPage","@id":"https:\/\/www.itakaescolapios.org\/pt\/2022\/05\/francais-messe-de-benediction-des-candidats-du-college-technique-saint-joseph-calasanz-de-bandjoun-aux-examens-officiels\/","url":"https:\/\/www.itakaescolapios.org\/pt\/2022\/05\/francais-messe-de-benediction-des-candidats-du-college-technique-saint-joseph-calasanz-de-bandjoun-aux-examens-officiels\/","name":"- Itaka-Escolapios","isPartOf":{"@id":"https:\/\/www.itakaescolapios.org\/es\/#website"},"primaryImageOfPage":{"@id":"https:\/\/www.itakaescolapios.org\/pt\/2022\/05\/francais-messe-de-benediction-des-candidats-du-college-technique-saint-joseph-calasanz-de-bandjoun-aux-examens-officiels\/#primaryimage"},"image":{"@id":"https:\/\/www.itakaescolapios.org\/pt\/2022\/05\/francais-messe-de-benediction-des-candidats-du-college-technique-saint-joseph-calasanz-de-bandjoun-aux-examens-officiels\/#primaryimage"},"thumbnailUrl":"https:\/\/www.itakaescolapios.org\/wp-content\/uploads\/2022\/05\/IMG_0381-scaled.jpg","datePublished":"2022-05-18T15:03:34+00:00","dateModified":"2023-11-28T11:35:46+00:00","inLanguage":"pt-BR","potentialAction":[{"@type":"ReadAction","target":["https:\/\/www.itakaescolapios.org\/pt\/2022\/05\/francais-messe-de-benediction-des-candidats-du-college-technique-saint-joseph-calasanz-de-bandjoun-aux-examens-officiels\/"]}]},{"@type":"ImageObject","inLanguage":"pt-BR","@id":"https:\/\/www.itakaescolapios.org\/pt\/2022\/05\/francais-messe-de-benediction-des-candidats-du-college-technique-saint-joseph-calasanz-de-bandjoun-aux-examens-officiels\/#primaryimage","url":"https:\/\/www.itakaescolapios.org\/wp-content\/uploads\/2022\/05\/IMG_0381-scaled.jpg","contentUrl":"https:\/\/www.itakaescolapios.org\/wp-content\/uploads\/2022\/05\/IMG_0381-scaled.jpg","width":2000,"height":1500},{"@type":"WebSite","@id":"https:\/\/www.itakaescolapios.org\/pt\/es\/#website","url":"https:\/\/www.itakaescolapios.org\/pt\/es\/","name":"Itaka-Escolapios","description":"Red de Itaka-Escolapios","publisher":{"@id":"https:\/\/www.itakaescolapios.org\/pt\/es\/#organization"},"potentialAction":[{"@type":"SearchAction","target":{"@type":"EntryPoint","urlTemplate":"https:\/\/www.itakaescolapios.org\/pt\/es\/?s={search_term_string}"},"query-input":{"@type":"PropertyValueSpecification","valueRequired":true,"valueName":"search_term_string"}}],"inLanguage":"pt-BR"},{"@type":"Organization","@id":"https:\/\/www.itakaescolapios.org\/pt\/es\/#organization","name":"Fundaci\u00f3 Itaka-Escolapios","url":"https:\/\/www.itakaescolapios.org\/pt\/es\/","logo":{"@type":"ImageObject","inLanguage":"pt-BR","@id":"https:\/\/www.itakaescolapios.org\/pt\/es\/#\/schema\/logo\/image\/","url":"https:\/\/www.itakaescolapios.org\/wp-content\/uploads\/2024\/04\/Logo-itakaescolapios-peque.png","contentUrl":"https:\/\/www.itakaescolapios.org\/wp-content\/uploads\/2024\/04\/Logo-itakaescolapios-peque.png","width":500,"height":199,"caption":"Fundaci\u00f3 Itaka-Escolapios"},"image":{"@id":"https:\/\/www.itakaescolapios.org\/pt\/es\/#\/schema\/logo\/image\/"}},{"@type":"Person","@id":"https:\/\/www.itakaescolapios.org\/es\/#\/schema\/person\/d2844383e29bfdfef69039672ce14eb1","name":"cameroun01","url":"https:\/\/www.itakaescolapios.org\/pt\/author\/cameroun01\/"}]}},"_links":{"self":[{"href":"https:\/\/www.itakaescolapios.org\/pt\/wp-json\/wp\/v2\/posts\/36801","targetHints":{"allow":["GET"]}}],"collection":[{"href":"https:\/\/www.itakaescolapios.org\/pt\/wp-json\/wp\/v2\/posts"}],"about":[{"href":"https:\/\/www.itakaescolapios.org\/pt\/wp-json\/wp\/v2\/types\/post"}],"author":[{"embeddable":true,"href":"https:\/\/www.itakaescolapios.org\/pt\/wp-json\/wp\/v2\/users\/15"}],"replies":[{"embeddable":true,"href":"https:\/\/www.itakaescolapios.org\/pt\/wp-json\/wp\/v2\/comments?post=36801"}],"version-history":[{"count":2,"href":"https:\/\/www.itakaescolapios.org\/pt\/wp-json\/wp\/v2\/posts\/36801\/revisions"}],"predecessor-version":[{"id":43932,"href":"https:\/\/www.itakaescolapios.org\/pt\/wp-json\/wp\/v2\/posts\/36801\/revisions\/43932"}],"wp:featuredmedia":[{"embeddable":true,"href":"https:\/\/www.itakaescolapios.org\/pt\/wp-json\/wp\/v2\/media\/36809"}],"wp:attachment":[{"href":"https:\/\/www.itakaescolapios.org\/pt\/wp-json\/wp\/v2\/media?parent=36801"}],"wp:term":[{"taxonomy":"category","embeddable":true,"href":"https:\/\/www.itakaescolapios.org\/pt\/wp-json\/wp\/v2\/categories?post=36801"},{"taxonomy":"post_tag","embeddable":true,"href":"https:\/\/www.itakaescolapios.org\/pt\/wp-json\/wp\/v2\/tags?post=36801"}],"curies":[{"name":"wp","href":"https:\/\/api.w.org\/{rel}","templated":true}]}}