{"id":37333,"date":"2022-09-05T13:12:16","date_gmt":"2022-09-05T12:12:16","guid":{"rendered":"https:\/\/www.itakaescolapios.org\/?p=37333"},"modified":"2023-11-28T12:35:42","modified_gmt":"2023-11-28T11:35:42","slug":"francais-cest-la-rentree-scolaire","status":"publish","type":"post","link":"https:\/\/www.itakaescolapios.org\/pt\/2022\/09\/francais-cest-la-rentree-scolaire\/","title":{"rendered":""},"content":{"rendered":"<p>[:fr]L\u2019heure de la reprise des cours \u00e0 l\u2019\u00e9cole, au lyc\u00e9e ou au coll\u00e8ge vient de sonner: la fameuse rentr\u00e9e des classes! Comme dans les autres \u00e9coles, les \u00e9coles de la province piariste d\u2019Afrique Centrale ont repris les cours ce Lundi 05 septembre 2022. De la maternelle au primaire, de la section anglophone \u00e0 la section francophone, du primaire au coll\u00e8ge, les \u00e9l\u00e8ves ont repris les cours. A vous tous, nous souhaitons de passer un excellent d\u00e9but d\u2019ann\u00e9e\u2009! Nouveaux amis, nouveaux d\u00e9parts, tout est possible, alors sant\u00e9\u2009!<\/p>\n<p><img decoding=\"async\" class=\"size-full wp-image-37335 aligncenter\" src=\"https:\/\/www.itakaescolapios.org\/wp-content\/uploads\/2022\/09\/20220905_083244-scaled.jpg\" alt=\"\" width=\"2560\" height=\"1920\" srcset=\"https:\/\/www.itakaescolapios.org\/wp-content\/uploads\/2022\/09\/20220905_083244-scaled.jpg 2000w, https:\/\/www.itakaescolapios.org\/wp-content\/uploads\/2022\/09\/20220905_083244-300x225.jpg 300w, https:\/\/www.itakaescolapios.org\/wp-content\/uploads\/2022\/09\/20220905_083244-1024x768.jpg 1024w, https:\/\/www.itakaescolapios.org\/wp-content\/uploads\/2022\/09\/20220905_083244-768x576.jpg 768w, https:\/\/www.itakaescolapios.org\/wp-content\/uploads\/2022\/09\/20220905_083244-1536x1152.jpg 1536w, https:\/\/www.itakaescolapios.org\/wp-content\/uploads\/2022\/09\/20220905_083244-2048x1536.jpg 2048w, https:\/\/www.itakaescolapios.org\/wp-content\/uploads\/2022\/09\/20220905_083244-250x188.jpg 250w, https:\/\/www.itakaescolapios.org\/wp-content\/uploads\/2022\/09\/20220905_083244-510x382.jpg 510w, https:\/\/www.itakaescolapios.org\/wp-content\/uploads\/2022\/09\/20220905_083244-1080x810.jpg 1080w\" sizes=\"(max-width: 2560px) 100vw, 2560px\" \/><\/p>\n<p><img decoding=\"async\" class=\"size-full wp-image-37336 aligncenter\" src=\"https:\/\/www.itakaescolapios.org\/wp-content\/uploads\/2022\/09\/20220905_083634-scaled.jpg\" alt=\"\" width=\"2560\" height=\"1920\" srcset=\"https:\/\/www.itakaescolapios.org\/wp-content\/uploads\/2022\/09\/20220905_083634-scaled.jpg 2000w, https:\/\/www.itakaescolapios.org\/wp-content\/uploads\/2022\/09\/20220905_083634-300x225.jpg 300w, https:\/\/www.itakaescolapios.org\/wp-content\/uploads\/2022\/09\/20220905_083634-1024x768.jpg 1024w, https:\/\/www.itakaescolapios.org\/wp-content\/uploads\/2022\/09\/20220905_083634-768x576.jpg 768w, https:\/\/www.itakaescolapios.org\/wp-content\/uploads\/2022\/09\/20220905_083634-1536x1152.jpg 1536w, https:\/\/www.itakaescolapios.org\/wp-content\/uploads\/2022\/09\/20220905_083634-2048x1536.jpg 2048w, https:\/\/www.itakaescolapios.org\/wp-content\/uploads\/2022\/09\/20220905_083634-250x188.jpg 250w, https:\/\/www.itakaescolapios.org\/wp-content\/uploads\/2022\/09\/20220905_083634-510x382.jpg 510w, https:\/\/www.itakaescolapios.org\/wp-content\/uploads\/2022\/09\/20220905_083634-1080x810.jpg 1080w\" sizes=\"(max-width: 2560px) 100vw, 2560px\" \/><\/p>\n<p><img decoding=\"async\" class=\"size-full wp-image-37338 aligncenter\" src=\"https:\/\/www.itakaescolapios.org\/wp-content\/uploads\/2022\/09\/WhatsApp-Image-2022-09-05-at-5.09.19-PM-1.jpeg\" alt=\"\" width=\"2000\" height=\"900\" srcset=\"https:\/\/www.itakaescolapios.org\/wp-content\/uploads\/2022\/09\/WhatsApp-Image-2022-09-05-at-5.09.19-PM-1.jpeg 2000w, https:\/\/www.itakaescolapios.org\/wp-content\/uploads\/2022\/09\/WhatsApp-Image-2022-09-05-at-5.09.19-PM-1-300x135.jpeg 300w, https:\/\/www.itakaescolapios.org\/wp-content\/uploads\/2022\/09\/WhatsApp-Image-2022-09-05-at-5.09.19-PM-1-1024x461.jpeg 1024w, https:\/\/www.itakaescolapios.org\/wp-content\/uploads\/2022\/09\/WhatsApp-Image-2022-09-05-at-5.09.19-PM-1-768x346.jpeg 768w, https:\/\/www.itakaescolapios.org\/wp-content\/uploads\/2022\/09\/WhatsApp-Image-2022-09-05-at-5.09.19-PM-1-1536x691.jpeg 1536w, https:\/\/www.itakaescolapios.org\/wp-content\/uploads\/2022\/09\/WhatsApp-Image-2022-09-05-at-5.09.19-PM-1-250x113.jpeg 250w, https:\/\/www.itakaescolapios.org\/wp-content\/uploads\/2022\/09\/WhatsApp-Image-2022-09-05-at-5.09.19-PM-1-1080x486.jpeg 1080w\" sizes=\"(max-width: 2000px) 100vw, 2000px\" \/><\/p>\n<p><img decoding=\"async\" class=\"size-full wp-image-37339 aligncenter\" src=\"https:\/\/www.itakaescolapios.org\/wp-content\/uploads\/2022\/09\/WhatsApp-Image-2022-09-05-at-5.09.20-PM.jpeg\" alt=\"\" width=\"1999\" height=\"899\" srcset=\"https:\/\/www.itakaescolapios.org\/wp-content\/uploads\/2022\/09\/WhatsApp-Image-2022-09-05-at-5.09.20-PM.jpeg 1999w, https:\/\/www.itakaescolapios.org\/wp-content\/uploads\/2022\/09\/WhatsApp-Image-2022-09-05-at-5.09.20-PM-300x135.jpeg 300w, https:\/\/www.itakaescolapios.org\/wp-content\/uploads\/2022\/09\/WhatsApp-Image-2022-09-05-at-5.09.20-PM-1024x461.jpeg 1024w, https:\/\/www.itakaescolapios.org\/wp-content\/uploads\/2022\/09\/WhatsApp-Image-2022-09-05-at-5.09.20-PM-768x345.jpeg 768w, https:\/\/www.itakaescolapios.org\/wp-content\/uploads\/2022\/09\/WhatsApp-Image-2022-09-05-at-5.09.20-PM-1536x691.jpeg 1536w, https:\/\/www.itakaescolapios.org\/wp-content\/uploads\/2022\/09\/WhatsApp-Image-2022-09-05-at-5.09.20-PM-250x112.jpeg 250w, https:\/\/www.itakaescolapios.org\/wp-content\/uploads\/2022\/09\/WhatsApp-Image-2022-09-05-at-5.09.20-PM-1080x486.jpeg 1080w\" sizes=\"(max-width: 1999px) 100vw, 1999px\" \/><\/p>\n<p><img decoding=\"async\" class=\"size-full wp-image-37341 aligncenter\" src=\"https:\/\/www.itakaescolapios.org\/wp-content\/uploads\/2022\/09\/WhatsApp-Image-2022-09-06-at-11.08.31-AM.jpeg\" alt=\"\" width=\"1080\" height=\"810\" srcset=\"https:\/\/www.itakaescolapios.org\/wp-content\/uploads\/2022\/09\/WhatsApp-Image-2022-09-06-at-11.08.31-AM.jpeg 1080w, https:\/\/www.itakaescolapios.org\/wp-content\/uploads\/2022\/09\/WhatsApp-Image-2022-09-06-at-11.08.31-AM-300x225.jpeg 300w, https:\/\/www.itakaescolapios.org\/wp-content\/uploads\/2022\/09\/WhatsApp-Image-2022-09-06-at-11.08.31-AM-1024x768.jpeg 1024w, https:\/\/www.itakaescolapios.org\/wp-content\/uploads\/2022\/09\/WhatsApp-Image-2022-09-06-at-11.08.31-AM-768x576.jpeg 768w, https:\/\/www.itakaescolapios.org\/wp-content\/uploads\/2022\/09\/WhatsApp-Image-2022-09-06-at-11.08.31-AM-250x188.jpeg 250w, https:\/\/www.itakaescolapios.org\/wp-content\/uploads\/2022\/09\/WhatsApp-Image-2022-09-06-at-11.08.31-AM-510x382.jpeg 510w\" sizes=\"(max-width: 1080px) 100vw, 1080px\" \/>[:]<\/p>\n","protected":false},"excerpt":{"rendered":"<p>[:fr]L\u2019heure de la reprise des cours \u00e0 l\u2019\u00e9cole, au lyc\u00e9e ou au coll\u00e8ge vient de sonner: la fameuse rentr\u00e9e des classes! Comme dans les autres \u00e9coles, les \u00e9coles de la [&hellip;]<\/p>\n","protected":false},"author":15,"featured_media":37334,"comment_status":"closed","ping_status":"closed","sticky":false,"template":"","format":"standard","meta":{"_et_pb_use_builder":"","_et_pb_old_content":"","_et_gb_content_width":"","footnotes":""},"categories":[53,10],"tags":[],"class_list":["post-37333","post","type-post","status-publish","format-standard","has-post-thumbnail","hentry","category-africa-central","category-camerun"],"yoast_head":"<!-- This site is optimized with the Yoast SEO plugin v27.4 - https:\/\/yoast.com\/product\/yoast-seo-wordpress\/ -->\n<title>- Itaka-Escolapios<\/title>\n<meta name=\"description\" content=\"[:fr]L\u2019heure de la reprise des cours \u00e0 l\u2019\u00e9cole, au lyc\u00e9e ou au coll\u00e8ge vient de sonner: la fameuse rentr\u00e9e des classes! Comme dans les autres \u00e9coles, les \u00e9coles de la province piariste d\u2019Afrique Centrale ont repris les cours ce Lundi 05 septembre 2022. De la maternelle au primaire, de la section anglophone \u00e0 la section&hellip;\" \/>\n<meta name=\"robots\" content=\"index, follow, max-snippet:-1, max-image-preview:large, max-video-preview:-1\" \/>\n<link rel=\"canonical\" href=\"\" \/>\n<meta property=\"og:locale\" content=\"pt_BR\" \/>\n<meta property=\"og:type\" content=\"article\" \/>\n<meta property=\"og:title\" content=\"- Itaka-Escolapios\" \/>\n<meta property=\"og:description\" content=\"[:fr]L\u2019heure de la reprise des cours \u00e0 l\u2019\u00e9cole, au lyc\u00e9e ou au coll\u00e8ge vient de sonner: la fameuse rentr\u00e9e des classes! Comme dans les autres \u00e9coles, les \u00e9coles de la province piariste d\u2019Afrique Centrale ont repris les cours ce Lundi 05 septembre 2022. De la maternelle au primaire, de la section anglophone \u00e0 la section&hellip;\" \/>\n<meta property=\"og:url\" content=\"https:\/\/www.itakaescolapios.org\/pt\/2022\/09\/francais-cest-la-rentree-scolaire\/\" \/>\n<meta property=\"og:site_name\" content=\"Itaka-Escolapios\" \/>\n<meta property=\"article:published_time\" content=\"2022-09-05T12:12:16+00:00\" \/>\n<meta property=\"article:modified_time\" content=\"2023-11-28T11:35:42+00:00\" \/>\n<meta property=\"og:image\" content=\"https:\/\/www.itakaescolapios.org\/wp-content\/uploads\/2022\/09\/20220905_083242-scaled.jpg\" \/>\n\t<meta property=\"og:image:width\" content=\"2000\" \/>\n\t<meta property=\"og:image:height\" content=\"1500\" \/>\n\t<meta property=\"og:image:type\" content=\"image\/jpeg\" \/>\n<meta name=\"author\" content=\"cameroun01\" \/>\n<meta name=\"twitter:card\" content=\"summary_large_image\" \/>\n<meta name=\"twitter:label1\" content=\"Escrito por\" \/>\n\t<meta name=\"twitter:data1\" content=\"cameroun01\" \/>\n<script type=\"application\/ld+json\" class=\"yoast-schema-graph\">{\"@context\":\"https:\\\/\\\/schema.org\",\"@graph\":[{\"@type\":\"Article\",\"@id\":\"https:\\\/\\\/www.itakaescolapios.org\\\/pt\\\/2022\\\/09\\\/francais-cest-la-rentree-scolaire\\\/#article\",\"isPartOf\":{\"@id\":\"https:\\\/\\\/www.itakaescolapios.org\\\/pt\\\/2022\\\/09\\\/francais-cest-la-rentree-scolaire\\\/\"},\"author\":{\"name\":\"cameroun01\",\"@id\":\"https:\\\/\\\/www.itakaescolapios.org\\\/es\\\/#\\\/schema\\\/person\\\/d2844383e29bfdfef69039672ce14eb1\"},\"headline\":\"Sem t\u00edtulo\",\"datePublished\":\"2022-09-05T12:12:16+00:00\",\"dateModified\":\"2023-11-28T11:35:42+00:00\",\"mainEntityOfPage\":{\"@id\":\"https:\\\/\\\/www.itakaescolapios.org\\\/pt\\\/2022\\\/09\\\/francais-cest-la-rentree-scolaire\\\/\"},\"wordCount\":95,\"publisher\":{\"@id\":\"https:\\\/\\\/www.itakaescolapios.org\\\/es\\\/#organization\"},\"image\":{\"@id\":\"https:\\\/\\\/www.itakaescolapios.org\\\/pt\\\/2022\\\/09\\\/francais-cest-la-rentree-scolaire\\\/#primaryimage\"},\"thumbnailUrl\":\"https:\\\/\\\/www.itakaescolapios.org\\\/wp-content\\\/uploads\\\/2022\\\/09\\\/20220905_083242-scaled.jpg\",\"articleSection\":[\"\u00c1frica Central\",\"Camar\u00f5es\"],\"inLanguage\":\"pt-BR\"},{\"@type\":\"WebPage\",\"@id\":\"https:\\\/\\\/www.itakaescolapios.org\\\/pt\\\/2022\\\/09\\\/francais-cest-la-rentree-scolaire\\\/\",\"url\":\"https:\\\/\\\/www.itakaescolapios.org\\\/pt\\\/2022\\\/09\\\/francais-cest-la-rentree-scolaire\\\/\",\"name\":\"- Itaka-Escolapios\",\"isPartOf\":{\"@id\":\"https:\\\/\\\/www.itakaescolapios.org\\\/es\\\/#website\"},\"primaryImageOfPage\":{\"@id\":\"https:\\\/\\\/www.itakaescolapios.org\\\/pt\\\/2022\\\/09\\\/francais-cest-la-rentree-scolaire\\\/#primaryimage\"},\"image\":{\"@id\":\"https:\\\/\\\/www.itakaescolapios.org\\\/pt\\\/2022\\\/09\\\/francais-cest-la-rentree-scolaire\\\/#primaryimage\"},\"thumbnailUrl\":\"https:\\\/\\\/www.itakaescolapios.org\\\/wp-content\\\/uploads\\\/2022\\\/09\\\/20220905_083242-scaled.jpg\",\"datePublished\":\"2022-09-05T12:12:16+00:00\",\"dateModified\":\"2023-11-28T11:35:42+00:00\",\"inLanguage\":\"pt-BR\",\"potentialAction\":[{\"@type\":\"ReadAction\",\"target\":[\"https:\\\/\\\/www.itakaescolapios.org\\\/pt\\\/2022\\\/09\\\/francais-cest-la-rentree-scolaire\\\/\"]}]},{\"@type\":\"ImageObject\",\"inLanguage\":\"pt-BR\",\"@id\":\"https:\\\/\\\/www.itakaescolapios.org\\\/pt\\\/2022\\\/09\\\/francais-cest-la-rentree-scolaire\\\/#primaryimage\",\"url\":\"https:\\\/\\\/www.itakaescolapios.org\\\/wp-content\\\/uploads\\\/2022\\\/09\\\/20220905_083242-scaled.jpg\",\"contentUrl\":\"https:\\\/\\\/www.itakaescolapios.org\\\/wp-content\\\/uploads\\\/2022\\\/09\\\/20220905_083242-scaled.jpg\",\"width\":2000,\"height\":1500},{\"@type\":\"WebSite\",\"@id\":\"https:\\\/\\\/www.itakaescolapios.org\\\/pt\\\/es\\\/#website\",\"url\":\"https:\\\/\\\/www.itakaescolapios.org\\\/pt\\\/es\\\/\",\"name\":\"Itaka-Escolapios\",\"description\":\"Red de Itaka-Escolapios\",\"publisher\":{\"@id\":\"https:\\\/\\\/www.itakaescolapios.org\\\/pt\\\/es\\\/#organization\"},\"potentialAction\":[{\"@type\":\"SearchAction\",\"target\":{\"@type\":\"EntryPoint\",\"urlTemplate\":\"https:\\\/\\\/www.itakaescolapios.org\\\/pt\\\/es\\\/?s={search_term_string}\"},\"query-input\":{\"@type\":\"PropertyValueSpecification\",\"valueRequired\":true,\"valueName\":\"search_term_string\"}}],\"inLanguage\":\"pt-BR\"},{\"@type\":\"Organization\",\"@id\":\"https:\\\/\\\/www.itakaescolapios.org\\\/pt\\\/es\\\/#organization\",\"name\":\"Fundaci\u00f3 Itaka-Escolapios\",\"url\":\"https:\\\/\\\/www.itakaescolapios.org\\\/pt\\\/es\\\/\",\"logo\":{\"@type\":\"ImageObject\",\"inLanguage\":\"pt-BR\",\"@id\":\"https:\\\/\\\/www.itakaescolapios.org\\\/pt\\\/es\\\/#\\\/schema\\\/logo\\\/image\\\/\",\"url\":\"https:\\\/\\\/www.itakaescolapios.org\\\/wp-content\\\/uploads\\\/2024\\\/04\\\/Logo-itakaescolapios-peque.png\",\"contentUrl\":\"https:\\\/\\\/www.itakaescolapios.org\\\/wp-content\\\/uploads\\\/2024\\\/04\\\/Logo-itakaescolapios-peque.png\",\"width\":500,\"height\":199,\"caption\":\"Fundaci\u00f3 Itaka-Escolapios\"},\"image\":{\"@id\":\"https:\\\/\\\/www.itakaescolapios.org\\\/pt\\\/es\\\/#\\\/schema\\\/logo\\\/image\\\/\"}},{\"@type\":\"Person\",\"@id\":\"https:\\\/\\\/www.itakaescolapios.org\\\/es\\\/#\\\/schema\\\/person\\\/d2844383e29bfdfef69039672ce14eb1\",\"name\":\"cameroun01\",\"url\":\"https:\\\/\\\/www.itakaescolapios.org\\\/pt\\\/author\\\/cameroun01\\\/\"}]}<\/script>\n<!-- \/ Yoast SEO plugin. -->","yoast_head_json":{"title":"- Itaka-Escolapios","description":"[:fr]L\u2019heure de la reprise des cours \u00e0 l\u2019\u00e9cole, au lyc\u00e9e ou au coll\u00e8ge vient de sonner: la fameuse rentr\u00e9e des classes! Comme dans les autres \u00e9coles, les \u00e9coles de la province piariste d\u2019Afrique Centrale ont repris les cours ce Lundi 05 septembre 2022. De la maternelle au primaire, de la section anglophone \u00e0 la section&hellip;","robots":{"index":"index","follow":"follow","max-snippet":"max-snippet:-1","max-image-preview":"max-image-preview:large","max-video-preview":"max-video-preview:-1"},"canonical":"[:fr]L\u2019heure de la reprise des cours \u00e0 l\u2019\u00e9cole, au lyc\u00e9e ou au coll\u00e8ge vient de sonner: la fameuse rentr\u00e9e des classes! Comme dans les autres \u00e9coles, les \u00e9coles de la province piariste d\u2019Afrique Centrale ont repris les cours ce Lundi 05 septembre 2022. De la maternelle au primaire, de la section anglophone \u00e0 la section&hellip;","og_locale":"pt_BR","og_type":"article","og_title":"- Itaka-Escolapios","og_description":"[:fr]L\u2019heure de la reprise des cours \u00e0 l\u2019\u00e9cole, au lyc\u00e9e ou au coll\u00e8ge vient de sonner: la fameuse rentr\u00e9e des classes! Comme dans les autres \u00e9coles, les \u00e9coles de la province piariste d\u2019Afrique Centrale ont repris les cours ce Lundi 05 septembre 2022. De la maternelle au primaire, de la section anglophone \u00e0 la section&hellip;","og_url":"https:\/\/www.itakaescolapios.org\/pt\/2022\/09\/francais-cest-la-rentree-scolaire\/","og_site_name":"Itaka-Escolapios","article_published_time":"2022-09-05T12:12:16+00:00","article_modified_time":"2023-11-28T11:35:42+00:00","og_image":[{"width":2000,"height":1500,"url":"https:\/\/www.itakaescolapios.org\/wp-content\/uploads\/2022\/09\/20220905_083242-scaled.jpg","type":"image\/jpeg"}],"author":"cameroun01","twitter_card":"summary_large_image","twitter_misc":{"Escrito por":"cameroun01"},"schema":{"@context":"https:\/\/schema.org","@graph":[{"@type":"Article","@id":"https:\/\/www.itakaescolapios.org\/pt\/2022\/09\/francais-cest-la-rentree-scolaire\/#article","isPartOf":{"@id":"https:\/\/www.itakaescolapios.org\/pt\/2022\/09\/francais-cest-la-rentree-scolaire\/"},"author":{"name":"cameroun01","@id":"https:\/\/www.itakaescolapios.org\/es\/#\/schema\/person\/d2844383e29bfdfef69039672ce14eb1"},"headline":"Sem t\u00edtulo","datePublished":"2022-09-05T12:12:16+00:00","dateModified":"2023-11-28T11:35:42+00:00","mainEntityOfPage":{"@id":"https:\/\/www.itakaescolapios.org\/pt\/2022\/09\/francais-cest-la-rentree-scolaire\/"},"wordCount":95,"publisher":{"@id":"https:\/\/www.itakaescolapios.org\/es\/#organization"},"image":{"@id":"https:\/\/www.itakaescolapios.org\/pt\/2022\/09\/francais-cest-la-rentree-scolaire\/#primaryimage"},"thumbnailUrl":"https:\/\/www.itakaescolapios.org\/wp-content\/uploads\/2022\/09\/20220905_083242-scaled.jpg","articleSection":["\u00c1frica Central","Camar\u00f5es"],"inLanguage":"pt-BR"},{"@type":"WebPage","@id":"https:\/\/www.itakaescolapios.org\/pt\/2022\/09\/francais-cest-la-rentree-scolaire\/","url":"https:\/\/www.itakaescolapios.org\/pt\/2022\/09\/francais-cest-la-rentree-scolaire\/","name":"- Itaka-Escolapios","isPartOf":{"@id":"https:\/\/www.itakaescolapios.org\/es\/#website"},"primaryImageOfPage":{"@id":"https:\/\/www.itakaescolapios.org\/pt\/2022\/09\/francais-cest-la-rentree-scolaire\/#primaryimage"},"image":{"@id":"https:\/\/www.itakaescolapios.org\/pt\/2022\/09\/francais-cest-la-rentree-scolaire\/#primaryimage"},"thumbnailUrl":"https:\/\/www.itakaescolapios.org\/wp-content\/uploads\/2022\/09\/20220905_083242-scaled.jpg","datePublished":"2022-09-05T12:12:16+00:00","dateModified":"2023-11-28T11:35:42+00:00","inLanguage":"pt-BR","potentialAction":[{"@type":"ReadAction","target":["https:\/\/www.itakaescolapios.org\/pt\/2022\/09\/francais-cest-la-rentree-scolaire\/"]}]},{"@type":"ImageObject","inLanguage":"pt-BR","@id":"https:\/\/www.itakaescolapios.org\/pt\/2022\/09\/francais-cest-la-rentree-scolaire\/#primaryimage","url":"https:\/\/www.itakaescolapios.org\/wp-content\/uploads\/2022\/09\/20220905_083242-scaled.jpg","contentUrl":"https:\/\/www.itakaescolapios.org\/wp-content\/uploads\/2022\/09\/20220905_083242-scaled.jpg","width":2000,"height":1500},{"@type":"WebSite","@id":"https:\/\/www.itakaescolapios.org\/pt\/es\/#website","url":"https:\/\/www.itakaescolapios.org\/pt\/es\/","name":"Itaka-Escolapios","description":"Red de Itaka-Escolapios","publisher":{"@id":"https:\/\/www.itakaescolapios.org\/pt\/es\/#organization"},"potentialAction":[{"@type":"SearchAction","target":{"@type":"EntryPoint","urlTemplate":"https:\/\/www.itakaescolapios.org\/pt\/es\/?s={search_term_string}"},"query-input":{"@type":"PropertyValueSpecification","valueRequired":true,"valueName":"search_term_string"}}],"inLanguage":"pt-BR"},{"@type":"Organization","@id":"https:\/\/www.itakaescolapios.org\/pt\/es\/#organization","name":"Fundaci\u00f3 Itaka-Escolapios","url":"https:\/\/www.itakaescolapios.org\/pt\/es\/","logo":{"@type":"ImageObject","inLanguage":"pt-BR","@id":"https:\/\/www.itakaescolapios.org\/pt\/es\/#\/schema\/logo\/image\/","url":"https:\/\/www.itakaescolapios.org\/wp-content\/uploads\/2024\/04\/Logo-itakaescolapios-peque.png","contentUrl":"https:\/\/www.itakaescolapios.org\/wp-content\/uploads\/2024\/04\/Logo-itakaescolapios-peque.png","width":500,"height":199,"caption":"Fundaci\u00f3 Itaka-Escolapios"},"image":{"@id":"https:\/\/www.itakaescolapios.org\/pt\/es\/#\/schema\/logo\/image\/"}},{"@type":"Person","@id":"https:\/\/www.itakaescolapios.org\/es\/#\/schema\/person\/d2844383e29bfdfef69039672ce14eb1","name":"cameroun01","url":"https:\/\/www.itakaescolapios.org\/pt\/author\/cameroun01\/"}]}},"_links":{"self":[{"href":"https:\/\/www.itakaescolapios.org\/pt\/wp-json\/wp\/v2\/posts\/37333","targetHints":{"allow":["GET"]}}],"collection":[{"href":"https:\/\/www.itakaescolapios.org\/pt\/wp-json\/wp\/v2\/posts"}],"about":[{"href":"https:\/\/www.itakaescolapios.org\/pt\/wp-json\/wp\/v2\/types\/post"}],"author":[{"embeddable":true,"href":"https:\/\/www.itakaescolapios.org\/pt\/wp-json\/wp\/v2\/users\/15"}],"replies":[{"embeddable":true,"href":"https:\/\/www.itakaescolapios.org\/pt\/wp-json\/wp\/v2\/comments?post=37333"}],"version-history":[{"count":4,"href":"https:\/\/www.itakaescolapios.org\/pt\/wp-json\/wp\/v2\/posts\/37333\/revisions"}],"predecessor-version":[{"id":43842,"href":"https:\/\/www.itakaescolapios.org\/pt\/wp-json\/wp\/v2\/posts\/37333\/revisions\/43842"}],"wp:featuredmedia":[{"embeddable":true,"href":"https:\/\/www.itakaescolapios.org\/pt\/wp-json\/wp\/v2\/media\/37334"}],"wp:attachment":[{"href":"https:\/\/www.itakaescolapios.org\/pt\/wp-json\/wp\/v2\/media?parent=37333"}],"wp:term":[{"taxonomy":"category","embeddable":true,"href":"https:\/\/www.itakaescolapios.org\/pt\/wp-json\/wp\/v2\/categories?post=37333"},{"taxonomy":"post_tag","embeddable":true,"href":"https:\/\/www.itakaescolapios.org\/pt\/wp-json\/wp\/v2\/tags?post=37333"}],"curies":[{"name":"wp","href":"https:\/\/api.w.org\/{rel}","templated":true}]}}