{"id":37457,"date":"2022-09-23T17:25:45","date_gmt":"2022-09-23T16:25:45","guid":{"rendered":"https:\/\/www.itakaescolapios.org\/?p=37457"},"modified":"2023-11-28T12:35:42","modified_gmt":"2023-11-28T11:35:42","slug":"francais-reunion-de-lequipe-demarcationelle-et-operationnelle-de-la-province-piariste-dafrique-centrale-a-yaounde-au-cameroun","status":"publish","type":"post","link":"https:\/\/www.itakaescolapios.org\/pt\/2022\/09\/francais-reunion-de-lequipe-demarcationelle-et-operationnelle-de-la-province-piariste-dafrique-centrale-a-yaounde-au-cameroun\/","title":{"rendered":""},"content":{"rendered":"<p>[:fr]En vue d\u2019organiser le lancement des activit\u00e9s pour l\u2019ann\u00e9e 2022 2023, l\u2019\u00e9quipe op\u00e9rationnelle ainsi que l\u2019\u00e9quipe d\u00e9marcationelle de la province d\u2019Afrique Centrale, ont pris part \u00e0 une r\u00e9union, d\u2019\u00e9valuation de l\u2019ann\u00e9e derni\u00e8re, ce vendredi 23 septembre 2022. A cette r\u00e9union \u00e9taient pr\u00e9sents le Sup\u00e9rieur Provincial le P\u00e8re Evaristus Akem, les P\u00e8res MOSES KONGMI (Econome provincial), Cl\u00e9ment TSANGA (responsable des \u00e9coles pies d\u2019Afrique Centrale) et Georges NKOMO (Coordonnateur Afrique Centrale) \u00a0ainsi que Mme Sorel A\u2019GANOU (responsable administratif et financier), M. Jo\u00ebl KOUGNOUE (charg\u00e9 des programmes) et Mlle MADEFO Doris (charg\u00e9e de la communication). Chacun a son tour a pr\u00e9sent\u00e9 le rapport de l\u2019ann\u00e9e derni\u00e8re, a soulev\u00e9 les difficult\u00e9s et ensemble nous avons pris des d\u00e9cisions pour mener vers l\u2019avant l\u2019\u0153uvre Piariste en Afrique Centrale.<\/p>\n<p><img decoding=\"async\" class=\"size-full wp-image-3225 aligncenter\" src=\"https:\/\/piaristesafriquecentrale.org\/wp-content\/uploads\/2022\/09\/WhatsApp-Image-2022-09-23-at-1.16.50-PM.jpeg\" alt=\"\" width=\"1080\" height=\"810\" \/><\/p>\n<p><img decoding=\"async\" class=\"size-full wp-image-3224 aligncenter\" src=\"https:\/\/piaristesafriquecentrale.org\/wp-content\/uploads\/2022\/09\/WhatsApp-Image-2022-09-23-at-1.16.51-PM.jpeg\" alt=\"\" width=\"1080\" height=\"810\" \/>[:]<\/p>\n","protected":false},"excerpt":{"rendered":"<p>[:fr]En vue d\u2019organiser le lancement des activit\u00e9s pour l\u2019ann\u00e9e 2022 2023, l\u2019\u00e9quipe op\u00e9rationnelle ainsi que l\u2019\u00e9quipe d\u00e9marcationelle de la province d\u2019Afrique Centrale, ont pris part \u00e0 une r\u00e9union, d\u2019\u00e9valuation de [&hellip;]<\/p>\n","protected":false},"author":15,"featured_media":37458,"comment_status":"closed","ping_status":"closed","sticky":false,"template":"","format":"standard","meta":{"_et_pb_use_builder":"","_et_pb_old_content":"","_et_gb_content_width":"","footnotes":""},"categories":[53,10],"tags":[],"class_list":["post-37457","post","type-post","status-publish","format-standard","has-post-thumbnail","hentry","category-africa-central","category-camerun"],"yoast_head":"<!-- This site is optimized with the Yoast SEO plugin v27.4 - https:\/\/yoast.com\/product\/yoast-seo-wordpress\/ -->\n<title>- Itaka-Escolapios<\/title>\n<meta name=\"description\" content=\"[:fr]En vue d\u2019organiser le lancement des activit\u00e9s pour l\u2019ann\u00e9e 2022 2023, l\u2019\u00e9quipe op\u00e9rationnelle ainsi que l\u2019\u00e9quipe d\u00e9marcationelle de la province d\u2019Afrique Centrale, ont pris part \u00e0 une r\u00e9union, d\u2019\u00e9valuation de l\u2019ann\u00e9e derni\u00e8re, ce vendredi 23 septembre 2022. A cette r\u00e9union \u00e9taient pr\u00e9sents le Sup\u00e9rieur Provincial le P\u00e8re Evaristus Akem, les P\u00e8res MOSES KONGMI (Econome provincial),&hellip;\" \/>\n<meta name=\"robots\" content=\"index, follow, max-snippet:-1, max-image-preview:large, max-video-preview:-1\" \/>\n<link rel=\"canonical\" href=\"\" \/>\n<meta property=\"og:locale\" content=\"pt_BR\" \/>\n<meta property=\"og:type\" content=\"article\" \/>\n<meta property=\"og:title\" content=\"- Itaka-Escolapios\" \/>\n<meta property=\"og:description\" content=\"[:fr]En vue d\u2019organiser le lancement des activit\u00e9s pour l\u2019ann\u00e9e 2022 2023, l\u2019\u00e9quipe op\u00e9rationnelle ainsi que l\u2019\u00e9quipe d\u00e9marcationelle de la province d\u2019Afrique Centrale, ont pris part \u00e0 une r\u00e9union, d\u2019\u00e9valuation de l\u2019ann\u00e9e derni\u00e8re, ce vendredi 23 septembre 2022. A cette r\u00e9union \u00e9taient pr\u00e9sents le Sup\u00e9rieur Provincial le P\u00e8re Evaristus Akem, les P\u00e8res MOSES KONGMI (Econome provincial),&hellip;\" \/>\n<meta property=\"og:url\" content=\"https:\/\/www.itakaescolapios.org\/pt\/2022\/09\/francais-reunion-de-lequipe-demarcationelle-et-operationnelle-de-la-province-piariste-dafrique-centrale-a-yaounde-au-cameroun\/\" \/>\n<meta property=\"og:site_name\" content=\"Itaka-Escolapios\" \/>\n<meta property=\"article:published_time\" content=\"2022-09-23T16:25:45+00:00\" \/>\n<meta property=\"article:modified_time\" content=\"2023-11-28T11:35:42+00:00\" \/>\n<meta property=\"og:image\" content=\"https:\/\/www.itakaescolapios.org\/wp-content\/uploads\/2022\/09\/WhatsApp-Image-2022-09-23-at-1.16.51-PM-1.jpeg\" \/>\n\t<meta property=\"og:image:width\" content=\"1080\" \/>\n\t<meta property=\"og:image:height\" content=\"584\" \/>\n\t<meta property=\"og:image:type\" content=\"image\/jpeg\" \/>\n<meta name=\"author\" content=\"cameroun01\" \/>\n<meta name=\"twitter:card\" content=\"summary_large_image\" \/>\n<meta name=\"twitter:label1\" content=\"Escrito por\" \/>\n\t<meta name=\"twitter:data1\" content=\"cameroun01\" \/>\n\t<meta name=\"twitter:label2\" content=\"Est. tempo de leitura\" \/>\n\t<meta name=\"twitter:data2\" content=\"1 minuto\" \/>\n<script type=\"application\/ld+json\" class=\"yoast-schema-graph\">{\"@context\":\"https:\\\/\\\/schema.org\",\"@graph\":[{\"@type\":\"Article\",\"@id\":\"https:\\\/\\\/www.itakaescolapios.org\\\/pt\\\/2022\\\/09\\\/francais-reunion-de-lequipe-demarcationelle-et-operationnelle-de-la-province-piariste-dafrique-centrale-a-yaounde-au-cameroun\\\/#article\",\"isPartOf\":{\"@id\":\"https:\\\/\\\/www.itakaescolapios.org\\\/pt\\\/2022\\\/09\\\/francais-reunion-de-lequipe-demarcationelle-et-operationnelle-de-la-province-piariste-dafrique-centrale-a-yaounde-au-cameroun\\\/\"},\"author\":{\"name\":\"cameroun01\",\"@id\":\"https:\\\/\\\/www.itakaescolapios.org\\\/es\\\/#\\\/schema\\\/person\\\/d2844383e29bfdfef69039672ce14eb1\"},\"headline\":\"Sem t\u00edtulo\",\"datePublished\":\"2022-09-23T16:25:45+00:00\",\"dateModified\":\"2023-11-28T11:35:42+00:00\",\"mainEntityOfPage\":{\"@id\":\"https:\\\/\\\/www.itakaescolapios.org\\\/pt\\\/2022\\\/09\\\/francais-reunion-de-lequipe-demarcationelle-et-operationnelle-de-la-province-piariste-dafrique-centrale-a-yaounde-au-cameroun\\\/\"},\"wordCount\":151,\"publisher\":{\"@id\":\"https:\\\/\\\/www.itakaescolapios.org\\\/es\\\/#organization\"},\"image\":{\"@id\":\"https:\\\/\\\/www.itakaescolapios.org\\\/pt\\\/2022\\\/09\\\/francais-reunion-de-lequipe-demarcationelle-et-operationnelle-de-la-province-piariste-dafrique-centrale-a-yaounde-au-cameroun\\\/#primaryimage\"},\"thumbnailUrl\":\"https:\\\/\\\/www.itakaescolapios.org\\\/wp-content\\\/uploads\\\/2022\\\/09\\\/WhatsApp-Image-2022-09-23-at-1.16.51-PM-1.jpeg\",\"articleSection\":[\"\u00c1frica Central\",\"Camar\u00f5es\"],\"inLanguage\":\"pt-BR\"},{\"@type\":\"WebPage\",\"@id\":\"https:\\\/\\\/www.itakaescolapios.org\\\/pt\\\/2022\\\/09\\\/francais-reunion-de-lequipe-demarcationelle-et-operationnelle-de-la-province-piariste-dafrique-centrale-a-yaounde-au-cameroun\\\/\",\"url\":\"https:\\\/\\\/www.itakaescolapios.org\\\/pt\\\/2022\\\/09\\\/francais-reunion-de-lequipe-demarcationelle-et-operationnelle-de-la-province-piariste-dafrique-centrale-a-yaounde-au-cameroun\\\/\",\"name\":\"- Itaka-Escolapios\",\"isPartOf\":{\"@id\":\"https:\\\/\\\/www.itakaescolapios.org\\\/es\\\/#website\"},\"primaryImageOfPage\":{\"@id\":\"https:\\\/\\\/www.itakaescolapios.org\\\/pt\\\/2022\\\/09\\\/francais-reunion-de-lequipe-demarcationelle-et-operationnelle-de-la-province-piariste-dafrique-centrale-a-yaounde-au-cameroun\\\/#primaryimage\"},\"image\":{\"@id\":\"https:\\\/\\\/www.itakaescolapios.org\\\/pt\\\/2022\\\/09\\\/francais-reunion-de-lequipe-demarcationelle-et-operationnelle-de-la-province-piariste-dafrique-centrale-a-yaounde-au-cameroun\\\/#primaryimage\"},\"thumbnailUrl\":\"https:\\\/\\\/www.itakaescolapios.org\\\/wp-content\\\/uploads\\\/2022\\\/09\\\/WhatsApp-Image-2022-09-23-at-1.16.51-PM-1.jpeg\",\"datePublished\":\"2022-09-23T16:25:45+00:00\",\"dateModified\":\"2023-11-28T11:35:42+00:00\",\"inLanguage\":\"pt-BR\",\"potentialAction\":[{\"@type\":\"ReadAction\",\"target\":[\"https:\\\/\\\/www.itakaescolapios.org\\\/pt\\\/2022\\\/09\\\/francais-reunion-de-lequipe-demarcationelle-et-operationnelle-de-la-province-piariste-dafrique-centrale-a-yaounde-au-cameroun\\\/\"]}]},{\"@type\":\"ImageObject\",\"inLanguage\":\"pt-BR\",\"@id\":\"https:\\\/\\\/www.itakaescolapios.org\\\/pt\\\/2022\\\/09\\\/francais-reunion-de-lequipe-demarcationelle-et-operationnelle-de-la-province-piariste-dafrique-centrale-a-yaounde-au-cameroun\\\/#primaryimage\",\"url\":\"https:\\\/\\\/www.itakaescolapios.org\\\/wp-content\\\/uploads\\\/2022\\\/09\\\/WhatsApp-Image-2022-09-23-at-1.16.51-PM-1.jpeg\",\"contentUrl\":\"https:\\\/\\\/www.itakaescolapios.org\\\/wp-content\\\/uploads\\\/2022\\\/09\\\/WhatsApp-Image-2022-09-23-at-1.16.51-PM-1.jpeg\",\"width\":1080,\"height\":584},{\"@type\":\"WebSite\",\"@id\":\"https:\\\/\\\/www.itakaescolapios.org\\\/pt\\\/es\\\/#website\",\"url\":\"https:\\\/\\\/www.itakaescolapios.org\\\/pt\\\/es\\\/\",\"name\":\"Itaka-Escolapios\",\"description\":\"Red de Itaka-Escolapios\",\"publisher\":{\"@id\":\"https:\\\/\\\/www.itakaescolapios.org\\\/pt\\\/es\\\/#organization\"},\"potentialAction\":[{\"@type\":\"SearchAction\",\"target\":{\"@type\":\"EntryPoint\",\"urlTemplate\":\"https:\\\/\\\/www.itakaescolapios.org\\\/pt\\\/es\\\/?s={search_term_string}\"},\"query-input\":{\"@type\":\"PropertyValueSpecification\",\"valueRequired\":true,\"valueName\":\"search_term_string\"}}],\"inLanguage\":\"pt-BR\"},{\"@type\":\"Organization\",\"@id\":\"https:\\\/\\\/www.itakaescolapios.org\\\/pt\\\/es\\\/#organization\",\"name\":\"Fundaci\u00f3 Itaka-Escolapios\",\"url\":\"https:\\\/\\\/www.itakaescolapios.org\\\/pt\\\/es\\\/\",\"logo\":{\"@type\":\"ImageObject\",\"inLanguage\":\"pt-BR\",\"@id\":\"https:\\\/\\\/www.itakaescolapios.org\\\/pt\\\/es\\\/#\\\/schema\\\/logo\\\/image\\\/\",\"url\":\"https:\\\/\\\/www.itakaescolapios.org\\\/wp-content\\\/uploads\\\/2024\\\/04\\\/Logo-itakaescolapios-peque.png\",\"contentUrl\":\"https:\\\/\\\/www.itakaescolapios.org\\\/wp-content\\\/uploads\\\/2024\\\/04\\\/Logo-itakaescolapios-peque.png\",\"width\":500,\"height\":199,\"caption\":\"Fundaci\u00f3 Itaka-Escolapios\"},\"image\":{\"@id\":\"https:\\\/\\\/www.itakaescolapios.org\\\/pt\\\/es\\\/#\\\/schema\\\/logo\\\/image\\\/\"}},{\"@type\":\"Person\",\"@id\":\"https:\\\/\\\/www.itakaescolapios.org\\\/es\\\/#\\\/schema\\\/person\\\/d2844383e29bfdfef69039672ce14eb1\",\"name\":\"cameroun01\",\"url\":\"https:\\\/\\\/www.itakaescolapios.org\\\/pt\\\/author\\\/cameroun01\\\/\"}]}<\/script>\n<!-- \/ Yoast SEO plugin. -->","yoast_head_json":{"title":"- Itaka-Escolapios","description":"[:fr]En vue d\u2019organiser le lancement des activit\u00e9s pour l\u2019ann\u00e9e 2022 2023, l\u2019\u00e9quipe op\u00e9rationnelle ainsi que l\u2019\u00e9quipe d\u00e9marcationelle de la province d\u2019Afrique Centrale, ont pris part \u00e0 une r\u00e9union, d\u2019\u00e9valuation de l\u2019ann\u00e9e derni\u00e8re, ce vendredi 23 septembre 2022. A cette r\u00e9union \u00e9taient pr\u00e9sents le Sup\u00e9rieur Provincial le P\u00e8re Evaristus Akem, les P\u00e8res MOSES KONGMI (Econome provincial),&hellip;","robots":{"index":"index","follow":"follow","max-snippet":"max-snippet:-1","max-image-preview":"max-image-preview:large","max-video-preview":"max-video-preview:-1"},"canonical":"[:fr]En vue d\u2019organiser le lancement des activit\u00e9s pour l\u2019ann\u00e9e 2022 2023, l\u2019\u00e9quipe op\u00e9rationnelle ainsi que l\u2019\u00e9quipe d\u00e9marcationelle de la province d\u2019Afrique Centrale, ont pris part \u00e0 une r\u00e9union, d\u2019\u00e9valuation de l\u2019ann\u00e9e derni\u00e8re, ce vendredi 23 septembre 2022. A cette r\u00e9union \u00e9taient pr\u00e9sents le Sup\u00e9rieur Provincial le P\u00e8re Evaristus Akem, les P\u00e8res MOSES KONGMI (Econome provincial),&hellip;","og_locale":"pt_BR","og_type":"article","og_title":"- Itaka-Escolapios","og_description":"[:fr]En vue d\u2019organiser le lancement des activit\u00e9s pour l\u2019ann\u00e9e 2022 2023, l\u2019\u00e9quipe op\u00e9rationnelle ainsi que l\u2019\u00e9quipe d\u00e9marcationelle de la province d\u2019Afrique Centrale, ont pris part \u00e0 une r\u00e9union, d\u2019\u00e9valuation de l\u2019ann\u00e9e derni\u00e8re, ce vendredi 23 septembre 2022. A cette r\u00e9union \u00e9taient pr\u00e9sents le Sup\u00e9rieur Provincial le P\u00e8re Evaristus Akem, les P\u00e8res MOSES KONGMI (Econome provincial),&hellip;","og_url":"https:\/\/www.itakaescolapios.org\/pt\/2022\/09\/francais-reunion-de-lequipe-demarcationelle-et-operationnelle-de-la-province-piariste-dafrique-centrale-a-yaounde-au-cameroun\/","og_site_name":"Itaka-Escolapios","article_published_time":"2022-09-23T16:25:45+00:00","article_modified_time":"2023-11-28T11:35:42+00:00","og_image":[{"width":1080,"height":584,"url":"https:\/\/www.itakaescolapios.org\/wp-content\/uploads\/2022\/09\/WhatsApp-Image-2022-09-23-at-1.16.51-PM-1.jpeg","type":"image\/jpeg"}],"author":"cameroun01","twitter_card":"summary_large_image","twitter_misc":{"Escrito por":"cameroun01","Est. tempo de leitura":"1 minuto"},"schema":{"@context":"https:\/\/schema.org","@graph":[{"@type":"Article","@id":"https:\/\/www.itakaescolapios.org\/pt\/2022\/09\/francais-reunion-de-lequipe-demarcationelle-et-operationnelle-de-la-province-piariste-dafrique-centrale-a-yaounde-au-cameroun\/#article","isPartOf":{"@id":"https:\/\/www.itakaescolapios.org\/pt\/2022\/09\/francais-reunion-de-lequipe-demarcationelle-et-operationnelle-de-la-province-piariste-dafrique-centrale-a-yaounde-au-cameroun\/"},"author":{"name":"cameroun01","@id":"https:\/\/www.itakaescolapios.org\/es\/#\/schema\/person\/d2844383e29bfdfef69039672ce14eb1"},"headline":"Sem t\u00edtulo","datePublished":"2022-09-23T16:25:45+00:00","dateModified":"2023-11-28T11:35:42+00:00","mainEntityOfPage":{"@id":"https:\/\/www.itakaescolapios.org\/pt\/2022\/09\/francais-reunion-de-lequipe-demarcationelle-et-operationnelle-de-la-province-piariste-dafrique-centrale-a-yaounde-au-cameroun\/"},"wordCount":151,"publisher":{"@id":"https:\/\/www.itakaescolapios.org\/es\/#organization"},"image":{"@id":"https:\/\/www.itakaescolapios.org\/pt\/2022\/09\/francais-reunion-de-lequipe-demarcationelle-et-operationnelle-de-la-province-piariste-dafrique-centrale-a-yaounde-au-cameroun\/#primaryimage"},"thumbnailUrl":"https:\/\/www.itakaescolapios.org\/wp-content\/uploads\/2022\/09\/WhatsApp-Image-2022-09-23-at-1.16.51-PM-1.jpeg","articleSection":["\u00c1frica Central","Camar\u00f5es"],"inLanguage":"pt-BR"},{"@type":"WebPage","@id":"https:\/\/www.itakaescolapios.org\/pt\/2022\/09\/francais-reunion-de-lequipe-demarcationelle-et-operationnelle-de-la-province-piariste-dafrique-centrale-a-yaounde-au-cameroun\/","url":"https:\/\/www.itakaescolapios.org\/pt\/2022\/09\/francais-reunion-de-lequipe-demarcationelle-et-operationnelle-de-la-province-piariste-dafrique-centrale-a-yaounde-au-cameroun\/","name":"- Itaka-Escolapios","isPartOf":{"@id":"https:\/\/www.itakaescolapios.org\/es\/#website"},"primaryImageOfPage":{"@id":"https:\/\/www.itakaescolapios.org\/pt\/2022\/09\/francais-reunion-de-lequipe-demarcationelle-et-operationnelle-de-la-province-piariste-dafrique-centrale-a-yaounde-au-cameroun\/#primaryimage"},"image":{"@id":"https:\/\/www.itakaescolapios.org\/pt\/2022\/09\/francais-reunion-de-lequipe-demarcationelle-et-operationnelle-de-la-province-piariste-dafrique-centrale-a-yaounde-au-cameroun\/#primaryimage"},"thumbnailUrl":"https:\/\/www.itakaescolapios.org\/wp-content\/uploads\/2022\/09\/WhatsApp-Image-2022-09-23-at-1.16.51-PM-1.jpeg","datePublished":"2022-09-23T16:25:45+00:00","dateModified":"2023-11-28T11:35:42+00:00","inLanguage":"pt-BR","potentialAction":[{"@type":"ReadAction","target":["https:\/\/www.itakaescolapios.org\/pt\/2022\/09\/francais-reunion-de-lequipe-demarcationelle-et-operationnelle-de-la-province-piariste-dafrique-centrale-a-yaounde-au-cameroun\/"]}]},{"@type":"ImageObject","inLanguage":"pt-BR","@id":"https:\/\/www.itakaescolapios.org\/pt\/2022\/09\/francais-reunion-de-lequipe-demarcationelle-et-operationnelle-de-la-province-piariste-dafrique-centrale-a-yaounde-au-cameroun\/#primaryimage","url":"https:\/\/www.itakaescolapios.org\/wp-content\/uploads\/2022\/09\/WhatsApp-Image-2022-09-23-at-1.16.51-PM-1.jpeg","contentUrl":"https:\/\/www.itakaescolapios.org\/wp-content\/uploads\/2022\/09\/WhatsApp-Image-2022-09-23-at-1.16.51-PM-1.jpeg","width":1080,"height":584},{"@type":"WebSite","@id":"https:\/\/www.itakaescolapios.org\/pt\/es\/#website","url":"https:\/\/www.itakaescolapios.org\/pt\/es\/","name":"Itaka-Escolapios","description":"Red de Itaka-Escolapios","publisher":{"@id":"https:\/\/www.itakaescolapios.org\/pt\/es\/#organization"},"potentialAction":[{"@type":"SearchAction","target":{"@type":"EntryPoint","urlTemplate":"https:\/\/www.itakaescolapios.org\/pt\/es\/?s={search_term_string}"},"query-input":{"@type":"PropertyValueSpecification","valueRequired":true,"valueName":"search_term_string"}}],"inLanguage":"pt-BR"},{"@type":"Organization","@id":"https:\/\/www.itakaescolapios.org\/pt\/es\/#organization","name":"Fundaci\u00f3 Itaka-Escolapios","url":"https:\/\/www.itakaescolapios.org\/pt\/es\/","logo":{"@type":"ImageObject","inLanguage":"pt-BR","@id":"https:\/\/www.itakaescolapios.org\/pt\/es\/#\/schema\/logo\/image\/","url":"https:\/\/www.itakaescolapios.org\/wp-content\/uploads\/2024\/04\/Logo-itakaescolapios-peque.png","contentUrl":"https:\/\/www.itakaescolapios.org\/wp-content\/uploads\/2024\/04\/Logo-itakaescolapios-peque.png","width":500,"height":199,"caption":"Fundaci\u00f3 Itaka-Escolapios"},"image":{"@id":"https:\/\/www.itakaescolapios.org\/pt\/es\/#\/schema\/logo\/image\/"}},{"@type":"Person","@id":"https:\/\/www.itakaescolapios.org\/es\/#\/schema\/person\/d2844383e29bfdfef69039672ce14eb1","name":"cameroun01","url":"https:\/\/www.itakaescolapios.org\/pt\/author\/cameroun01\/"}]}},"_links":{"self":[{"href":"https:\/\/www.itakaescolapios.org\/pt\/wp-json\/wp\/v2\/posts\/37457","targetHints":{"allow":["GET"]}}],"collection":[{"href":"https:\/\/www.itakaescolapios.org\/pt\/wp-json\/wp\/v2\/posts"}],"about":[{"href":"https:\/\/www.itakaescolapios.org\/pt\/wp-json\/wp\/v2\/types\/post"}],"author":[{"embeddable":true,"href":"https:\/\/www.itakaescolapios.org\/pt\/wp-json\/wp\/v2\/users\/15"}],"replies":[{"embeddable":true,"href":"https:\/\/www.itakaescolapios.org\/pt\/wp-json\/wp\/v2\/comments?post=37457"}],"version-history":[{"count":2,"href":"https:\/\/www.itakaescolapios.org\/pt\/wp-json\/wp\/v2\/posts\/37457\/revisions"}],"predecessor-version":[{"id":43828,"href":"https:\/\/www.itakaescolapios.org\/pt\/wp-json\/wp\/v2\/posts\/37457\/revisions\/43828"}],"wp:featuredmedia":[{"embeddable":true,"href":"https:\/\/www.itakaescolapios.org\/pt\/wp-json\/wp\/v2\/media\/37458"}],"wp:attachment":[{"href":"https:\/\/www.itakaescolapios.org\/pt\/wp-json\/wp\/v2\/media?parent=37457"}],"wp:term":[{"taxonomy":"category","embeddable":true,"href":"https:\/\/www.itakaescolapios.org\/pt\/wp-json\/wp\/v2\/categories?post=37457"},{"taxonomy":"post_tag","embeddable":true,"href":"https:\/\/www.itakaescolapios.org\/pt\/wp-json\/wp\/v2\/tags?post=37457"}],"curies":[{"name":"wp","href":"https:\/\/api.w.org\/{rel}","templated":true}]}}