{"id":37614,"date":"2022-10-18T11:23:57","date_gmt":"2022-10-18T10:23:57","guid":{"rendered":"https:\/\/www.itakaescolapios.org\/?p=37614"},"modified":"2023-11-28T12:35:40","modified_gmt":"2023-11-28T11:35:40","slug":"francais-rencontre-des-responsables-doeuvres-correspondants-locaux-et-bureau-itaka-afrique-centrale","status":"publish","type":"post","link":"https:\/\/www.itakaescolapios.org\/pt\/2022\/10\/francais-rencontre-des-responsables-doeuvres-correspondants-locaux-et-bureau-itaka-afrique-centrale\/","title":{"rendered":""},"content":{"rendered":"<p>[:fr]Vendredi 14 octobre dernier a eu lieu \u00e0 bamendjou la rencontre des responsables d\u2019\u0153uvres, correspondants locaux et le bureau ITAKA Afrique Centrale, en vue du lancement des activit\u00e9s dans les diff\u00e9rents si\u00e8ges. Etaient pr\u00e9sents \u00e0 ladite r\u00e9union, les responsables d\u2019\u0153uvres des diff\u00e9rentes pr\u00e9sences (Ouest, Centre, Nord-ouest, Guin\u00e9e Equatoriale, Gabon), les responsables des bureaux ITAKA des diff\u00e9rentes pr\u00e9sences ainsi que le bureau ITAKA de la province d\u2019Afrique Centrale. Chaque responsable a pr\u00e9sent\u00e9 ses objectifs, ses difficult\u00e9s ainsi que ses projections pour l\u2019ann\u00e9e qui a d\u00e9but\u00e9 le mois dernier. La r\u00e9union s\u2019est termin\u00e9e aux environs de 14H10 autour d\u2019un repas \u00e0 la communaut\u00e9 de\u00a0 Bamendjou.<\/p>\n<p><img decoding=\"async\" class=\"size-full wp-image-37615 aligncenter\" src=\"https:\/\/www.itakaescolapios.org\/wp-content\/uploads\/2022\/10\/20221014_104239-scaled.jpg\" alt=\"\" width=\"2560\" height=\"1920\" srcset=\"https:\/\/www.itakaescolapios.org\/wp-content\/uploads\/2022\/10\/20221014_104239-scaled.jpg 2000w, https:\/\/www.itakaescolapios.org\/wp-content\/uploads\/2022\/10\/20221014_104239-300x225.jpg 300w, https:\/\/www.itakaescolapios.org\/wp-content\/uploads\/2022\/10\/20221014_104239-1024x768.jpg 1024w, https:\/\/www.itakaescolapios.org\/wp-content\/uploads\/2022\/10\/20221014_104239-768x576.jpg 768w, https:\/\/www.itakaescolapios.org\/wp-content\/uploads\/2022\/10\/20221014_104239-1536x1152.jpg 1536w, https:\/\/www.itakaescolapios.org\/wp-content\/uploads\/2022\/10\/20221014_104239-2048x1536.jpg 2048w, https:\/\/www.itakaescolapios.org\/wp-content\/uploads\/2022\/10\/20221014_104239-250x188.jpg 250w, https:\/\/www.itakaescolapios.org\/wp-content\/uploads\/2022\/10\/20221014_104239-510x382.jpg 510w, https:\/\/www.itakaescolapios.org\/wp-content\/uploads\/2022\/10\/20221014_104239-1080x810.jpg 1080w\" sizes=\"(max-width: 2560px) 100vw, 2560px\" \/><\/p>\n<p><img decoding=\"async\" class=\"size-full wp-image-37618 aligncenter\" src=\"https:\/\/www.itakaescolapios.org\/wp-content\/uploads\/2022\/10\/20221014_104334-scaled.jpg\" alt=\"\" width=\"2560\" height=\"1920\" srcset=\"https:\/\/www.itakaescolapios.org\/wp-content\/uploads\/2022\/10\/20221014_104334-scaled.jpg 2000w, https:\/\/www.itakaescolapios.org\/wp-content\/uploads\/2022\/10\/20221014_104334-300x225.jpg 300w, https:\/\/www.itakaescolapios.org\/wp-content\/uploads\/2022\/10\/20221014_104334-1024x768.jpg 1024w, https:\/\/www.itakaescolapios.org\/wp-content\/uploads\/2022\/10\/20221014_104334-768x576.jpg 768w, https:\/\/www.itakaescolapios.org\/wp-content\/uploads\/2022\/10\/20221014_104334-1536x1152.jpg 1536w, https:\/\/www.itakaescolapios.org\/wp-content\/uploads\/2022\/10\/20221014_104334-2048x1536.jpg 2048w, https:\/\/www.itakaescolapios.org\/wp-content\/uploads\/2022\/10\/20221014_104334-250x188.jpg 250w, https:\/\/www.itakaescolapios.org\/wp-content\/uploads\/2022\/10\/20221014_104334-510x382.jpg 510w, https:\/\/www.itakaescolapios.org\/wp-content\/uploads\/2022\/10\/20221014_104334-1080x810.jpg 1080w\" sizes=\"(max-width: 2560px) 100vw, 2560px\" \/>[:]<\/p>\n","protected":false},"excerpt":{"rendered":"<p>[:fr]Vendredi 14 octobre dernier a eu lieu \u00e0 bamendjou la rencontre des responsables d\u2019\u0153uvres, correspondants locaux et le bureau ITAKA Afrique Centrale, en vue du lancement des activit\u00e9s dans les [&hellip;]<\/p>\n","protected":false},"author":15,"featured_media":37622,"comment_status":"closed","ping_status":"closed","sticky":false,"template":"","format":"standard","meta":{"_et_pb_use_builder":"","_et_pb_old_content":"","_et_gb_content_width":"","footnotes":""},"categories":[53,10],"tags":[],"class_list":["post-37614","post","type-post","status-publish","format-standard","has-post-thumbnail","hentry","category-africa-central","category-camerun"],"yoast_head":"<!-- This site is optimized with the Yoast SEO plugin v27.4 - https:\/\/yoast.com\/product\/yoast-seo-wordpress\/ -->\n<title>- Itaka-Escolapios<\/title>\n<meta name=\"description\" content=\"[:fr]Vendredi 14 octobre dernier a eu lieu \u00e0 bamendjou la rencontre des responsables d\u2019\u0153uvres, correspondants locaux et le bureau ITAKA Afrique Centrale, en vue du lancement des activit\u00e9s dans les diff\u00e9rents si\u00e8ges. Etaient pr\u00e9sents \u00e0 ladite r\u00e9union, les responsables d\u2019\u0153uvres des diff\u00e9rentes pr\u00e9sences (Ouest, Centre, Nord-ouest, Guin\u00e9e Equatoriale, Gabon), les responsables des bureaux ITAKA des&hellip;\" \/>\n<meta name=\"robots\" content=\"index, follow, max-snippet:-1, max-image-preview:large, max-video-preview:-1\" \/>\n<link rel=\"canonical\" href=\"\" \/>\n<meta property=\"og:locale\" content=\"pt_BR\" \/>\n<meta property=\"og:type\" content=\"article\" \/>\n<meta property=\"og:title\" content=\"- Itaka-Escolapios\" \/>\n<meta property=\"og:description\" content=\"[:fr]Vendredi 14 octobre dernier a eu lieu \u00e0 bamendjou la rencontre des responsables d\u2019\u0153uvres, correspondants locaux et le bureau ITAKA Afrique Centrale, en vue du lancement des activit\u00e9s dans les diff\u00e9rents si\u00e8ges. Etaient pr\u00e9sents \u00e0 ladite r\u00e9union, les responsables d\u2019\u0153uvres des diff\u00e9rentes pr\u00e9sences (Ouest, Centre, Nord-ouest, Guin\u00e9e Equatoriale, Gabon), les responsables des bureaux ITAKA des&hellip;\" \/>\n<meta property=\"og:url\" content=\"https:\/\/www.itakaescolapios.org\/pt\/2022\/10\/francais-rencontre-des-responsables-doeuvres-correspondants-locaux-et-bureau-itaka-afrique-centrale\/\" \/>\n<meta property=\"og:site_name\" content=\"Itaka-Escolapios\" \/>\n<meta property=\"article:published_time\" content=\"2022-10-18T10:23:57+00:00\" \/>\n<meta property=\"article:modified_time\" content=\"2023-11-28T11:35:40+00:00\" \/>\n<meta property=\"og:image\" content=\"https:\/\/www.itakaescolapios.org\/wp-content\/uploads\/2022\/10\/20221014_113631-scaled.jpg\" \/>\n\t<meta property=\"og:image:width\" content=\"2000\" \/>\n\t<meta property=\"og:image:height\" content=\"1500\" \/>\n\t<meta property=\"og:image:type\" content=\"image\/jpeg\" \/>\n<meta name=\"author\" content=\"cameroun01\" \/>\n<meta name=\"twitter:card\" content=\"summary_large_image\" \/>\n<meta name=\"twitter:label1\" content=\"Escrito por\" \/>\n\t<meta name=\"twitter:data1\" content=\"cameroun01\" \/>\n\t<meta name=\"twitter:label2\" content=\"Est. tempo de leitura\" \/>\n\t<meta name=\"twitter:data2\" content=\"1 minuto\" \/>\n<script type=\"application\/ld+json\" class=\"yoast-schema-graph\">{\"@context\":\"https:\\\/\\\/schema.org\",\"@graph\":[{\"@type\":\"Article\",\"@id\":\"https:\\\/\\\/www.itakaescolapios.org\\\/pt\\\/2022\\\/10\\\/francais-rencontre-des-responsables-doeuvres-correspondants-locaux-et-bureau-itaka-afrique-centrale\\\/#article\",\"isPartOf\":{\"@id\":\"https:\\\/\\\/www.itakaescolapios.org\\\/pt\\\/2022\\\/10\\\/francais-rencontre-des-responsables-doeuvres-correspondants-locaux-et-bureau-itaka-afrique-centrale\\\/\"},\"author\":{\"name\":\"cameroun01\",\"@id\":\"https:\\\/\\\/www.itakaescolapios.org\\\/es\\\/#\\\/schema\\\/person\\\/d2844383e29bfdfef69039672ce14eb1\"},\"headline\":\"Sem t\u00edtulo\",\"datePublished\":\"2022-10-18T10:23:57+00:00\",\"dateModified\":\"2023-11-28T11:35:40+00:00\",\"mainEntityOfPage\":{\"@id\":\"https:\\\/\\\/www.itakaescolapios.org\\\/pt\\\/2022\\\/10\\\/francais-rencontre-des-responsables-doeuvres-correspondants-locaux-et-bureau-itaka-afrique-centrale\\\/\"},\"wordCount\":122,\"publisher\":{\"@id\":\"https:\\\/\\\/www.itakaescolapios.org\\\/es\\\/#organization\"},\"image\":{\"@id\":\"https:\\\/\\\/www.itakaescolapios.org\\\/pt\\\/2022\\\/10\\\/francais-rencontre-des-responsables-doeuvres-correspondants-locaux-et-bureau-itaka-afrique-centrale\\\/#primaryimage\"},\"thumbnailUrl\":\"https:\\\/\\\/www.itakaescolapios.org\\\/wp-content\\\/uploads\\\/2022\\\/10\\\/20221014_113631-scaled.jpg\",\"articleSection\":[\"\u00c1frica Central\",\"Camar\u00f5es\"],\"inLanguage\":\"pt-BR\"},{\"@type\":\"WebPage\",\"@id\":\"https:\\\/\\\/www.itakaescolapios.org\\\/pt\\\/2022\\\/10\\\/francais-rencontre-des-responsables-doeuvres-correspondants-locaux-et-bureau-itaka-afrique-centrale\\\/\",\"url\":\"https:\\\/\\\/www.itakaescolapios.org\\\/pt\\\/2022\\\/10\\\/francais-rencontre-des-responsables-doeuvres-correspondants-locaux-et-bureau-itaka-afrique-centrale\\\/\",\"name\":\"- Itaka-Escolapios\",\"isPartOf\":{\"@id\":\"https:\\\/\\\/www.itakaescolapios.org\\\/es\\\/#website\"},\"primaryImageOfPage\":{\"@id\":\"https:\\\/\\\/www.itakaescolapios.org\\\/pt\\\/2022\\\/10\\\/francais-rencontre-des-responsables-doeuvres-correspondants-locaux-et-bureau-itaka-afrique-centrale\\\/#primaryimage\"},\"image\":{\"@id\":\"https:\\\/\\\/www.itakaescolapios.org\\\/pt\\\/2022\\\/10\\\/francais-rencontre-des-responsables-doeuvres-correspondants-locaux-et-bureau-itaka-afrique-centrale\\\/#primaryimage\"},\"thumbnailUrl\":\"https:\\\/\\\/www.itakaescolapios.org\\\/wp-content\\\/uploads\\\/2022\\\/10\\\/20221014_113631-scaled.jpg\",\"datePublished\":\"2022-10-18T10:23:57+00:00\",\"dateModified\":\"2023-11-28T11:35:40+00:00\",\"inLanguage\":\"pt-BR\",\"potentialAction\":[{\"@type\":\"ReadAction\",\"target\":[\"https:\\\/\\\/www.itakaescolapios.org\\\/pt\\\/2022\\\/10\\\/francais-rencontre-des-responsables-doeuvres-correspondants-locaux-et-bureau-itaka-afrique-centrale\\\/\"]}]},{\"@type\":\"ImageObject\",\"inLanguage\":\"pt-BR\",\"@id\":\"https:\\\/\\\/www.itakaescolapios.org\\\/pt\\\/2022\\\/10\\\/francais-rencontre-des-responsables-doeuvres-correspondants-locaux-et-bureau-itaka-afrique-centrale\\\/#primaryimage\",\"url\":\"https:\\\/\\\/www.itakaescolapios.org\\\/wp-content\\\/uploads\\\/2022\\\/10\\\/20221014_113631-scaled.jpg\",\"contentUrl\":\"https:\\\/\\\/www.itakaescolapios.org\\\/wp-content\\\/uploads\\\/2022\\\/10\\\/20221014_113631-scaled.jpg\",\"width\":2000,\"height\":1500},{\"@type\":\"WebSite\",\"@id\":\"https:\\\/\\\/www.itakaescolapios.org\\\/pt\\\/es\\\/#website\",\"url\":\"https:\\\/\\\/www.itakaescolapios.org\\\/pt\\\/es\\\/\",\"name\":\"Itaka-Escolapios\",\"description\":\"Red de Itaka-Escolapios\",\"publisher\":{\"@id\":\"https:\\\/\\\/www.itakaescolapios.org\\\/pt\\\/es\\\/#organization\"},\"potentialAction\":[{\"@type\":\"SearchAction\",\"target\":{\"@type\":\"EntryPoint\",\"urlTemplate\":\"https:\\\/\\\/www.itakaescolapios.org\\\/pt\\\/es\\\/?s={search_term_string}\"},\"query-input\":{\"@type\":\"PropertyValueSpecification\",\"valueRequired\":true,\"valueName\":\"search_term_string\"}}],\"inLanguage\":\"pt-BR\"},{\"@type\":\"Organization\",\"@id\":\"https:\\\/\\\/www.itakaescolapios.org\\\/pt\\\/es\\\/#organization\",\"name\":\"Fundaci\u00f3 Itaka-Escolapios\",\"url\":\"https:\\\/\\\/www.itakaescolapios.org\\\/pt\\\/es\\\/\",\"logo\":{\"@type\":\"ImageObject\",\"inLanguage\":\"pt-BR\",\"@id\":\"https:\\\/\\\/www.itakaescolapios.org\\\/pt\\\/es\\\/#\\\/schema\\\/logo\\\/image\\\/\",\"url\":\"https:\\\/\\\/www.itakaescolapios.org\\\/wp-content\\\/uploads\\\/2024\\\/04\\\/Logo-itakaescolapios-peque.png\",\"contentUrl\":\"https:\\\/\\\/www.itakaescolapios.org\\\/wp-content\\\/uploads\\\/2024\\\/04\\\/Logo-itakaescolapios-peque.png\",\"width\":500,\"height\":199,\"caption\":\"Fundaci\u00f3 Itaka-Escolapios\"},\"image\":{\"@id\":\"https:\\\/\\\/www.itakaescolapios.org\\\/pt\\\/es\\\/#\\\/schema\\\/logo\\\/image\\\/\"}},{\"@type\":\"Person\",\"@id\":\"https:\\\/\\\/www.itakaescolapios.org\\\/es\\\/#\\\/schema\\\/person\\\/d2844383e29bfdfef69039672ce14eb1\",\"name\":\"cameroun01\",\"url\":\"https:\\\/\\\/www.itakaescolapios.org\\\/pt\\\/author\\\/cameroun01\\\/\"}]}<\/script>\n<!-- \/ Yoast SEO plugin. -->","yoast_head_json":{"title":"- Itaka-Escolapios","description":"[:fr]Vendredi 14 octobre dernier a eu lieu \u00e0 bamendjou la rencontre des responsables d\u2019\u0153uvres, correspondants locaux et le bureau ITAKA Afrique Centrale, en vue du lancement des activit\u00e9s dans les diff\u00e9rents si\u00e8ges. Etaient pr\u00e9sents \u00e0 ladite r\u00e9union, les responsables d\u2019\u0153uvres des diff\u00e9rentes pr\u00e9sences (Ouest, Centre, Nord-ouest, Guin\u00e9e Equatoriale, Gabon), les responsables des bureaux ITAKA des&hellip;","robots":{"index":"index","follow":"follow","max-snippet":"max-snippet:-1","max-image-preview":"max-image-preview:large","max-video-preview":"max-video-preview:-1"},"canonical":"[:fr]Vendredi 14 octobre dernier a eu lieu \u00e0 bamendjou la rencontre des responsables d\u2019\u0153uvres, correspondants locaux et le bureau ITAKA Afrique Centrale, en vue du lancement des activit\u00e9s dans les diff\u00e9rents si\u00e8ges. Etaient pr\u00e9sents \u00e0 ladite r\u00e9union, les responsables d\u2019\u0153uvres des diff\u00e9rentes pr\u00e9sences (Ouest, Centre, Nord-ouest, Guin\u00e9e Equatoriale, Gabon), les responsables des bureaux ITAKA des&hellip;","og_locale":"pt_BR","og_type":"article","og_title":"- Itaka-Escolapios","og_description":"[:fr]Vendredi 14 octobre dernier a eu lieu \u00e0 bamendjou la rencontre des responsables d\u2019\u0153uvres, correspondants locaux et le bureau ITAKA Afrique Centrale, en vue du lancement des activit\u00e9s dans les diff\u00e9rents si\u00e8ges. Etaient pr\u00e9sents \u00e0 ladite r\u00e9union, les responsables d\u2019\u0153uvres des diff\u00e9rentes pr\u00e9sences (Ouest, Centre, Nord-ouest, Guin\u00e9e Equatoriale, Gabon), les responsables des bureaux ITAKA des&hellip;","og_url":"https:\/\/www.itakaescolapios.org\/pt\/2022\/10\/francais-rencontre-des-responsables-doeuvres-correspondants-locaux-et-bureau-itaka-afrique-centrale\/","og_site_name":"Itaka-Escolapios","article_published_time":"2022-10-18T10:23:57+00:00","article_modified_time":"2023-11-28T11:35:40+00:00","og_image":[{"width":2000,"height":1500,"url":"https:\/\/www.itakaescolapios.org\/wp-content\/uploads\/2022\/10\/20221014_113631-scaled.jpg","type":"image\/jpeg"}],"author":"cameroun01","twitter_card":"summary_large_image","twitter_misc":{"Escrito por":"cameroun01","Est. tempo de leitura":"1 minuto"},"schema":{"@context":"https:\/\/schema.org","@graph":[{"@type":"Article","@id":"https:\/\/www.itakaescolapios.org\/pt\/2022\/10\/francais-rencontre-des-responsables-doeuvres-correspondants-locaux-et-bureau-itaka-afrique-centrale\/#article","isPartOf":{"@id":"https:\/\/www.itakaescolapios.org\/pt\/2022\/10\/francais-rencontre-des-responsables-doeuvres-correspondants-locaux-et-bureau-itaka-afrique-centrale\/"},"author":{"name":"cameroun01","@id":"https:\/\/www.itakaescolapios.org\/es\/#\/schema\/person\/d2844383e29bfdfef69039672ce14eb1"},"headline":"Sem t\u00edtulo","datePublished":"2022-10-18T10:23:57+00:00","dateModified":"2023-11-28T11:35:40+00:00","mainEntityOfPage":{"@id":"https:\/\/www.itakaescolapios.org\/pt\/2022\/10\/francais-rencontre-des-responsables-doeuvres-correspondants-locaux-et-bureau-itaka-afrique-centrale\/"},"wordCount":122,"publisher":{"@id":"https:\/\/www.itakaescolapios.org\/es\/#organization"},"image":{"@id":"https:\/\/www.itakaescolapios.org\/pt\/2022\/10\/francais-rencontre-des-responsables-doeuvres-correspondants-locaux-et-bureau-itaka-afrique-centrale\/#primaryimage"},"thumbnailUrl":"https:\/\/www.itakaescolapios.org\/wp-content\/uploads\/2022\/10\/20221014_113631-scaled.jpg","articleSection":["\u00c1frica Central","Camar\u00f5es"],"inLanguage":"pt-BR"},{"@type":"WebPage","@id":"https:\/\/www.itakaescolapios.org\/pt\/2022\/10\/francais-rencontre-des-responsables-doeuvres-correspondants-locaux-et-bureau-itaka-afrique-centrale\/","url":"https:\/\/www.itakaescolapios.org\/pt\/2022\/10\/francais-rencontre-des-responsables-doeuvres-correspondants-locaux-et-bureau-itaka-afrique-centrale\/","name":"- Itaka-Escolapios","isPartOf":{"@id":"https:\/\/www.itakaescolapios.org\/es\/#website"},"primaryImageOfPage":{"@id":"https:\/\/www.itakaescolapios.org\/pt\/2022\/10\/francais-rencontre-des-responsables-doeuvres-correspondants-locaux-et-bureau-itaka-afrique-centrale\/#primaryimage"},"image":{"@id":"https:\/\/www.itakaescolapios.org\/pt\/2022\/10\/francais-rencontre-des-responsables-doeuvres-correspondants-locaux-et-bureau-itaka-afrique-centrale\/#primaryimage"},"thumbnailUrl":"https:\/\/www.itakaescolapios.org\/wp-content\/uploads\/2022\/10\/20221014_113631-scaled.jpg","datePublished":"2022-10-18T10:23:57+00:00","dateModified":"2023-11-28T11:35:40+00:00","inLanguage":"pt-BR","potentialAction":[{"@type":"ReadAction","target":["https:\/\/www.itakaescolapios.org\/pt\/2022\/10\/francais-rencontre-des-responsables-doeuvres-correspondants-locaux-et-bureau-itaka-afrique-centrale\/"]}]},{"@type":"ImageObject","inLanguage":"pt-BR","@id":"https:\/\/www.itakaescolapios.org\/pt\/2022\/10\/francais-rencontre-des-responsables-doeuvres-correspondants-locaux-et-bureau-itaka-afrique-centrale\/#primaryimage","url":"https:\/\/www.itakaescolapios.org\/wp-content\/uploads\/2022\/10\/20221014_113631-scaled.jpg","contentUrl":"https:\/\/www.itakaescolapios.org\/wp-content\/uploads\/2022\/10\/20221014_113631-scaled.jpg","width":2000,"height":1500},{"@type":"WebSite","@id":"https:\/\/www.itakaescolapios.org\/pt\/es\/#website","url":"https:\/\/www.itakaescolapios.org\/pt\/es\/","name":"Itaka-Escolapios","description":"Red de Itaka-Escolapios","publisher":{"@id":"https:\/\/www.itakaescolapios.org\/pt\/es\/#organization"},"potentialAction":[{"@type":"SearchAction","target":{"@type":"EntryPoint","urlTemplate":"https:\/\/www.itakaescolapios.org\/pt\/es\/?s={search_term_string}"},"query-input":{"@type":"PropertyValueSpecification","valueRequired":true,"valueName":"search_term_string"}}],"inLanguage":"pt-BR"},{"@type":"Organization","@id":"https:\/\/www.itakaescolapios.org\/pt\/es\/#organization","name":"Fundaci\u00f3 Itaka-Escolapios","url":"https:\/\/www.itakaescolapios.org\/pt\/es\/","logo":{"@type":"ImageObject","inLanguage":"pt-BR","@id":"https:\/\/www.itakaescolapios.org\/pt\/es\/#\/schema\/logo\/image\/","url":"https:\/\/www.itakaescolapios.org\/wp-content\/uploads\/2024\/04\/Logo-itakaescolapios-peque.png","contentUrl":"https:\/\/www.itakaescolapios.org\/wp-content\/uploads\/2024\/04\/Logo-itakaescolapios-peque.png","width":500,"height":199,"caption":"Fundaci\u00f3 Itaka-Escolapios"},"image":{"@id":"https:\/\/www.itakaescolapios.org\/pt\/es\/#\/schema\/logo\/image\/"}},{"@type":"Person","@id":"https:\/\/www.itakaescolapios.org\/es\/#\/schema\/person\/d2844383e29bfdfef69039672ce14eb1","name":"cameroun01","url":"https:\/\/www.itakaescolapios.org\/pt\/author\/cameroun01\/"}]}},"_links":{"self":[{"href":"https:\/\/www.itakaescolapios.org\/pt\/wp-json\/wp\/v2\/posts\/37614","targetHints":{"allow":["GET"]}}],"collection":[{"href":"https:\/\/www.itakaescolapios.org\/pt\/wp-json\/wp\/v2\/posts"}],"about":[{"href":"https:\/\/www.itakaescolapios.org\/pt\/wp-json\/wp\/v2\/types\/post"}],"author":[{"embeddable":true,"href":"https:\/\/www.itakaescolapios.org\/pt\/wp-json\/wp\/v2\/users\/15"}],"replies":[{"embeddable":true,"href":"https:\/\/www.itakaescolapios.org\/pt\/wp-json\/wp\/v2\/comments?post=37614"}],"version-history":[{"count":2,"href":"https:\/\/www.itakaescolapios.org\/pt\/wp-json\/wp\/v2\/posts\/37614\/revisions"}],"predecessor-version":[{"id":43798,"href":"https:\/\/www.itakaescolapios.org\/pt\/wp-json\/wp\/v2\/posts\/37614\/revisions\/43798"}],"wp:featuredmedia":[{"embeddable":true,"href":"https:\/\/www.itakaescolapios.org\/pt\/wp-json\/wp\/v2\/media\/37622"}],"wp:attachment":[{"href":"https:\/\/www.itakaescolapios.org\/pt\/wp-json\/wp\/v2\/media?parent=37614"}],"wp:term":[{"taxonomy":"category","embeddable":true,"href":"https:\/\/www.itakaescolapios.org\/pt\/wp-json\/wp\/v2\/categories?post=37614"},{"taxonomy":"post_tag","embeddable":true,"href":"https:\/\/www.itakaescolapios.org\/pt\/wp-json\/wp\/v2\/tags?post=37614"}],"curies":[{"name":"wp","href":"https:\/\/api.w.org\/{rel}","templated":true}]}}