{"id":38043,"date":"2022-12-12T10:36:19","date_gmt":"2022-12-12T09:36:19","guid":{"rendered":"https:\/\/www.itakaescolapios.org\/?p=38043"},"modified":"2023-11-28T12:35:39","modified_gmt":"2023-11-28T11:35:39","slug":"francais-descente-de-lequipe-operationnelle-de-la-fondation-itaka-escolapios-a-lecole-bilingue-saint-joseph-calasanz-dabobo","status":"publish","type":"post","link":"https:\/\/www.itakaescolapios.org\/pt\/2022\/12\/francais-descente-de-lequipe-operationnelle-de-la-fondation-itaka-escolapios-a-lecole-bilingue-saint-joseph-calasanz-dabobo\/","title":{"rendered":"DESCENTE DE L\u2019EQUIPE OPERATIONNELLE DE LA FONDATION ITAKA ESCOLAPIOS A L\u2019ECOLE BILINGUE SAINT JOSEPH CALASANZ D\u2019ABOBO"},"content":{"rendered":"<p>Vendredi dernier 9 D\u00e9cembre 2022 s\u2019est tenu \u00e0 l\u2019Ecole Bilingue Saint Joseph Calasanz d\u2019ABOBO, la descente de l\u2019\u00e9quipe op\u00e9rationnelle de la fondation ITAKA Escolapios, en vue d\u2019\u00e9valuer le lancement des activit\u00e9s pour cette ann\u00e9e scolaire 2022-2023. Les cours ont bien d\u00e9but\u00e9 en septembre dernier, les \u00e9l\u00e8ves et \u00a0les enseignants ont bien d\u00e9but\u00e9 l\u2019ann\u00e9e. Jusqu\u2019\u00e0 pr\u00e9sent tout va pour le mieux. La semaine calasanzienne s\u2019est bien d\u00e9roul\u00e9e et la date de d\u00e9part en cong\u00e9 est pr\u00e9vue pour le 16 d\u00e9cembre prochain.<\/p>\n<p><img decoding=\"async\" class=\"size-full wp-image-38044 aligncenter\" src=\"https:\/\/www.itakaescolapios.org\/wp-content\/uploads\/2022\/12\/WhatsApp-Image-2022-12-12-at-10.22.20-AM-1.jpeg\" alt=\"\" width=\"1080\" height=\"810\" srcset=\"https:\/\/www.itakaescolapios.org\/wp-content\/uploads\/2022\/12\/WhatsApp-Image-2022-12-12-at-10.22.20-AM-1.jpeg 1080w, https:\/\/www.itakaescolapios.org\/wp-content\/uploads\/2022\/12\/WhatsApp-Image-2022-12-12-at-10.22.20-AM-1-300x225.jpeg 300w, https:\/\/www.itakaescolapios.org\/wp-content\/uploads\/2022\/12\/WhatsApp-Image-2022-12-12-at-10.22.20-AM-1-1024x768.jpeg 1024w, https:\/\/www.itakaescolapios.org\/wp-content\/uploads\/2022\/12\/WhatsApp-Image-2022-12-12-at-10.22.20-AM-1-768x576.jpeg 768w, https:\/\/www.itakaescolapios.org\/wp-content\/uploads\/2022\/12\/WhatsApp-Image-2022-12-12-at-10.22.20-AM-1-250x188.jpeg 250w, https:\/\/www.itakaescolapios.org\/wp-content\/uploads\/2022\/12\/WhatsApp-Image-2022-12-12-at-10.22.20-AM-1-510x382.jpeg 510w\" sizes=\"(max-width: 1080px) 100vw, 1080px\" \/><\/p>\n<p><img decoding=\"async\" class=\"size-full wp-image-38046 aligncenter\" src=\"https:\/\/www.itakaescolapios.org\/wp-content\/uploads\/2022\/12\/WhatsApp-Image-2022-12-12-at-10.02.37-AM.jpeg\" alt=\"\" width=\"1080\" height=\"810\" srcset=\"https:\/\/www.itakaescolapios.org\/wp-content\/uploads\/2022\/12\/WhatsApp-Image-2022-12-12-at-10.02.37-AM.jpeg 1080w, https:\/\/www.itakaescolapios.org\/wp-content\/uploads\/2022\/12\/WhatsApp-Image-2022-12-12-at-10.02.37-AM-300x225.jpeg 300w, https:\/\/www.itakaescolapios.org\/wp-content\/uploads\/2022\/12\/WhatsApp-Image-2022-12-12-at-10.02.37-AM-1024x768.jpeg 1024w, https:\/\/www.itakaescolapios.org\/wp-content\/uploads\/2022\/12\/WhatsApp-Image-2022-12-12-at-10.02.37-AM-768x576.jpeg 768w, https:\/\/www.itakaescolapios.org\/wp-content\/uploads\/2022\/12\/WhatsApp-Image-2022-12-12-at-10.02.37-AM-250x188.jpeg 250w, https:\/\/www.itakaescolapios.org\/wp-content\/uploads\/2022\/12\/WhatsApp-Image-2022-12-12-at-10.02.37-AM-510x382.jpeg 510w\" sizes=\"(max-width: 1080px) 100vw, 1080px\" \/><\/p>\n<p><img decoding=\"async\" class=\"size-full wp-image-38049 aligncenter\" src=\"https:\/\/www.itakaescolapios.org\/wp-content\/uploads\/2022\/12\/WhatsApp-Image-2022-12-12-at-10.02.20-AM-1.jpeg\" alt=\"\" width=\"1080\" height=\"810\" srcset=\"https:\/\/www.itakaescolapios.org\/wp-content\/uploads\/2022\/12\/WhatsApp-Image-2022-12-12-at-10.02.20-AM-1.jpeg 1080w, https:\/\/www.itakaescolapios.org\/wp-content\/uploads\/2022\/12\/WhatsApp-Image-2022-12-12-at-10.02.20-AM-1-300x225.jpeg 300w, https:\/\/www.itakaescolapios.org\/wp-content\/uploads\/2022\/12\/WhatsApp-Image-2022-12-12-at-10.02.20-AM-1-1024x768.jpeg 1024w, https:\/\/www.itakaescolapios.org\/wp-content\/uploads\/2022\/12\/WhatsApp-Image-2022-12-12-at-10.02.20-AM-1-768x576.jpeg 768w, https:\/\/www.itakaescolapios.org\/wp-content\/uploads\/2022\/12\/WhatsApp-Image-2022-12-12-at-10.02.20-AM-1-250x188.jpeg 250w, https:\/\/www.itakaescolapios.org\/wp-content\/uploads\/2022\/12\/WhatsApp-Image-2022-12-12-at-10.02.20-AM-1-510x382.jpeg 510w\" sizes=\"(max-width: 1080px) 100vw, 1080px\" \/><\/p>\n<p><img decoding=\"async\" class=\"size-full wp-image-38050 aligncenter\" src=\"https:\/\/www.itakaescolapios.org\/wp-content\/uploads\/2022\/12\/WhatsApp-Image-2022-12-12-at-10.22.23-AM.jpeg\" alt=\"\" width=\"1080\" height=\"810\" srcset=\"https:\/\/www.itakaescolapios.org\/wp-content\/uploads\/2022\/12\/WhatsApp-Image-2022-12-12-at-10.22.23-AM.jpeg 1080w, https:\/\/www.itakaescolapios.org\/wp-content\/uploads\/2022\/12\/WhatsApp-Image-2022-12-12-at-10.22.23-AM-300x225.jpeg 300w, https:\/\/www.itakaescolapios.org\/wp-content\/uploads\/2022\/12\/WhatsApp-Image-2022-12-12-at-10.22.23-AM-1024x768.jpeg 1024w, https:\/\/www.itakaescolapios.org\/wp-content\/uploads\/2022\/12\/WhatsApp-Image-2022-12-12-at-10.22.23-AM-768x576.jpeg 768w, https:\/\/www.itakaescolapios.org\/wp-content\/uploads\/2022\/12\/WhatsApp-Image-2022-12-12-at-10.22.23-AM-250x188.jpeg 250w, https:\/\/www.itakaescolapios.org\/wp-content\/uploads\/2022\/12\/WhatsApp-Image-2022-12-12-at-10.22.23-AM-510x382.jpeg 510w\" sizes=\"(max-width: 1080px) 100vw, 1080px\" \/><\/p>\n","protected":false},"excerpt":{"rendered":"<p>Vendredi dernier 9 D\u00e9cembre 2022 s\u2019est tenu \u00e0 l\u2019Ecole Bilingue Saint Joseph Calasanz d\u2019ABOBO, la descente de l\u2019\u00e9quipe op\u00e9rationnelle de la fondation ITAKA Escolapios, en vue d\u2019\u00e9valuer le lancement des [&hellip;]<\/p>\n","protected":false},"author":15,"featured_media":38048,"comment_status":"closed","ping_status":"closed","sticky":false,"template":"","format":"standard","meta":{"_et_pb_use_builder":"","_et_pb_old_content":"","_et_gb_content_width":"","footnotes":""},"categories":[53,10],"tags":[],"class_list":["post-38043","post","type-post","status-publish","format-standard","has-post-thumbnail","hentry","category-africa-central","category-camerun"],"yoast_head":"<!-- This site is optimized with the Yoast SEO plugin v27.4 - https:\/\/yoast.com\/product\/yoast-seo-wordpress\/ -->\n<title>DESCENTE DE L\u2019EQUIPE OPERATIONNELLE DE LA FONDATION ITAKA ESCOLAPIOS A L\u2019ECOLE BILINGUE SAINT JOSEPH CALASANZ D\u2019ABOBO<\/title>\n<meta name=\"description\" content=\"Vendredi dernier 9 D\u00e9cembre 2022 s\u2019est tenu \u00e0 l\u2019Ecole Bilingue Saint Joseph Calasanz d\u2019ABOBO, la descente de l\u2019\u00e9quipe op\u00e9rationnelle de la fondation ITAKA Escolapios, en vue d\u2019\u00e9valuer le lancement des activit\u00e9s pour cette ann\u00e9e scolaire 2022-2023. Les cours ont bien d\u00e9but\u00e9 en septembre dernier, les \u00e9l\u00e8ves et \u00a0les enseignants ont bien d\u00e9but\u00e9 l\u2019ann\u00e9e. Jusqu\u2019\u00e0 pr\u00e9sent&hellip;\" \/>\n<meta name=\"robots\" content=\"index, follow, max-snippet:-1, max-image-preview:large, max-video-preview:-1\" \/>\n<link rel=\"canonical\" href=\"http:\/\/Vendredi%20dernier%209%20D\u00e9cembre%202022%20s\u2019est%20tenu%20\u00e0%20l\u2019Ecole%20Bilingue%20Saint%20Joseph%20Calasanz%20d\u2019ABOBO,%20la%20descente%20de%20l\u2019\u00e9quipe%20op\u00e9rationnelle%20de%20la%20fondation%20ITAKA%20Escolapios,%20en%20vue%20d\u2019\u00e9valuer%20le%20lancement%20des%20activit\u00e9s%20pour%20cette%20ann\u00e9e%20scolaire%202022-2023.%20Les%20cours%20ont%20bien%20d\u00e9but\u00e9%20en%20septembre%20dernier,%20les%20\u00e9l\u00e8ves%20et%20\u00a0les%20enseignants%20ont%20bien%20d\u00e9but\u00e9%20l\u2019ann\u00e9e.%20Jusqu\u2019\u00e0%20pr\u00e9sent&hellip;\" \/>\n<meta property=\"og:locale\" content=\"pt_BR\" \/>\n<meta property=\"og:type\" content=\"article\" \/>\n<meta property=\"og:title\" content=\"DESCENTE DE L\u2019EQUIPE OPERATIONNELLE DE LA FONDATION ITAKA ESCOLAPIOS A L\u2019ECOLE BILINGUE SAINT JOSEPH CALASANZ D\u2019ABOBO\" \/>\n<meta property=\"og:description\" content=\"Vendredi dernier 9 D\u00e9cembre 2022 s\u2019est tenu \u00e0 l\u2019Ecole Bilingue Saint Joseph Calasanz d\u2019ABOBO, la descente de l\u2019\u00e9quipe op\u00e9rationnelle de la fondation ITAKA Escolapios, en vue d\u2019\u00e9valuer le lancement des activit\u00e9s pour cette ann\u00e9e scolaire 2022-2023. Les cours ont bien d\u00e9but\u00e9 en septembre dernier, les \u00e9l\u00e8ves et \u00a0les enseignants ont bien d\u00e9but\u00e9 l\u2019ann\u00e9e. Jusqu\u2019\u00e0 pr\u00e9sent&hellip;\" \/>\n<meta property=\"og:url\" content=\"https:\/\/www.itakaescolapios.org\/pt\/2022\/12\/francais-descente-de-lequipe-operationnelle-de-la-fondation-itaka-escolapios-a-lecole-bilingue-saint-joseph-calasanz-dabobo\/\" \/>\n<meta property=\"og:site_name\" content=\"Itaka-Escolapios\" \/>\n<meta property=\"article:published_time\" content=\"2022-12-12T09:36:19+00:00\" \/>\n<meta property=\"article:modified_time\" content=\"2023-11-28T11:35:39+00:00\" \/>\n<meta property=\"og:image\" content=\"https:\/\/www.itakaescolapios.org\/wp-content\/uploads\/2022\/12\/WhatsApp-Image-2022-12-12-at-10.02.29-AM-3.jpeg\" \/>\n\t<meta property=\"og:image:width\" content=\"1080\" \/>\n\t<meta property=\"og:image:height\" content=\"810\" \/>\n\t<meta property=\"og:image:type\" content=\"image\/jpeg\" \/>\n<meta name=\"author\" content=\"cameroun01\" \/>\n<meta name=\"twitter:card\" content=\"summary_large_image\" \/>\n<meta name=\"twitter:label1\" content=\"Escrito por\" \/>\n\t<meta name=\"twitter:data1\" content=\"cameroun01\" \/>\n<script type=\"application\/ld+json\" class=\"yoast-schema-graph\">{\"@context\":\"https:\\\/\\\/schema.org\",\"@graph\":[{\"@type\":\"Article\",\"@id\":\"https:\\\/\\\/www.itakaescolapios.org\\\/pt\\\/2022\\\/12\\\/francais-descente-de-lequipe-operationnelle-de-la-fondation-itaka-escolapios-a-lecole-bilingue-saint-joseph-calasanz-dabobo\\\/#article\",\"isPartOf\":{\"@id\":\"https:\\\/\\\/www.itakaescolapios.org\\\/pt\\\/2022\\\/12\\\/francais-descente-de-lequipe-operationnelle-de-la-fondation-itaka-escolapios-a-lecole-bilingue-saint-joseph-calasanz-dabobo\\\/\"},\"author\":{\"name\":\"cameroun01\",\"@id\":\"https:\\\/\\\/www.itakaescolapios.org\\\/es\\\/#\\\/schema\\\/person\\\/d2844383e29bfdfef69039672ce14eb1\"},\"headline\":\"DESCENTE DE L\u2019EQUIPE OPERATIONNELLE DE LA FONDATION ITAKA ESCOLAPIOS A L\u2019ECOLE BILINGUE SAINT JOSEPH CALASANZ D\u2019ABOBO\",\"datePublished\":\"2022-12-12T09:36:19+00:00\",\"dateModified\":\"2023-11-28T11:35:39+00:00\",\"mainEntityOfPage\":{\"@id\":\"https:\\\/\\\/www.itakaescolapios.org\\\/pt\\\/2022\\\/12\\\/francais-descente-de-lequipe-operationnelle-de-la-fondation-itaka-escolapios-a-lecole-bilingue-saint-joseph-calasanz-dabobo\\\/\"},\"wordCount\":116,\"publisher\":{\"@id\":\"https:\\\/\\\/www.itakaescolapios.org\\\/es\\\/#organization\"},\"image\":{\"@id\":\"https:\\\/\\\/www.itakaescolapios.org\\\/pt\\\/2022\\\/12\\\/francais-descente-de-lequipe-operationnelle-de-la-fondation-itaka-escolapios-a-lecole-bilingue-saint-joseph-calasanz-dabobo\\\/#primaryimage\"},\"thumbnailUrl\":\"https:\\\/\\\/www.itakaescolapios.org\\\/wp-content\\\/uploads\\\/2022\\\/12\\\/WhatsApp-Image-2022-12-12-at-10.02.29-AM-3.jpeg\",\"articleSection\":[\"\u00c1frica Central\",\"Camar\u00f5es\"],\"inLanguage\":\"pt-BR\"},{\"@type\":\"WebPage\",\"@id\":\"https:\\\/\\\/www.itakaescolapios.org\\\/pt\\\/2022\\\/12\\\/francais-descente-de-lequipe-operationnelle-de-la-fondation-itaka-escolapios-a-lecole-bilingue-saint-joseph-calasanz-dabobo\\\/\",\"url\":\"https:\\\/\\\/www.itakaescolapios.org\\\/pt\\\/2022\\\/12\\\/francais-descente-de-lequipe-operationnelle-de-la-fondation-itaka-escolapios-a-lecole-bilingue-saint-joseph-calasanz-dabobo\\\/\",\"name\":\"DESCENTE DE L\u2019EQUIPE OPERATIONNELLE DE LA FONDATION ITAKA ESCOLAPIOS A L\u2019ECOLE BILINGUE SAINT JOSEPH CALASANZ D\u2019ABOBO - Itaka-Escolapios\",\"isPartOf\":{\"@id\":\"https:\\\/\\\/www.itakaescolapios.org\\\/es\\\/#website\"},\"primaryImageOfPage\":{\"@id\":\"https:\\\/\\\/www.itakaescolapios.org\\\/pt\\\/2022\\\/12\\\/francais-descente-de-lequipe-operationnelle-de-la-fondation-itaka-escolapios-a-lecole-bilingue-saint-joseph-calasanz-dabobo\\\/#primaryimage\"},\"image\":{\"@id\":\"https:\\\/\\\/www.itakaescolapios.org\\\/pt\\\/2022\\\/12\\\/francais-descente-de-lequipe-operationnelle-de-la-fondation-itaka-escolapios-a-lecole-bilingue-saint-joseph-calasanz-dabobo\\\/#primaryimage\"},\"thumbnailUrl\":\"https:\\\/\\\/www.itakaescolapios.org\\\/wp-content\\\/uploads\\\/2022\\\/12\\\/WhatsApp-Image-2022-12-12-at-10.02.29-AM-3.jpeg\",\"datePublished\":\"2022-12-12T09:36:19+00:00\",\"dateModified\":\"2023-11-28T11:35:39+00:00\",\"breadcrumb\":{\"@id\":\"https:\\\/\\\/www.itakaescolapios.org\\\/pt\\\/2022\\\/12\\\/francais-descente-de-lequipe-operationnelle-de-la-fondation-itaka-escolapios-a-lecole-bilingue-saint-joseph-calasanz-dabobo\\\/#breadcrumb\"},\"inLanguage\":\"pt-BR\",\"potentialAction\":[{\"@type\":\"ReadAction\",\"target\":[\"https:\\\/\\\/www.itakaescolapios.org\\\/pt\\\/2022\\\/12\\\/francais-descente-de-lequipe-operationnelle-de-la-fondation-itaka-escolapios-a-lecole-bilingue-saint-joseph-calasanz-dabobo\\\/\"]}]},{\"@type\":\"ImageObject\",\"inLanguage\":\"pt-BR\",\"@id\":\"https:\\\/\\\/www.itakaescolapios.org\\\/pt\\\/2022\\\/12\\\/francais-descente-de-lequipe-operationnelle-de-la-fondation-itaka-escolapios-a-lecole-bilingue-saint-joseph-calasanz-dabobo\\\/#primaryimage\",\"url\":\"https:\\\/\\\/www.itakaescolapios.org\\\/wp-content\\\/uploads\\\/2022\\\/12\\\/WhatsApp-Image-2022-12-12-at-10.02.29-AM-3.jpeg\",\"contentUrl\":\"https:\\\/\\\/www.itakaescolapios.org\\\/wp-content\\\/uploads\\\/2022\\\/12\\\/WhatsApp-Image-2022-12-12-at-10.02.29-AM-3.jpeg\",\"width\":1080,\"height\":810},{\"@type\":\"BreadcrumbList\",\"@id\":\"https:\\\/\\\/www.itakaescolapios.org\\\/pt\\\/2022\\\/12\\\/francais-descente-de-lequipe-operationnelle-de-la-fondation-itaka-escolapios-a-lecole-bilingue-saint-joseph-calasanz-dabobo\\\/#breadcrumb\",\"itemListElement\":[{\"@type\":\"ListItem\",\"position\":1,\"name\":\"Itaka-Escolapios\",\"item\":\"https:\\\/\\\/www.itakaescolapios.org\\\/es\\\/\"},{\"@type\":\"ListItem\",\"position\":2,\"name\":\"DESCENTE DE L\u2019EQUIPE OPERATIONNELLE DE LA FONDATION ITAKA ESCOLAPIOS A L\u2019ECOLE BILINGUE SAINT JOSEPH CALASANZ D\u2019ABOBO\"}]},{\"@type\":\"WebSite\",\"@id\":\"https:\\\/\\\/www.itakaescolapios.org\\\/pt\\\/es\\\/#website\",\"url\":\"https:\\\/\\\/www.itakaescolapios.org\\\/pt\\\/es\\\/\",\"name\":\"Itaka-Escolapios\",\"description\":\"Red de Itaka-Escolapios\",\"publisher\":{\"@id\":\"https:\\\/\\\/www.itakaescolapios.org\\\/pt\\\/es\\\/#organization\"},\"potentialAction\":[{\"@type\":\"SearchAction\",\"target\":{\"@type\":\"EntryPoint\",\"urlTemplate\":\"https:\\\/\\\/www.itakaescolapios.org\\\/pt\\\/es\\\/?s={search_term_string}\"},\"query-input\":{\"@type\":\"PropertyValueSpecification\",\"valueRequired\":true,\"valueName\":\"search_term_string\"}}],\"inLanguage\":\"pt-BR\"},{\"@type\":\"Organization\",\"@id\":\"https:\\\/\\\/www.itakaescolapios.org\\\/pt\\\/es\\\/#organization\",\"name\":\"Fundaci\u00f3 Itaka-Escolapios\",\"url\":\"https:\\\/\\\/www.itakaescolapios.org\\\/pt\\\/es\\\/\",\"logo\":{\"@type\":\"ImageObject\",\"inLanguage\":\"pt-BR\",\"@id\":\"https:\\\/\\\/www.itakaescolapios.org\\\/pt\\\/es\\\/#\\\/schema\\\/logo\\\/image\\\/\",\"url\":\"https:\\\/\\\/www.itakaescolapios.org\\\/wp-content\\\/uploads\\\/2024\\\/04\\\/Logo-itakaescolapios-peque.png\",\"contentUrl\":\"https:\\\/\\\/www.itakaescolapios.org\\\/wp-content\\\/uploads\\\/2024\\\/04\\\/Logo-itakaescolapios-peque.png\",\"width\":500,\"height\":199,\"caption\":\"Fundaci\u00f3 Itaka-Escolapios\"},\"image\":{\"@id\":\"https:\\\/\\\/www.itakaescolapios.org\\\/pt\\\/es\\\/#\\\/schema\\\/logo\\\/image\\\/\"}},{\"@type\":\"Person\",\"@id\":\"https:\\\/\\\/www.itakaescolapios.org\\\/es\\\/#\\\/schema\\\/person\\\/d2844383e29bfdfef69039672ce14eb1\",\"name\":\"cameroun01\",\"url\":\"https:\\\/\\\/www.itakaescolapios.org\\\/pt\\\/author\\\/cameroun01\\\/\"}]}<\/script>\n<!-- \/ Yoast SEO plugin. -->","yoast_head_json":{"title":"DESCENTE DE L\u2019EQUIPE OPERATIONNELLE DE LA FONDATION ITAKA ESCOLAPIOS A L\u2019ECOLE BILINGUE SAINT JOSEPH CALASANZ D\u2019ABOBO","description":"Vendredi dernier 9 D\u00e9cembre 2022 s\u2019est tenu \u00e0 l\u2019Ecole Bilingue Saint Joseph Calasanz d\u2019ABOBO, la descente de l\u2019\u00e9quipe op\u00e9rationnelle de la fondation ITAKA Escolapios, en vue d\u2019\u00e9valuer le lancement des activit\u00e9s pour cette ann\u00e9e scolaire 2022-2023. Les cours ont bien d\u00e9but\u00e9 en septembre dernier, les \u00e9l\u00e8ves et \u00a0les enseignants ont bien d\u00e9but\u00e9 l\u2019ann\u00e9e. Jusqu\u2019\u00e0 pr\u00e9sent&hellip;","robots":{"index":"index","follow":"follow","max-snippet":"max-snippet:-1","max-image-preview":"max-image-preview:large","max-video-preview":"max-video-preview:-1"},"canonical":"Vendredi dernier 9 D\u00e9cembre 2022 s\u2019est tenu \u00e0 l\u2019Ecole Bilingue Saint Joseph Calasanz d\u2019ABOBO, la descente de l\u2019\u00e9quipe op\u00e9rationnelle de la fondation ITAKA Escolapios, en vue d\u2019\u00e9valuer le lancement des activit\u00e9s pour cette ann\u00e9e scolaire 2022-2023. Les cours ont bien d\u00e9but\u00e9 en septembre dernier, les \u00e9l\u00e8ves et \u00a0les enseignants ont bien d\u00e9but\u00e9 l\u2019ann\u00e9e. Jusqu\u2019\u00e0 pr\u00e9sent&hellip;","og_locale":"pt_BR","og_type":"article","og_title":"DESCENTE DE L\u2019EQUIPE OPERATIONNELLE DE LA FONDATION ITAKA ESCOLAPIOS A L\u2019ECOLE BILINGUE SAINT JOSEPH CALASANZ D\u2019ABOBO","og_description":"Vendredi dernier 9 D\u00e9cembre 2022 s\u2019est tenu \u00e0 l\u2019Ecole Bilingue Saint Joseph Calasanz d\u2019ABOBO, la descente de l\u2019\u00e9quipe op\u00e9rationnelle de la fondation ITAKA Escolapios, en vue d\u2019\u00e9valuer le lancement des activit\u00e9s pour cette ann\u00e9e scolaire 2022-2023. Les cours ont bien d\u00e9but\u00e9 en septembre dernier, les \u00e9l\u00e8ves et \u00a0les enseignants ont bien d\u00e9but\u00e9 l\u2019ann\u00e9e. Jusqu\u2019\u00e0 pr\u00e9sent&hellip;","og_url":"https:\/\/www.itakaescolapios.org\/pt\/2022\/12\/francais-descente-de-lequipe-operationnelle-de-la-fondation-itaka-escolapios-a-lecole-bilingue-saint-joseph-calasanz-dabobo\/","og_site_name":"Itaka-Escolapios","article_published_time":"2022-12-12T09:36:19+00:00","article_modified_time":"2023-11-28T11:35:39+00:00","og_image":[{"width":1080,"height":810,"url":"https:\/\/www.itakaescolapios.org\/wp-content\/uploads\/2022\/12\/WhatsApp-Image-2022-12-12-at-10.02.29-AM-3.jpeg","type":"image\/jpeg"}],"author":"cameroun01","twitter_card":"summary_large_image","twitter_misc":{"Escrito por":"cameroun01"},"schema":{"@context":"https:\/\/schema.org","@graph":[{"@type":"Article","@id":"https:\/\/www.itakaescolapios.org\/pt\/2022\/12\/francais-descente-de-lequipe-operationnelle-de-la-fondation-itaka-escolapios-a-lecole-bilingue-saint-joseph-calasanz-dabobo\/#article","isPartOf":{"@id":"https:\/\/www.itakaescolapios.org\/pt\/2022\/12\/francais-descente-de-lequipe-operationnelle-de-la-fondation-itaka-escolapios-a-lecole-bilingue-saint-joseph-calasanz-dabobo\/"},"author":{"name":"cameroun01","@id":"https:\/\/www.itakaescolapios.org\/es\/#\/schema\/person\/d2844383e29bfdfef69039672ce14eb1"},"headline":"DESCENTE DE L\u2019EQUIPE OPERATIONNELLE DE LA FONDATION ITAKA ESCOLAPIOS A L\u2019ECOLE BILINGUE SAINT JOSEPH CALASANZ D\u2019ABOBO","datePublished":"2022-12-12T09:36:19+00:00","dateModified":"2023-11-28T11:35:39+00:00","mainEntityOfPage":{"@id":"https:\/\/www.itakaescolapios.org\/pt\/2022\/12\/francais-descente-de-lequipe-operationnelle-de-la-fondation-itaka-escolapios-a-lecole-bilingue-saint-joseph-calasanz-dabobo\/"},"wordCount":116,"publisher":{"@id":"https:\/\/www.itakaescolapios.org\/es\/#organization"},"image":{"@id":"https:\/\/www.itakaescolapios.org\/pt\/2022\/12\/francais-descente-de-lequipe-operationnelle-de-la-fondation-itaka-escolapios-a-lecole-bilingue-saint-joseph-calasanz-dabobo\/#primaryimage"},"thumbnailUrl":"https:\/\/www.itakaescolapios.org\/wp-content\/uploads\/2022\/12\/WhatsApp-Image-2022-12-12-at-10.02.29-AM-3.jpeg","articleSection":["\u00c1frica Central","Camar\u00f5es"],"inLanguage":"pt-BR"},{"@type":"WebPage","@id":"https:\/\/www.itakaescolapios.org\/pt\/2022\/12\/francais-descente-de-lequipe-operationnelle-de-la-fondation-itaka-escolapios-a-lecole-bilingue-saint-joseph-calasanz-dabobo\/","url":"https:\/\/www.itakaescolapios.org\/pt\/2022\/12\/francais-descente-de-lequipe-operationnelle-de-la-fondation-itaka-escolapios-a-lecole-bilingue-saint-joseph-calasanz-dabobo\/","name":"DESCENTE DE L\u2019EQUIPE OPERATIONNELLE DE LA FONDATION ITAKA ESCOLAPIOS A L\u2019ECOLE BILINGUE SAINT JOSEPH CALASANZ D\u2019ABOBO - Itaka-Escolapios","isPartOf":{"@id":"https:\/\/www.itakaescolapios.org\/es\/#website"},"primaryImageOfPage":{"@id":"https:\/\/www.itakaescolapios.org\/pt\/2022\/12\/francais-descente-de-lequipe-operationnelle-de-la-fondation-itaka-escolapios-a-lecole-bilingue-saint-joseph-calasanz-dabobo\/#primaryimage"},"image":{"@id":"https:\/\/www.itakaescolapios.org\/pt\/2022\/12\/francais-descente-de-lequipe-operationnelle-de-la-fondation-itaka-escolapios-a-lecole-bilingue-saint-joseph-calasanz-dabobo\/#primaryimage"},"thumbnailUrl":"https:\/\/www.itakaescolapios.org\/wp-content\/uploads\/2022\/12\/WhatsApp-Image-2022-12-12-at-10.02.29-AM-3.jpeg","datePublished":"2022-12-12T09:36:19+00:00","dateModified":"2023-11-28T11:35:39+00:00","breadcrumb":{"@id":"https:\/\/www.itakaescolapios.org\/pt\/2022\/12\/francais-descente-de-lequipe-operationnelle-de-la-fondation-itaka-escolapios-a-lecole-bilingue-saint-joseph-calasanz-dabobo\/#breadcrumb"},"inLanguage":"pt-BR","potentialAction":[{"@type":"ReadAction","target":["https:\/\/www.itakaescolapios.org\/pt\/2022\/12\/francais-descente-de-lequipe-operationnelle-de-la-fondation-itaka-escolapios-a-lecole-bilingue-saint-joseph-calasanz-dabobo\/"]}]},{"@type":"ImageObject","inLanguage":"pt-BR","@id":"https:\/\/www.itakaescolapios.org\/pt\/2022\/12\/francais-descente-de-lequipe-operationnelle-de-la-fondation-itaka-escolapios-a-lecole-bilingue-saint-joseph-calasanz-dabobo\/#primaryimage","url":"https:\/\/www.itakaescolapios.org\/wp-content\/uploads\/2022\/12\/WhatsApp-Image-2022-12-12-at-10.02.29-AM-3.jpeg","contentUrl":"https:\/\/www.itakaescolapios.org\/wp-content\/uploads\/2022\/12\/WhatsApp-Image-2022-12-12-at-10.02.29-AM-3.jpeg","width":1080,"height":810},{"@type":"BreadcrumbList","@id":"https:\/\/www.itakaescolapios.org\/pt\/2022\/12\/francais-descente-de-lequipe-operationnelle-de-la-fondation-itaka-escolapios-a-lecole-bilingue-saint-joseph-calasanz-dabobo\/#breadcrumb","itemListElement":[{"@type":"ListItem","position":1,"name":"Itaka-Escolapios","item":"https:\/\/www.itakaescolapios.org\/es\/"},{"@type":"ListItem","position":2,"name":"DESCENTE DE L\u2019EQUIPE OPERATIONNELLE DE LA FONDATION ITAKA ESCOLAPIOS A L\u2019ECOLE BILINGUE SAINT JOSEPH CALASANZ D\u2019ABOBO"}]},{"@type":"WebSite","@id":"https:\/\/www.itakaescolapios.org\/pt\/es\/#website","url":"https:\/\/www.itakaescolapios.org\/pt\/es\/","name":"Itaka-Escolapios","description":"Red de Itaka-Escolapios","publisher":{"@id":"https:\/\/www.itakaescolapios.org\/pt\/es\/#organization"},"potentialAction":[{"@type":"SearchAction","target":{"@type":"EntryPoint","urlTemplate":"https:\/\/www.itakaescolapios.org\/pt\/es\/?s={search_term_string}"},"query-input":{"@type":"PropertyValueSpecification","valueRequired":true,"valueName":"search_term_string"}}],"inLanguage":"pt-BR"},{"@type":"Organization","@id":"https:\/\/www.itakaescolapios.org\/pt\/es\/#organization","name":"Fundaci\u00f3 Itaka-Escolapios","url":"https:\/\/www.itakaescolapios.org\/pt\/es\/","logo":{"@type":"ImageObject","inLanguage":"pt-BR","@id":"https:\/\/www.itakaescolapios.org\/pt\/es\/#\/schema\/logo\/image\/","url":"https:\/\/www.itakaescolapios.org\/wp-content\/uploads\/2024\/04\/Logo-itakaescolapios-peque.png","contentUrl":"https:\/\/www.itakaescolapios.org\/wp-content\/uploads\/2024\/04\/Logo-itakaescolapios-peque.png","width":500,"height":199,"caption":"Fundaci\u00f3 Itaka-Escolapios"},"image":{"@id":"https:\/\/www.itakaescolapios.org\/pt\/es\/#\/schema\/logo\/image\/"}},{"@type":"Person","@id":"https:\/\/www.itakaescolapios.org\/es\/#\/schema\/person\/d2844383e29bfdfef69039672ce14eb1","name":"cameroun01","url":"https:\/\/www.itakaescolapios.org\/pt\/author\/cameroun01\/"}]}},"_links":{"self":[{"href":"https:\/\/www.itakaescolapios.org\/pt\/wp-json\/wp\/v2\/posts\/38043","targetHints":{"allow":["GET"]}}],"collection":[{"href":"https:\/\/www.itakaescolapios.org\/pt\/wp-json\/wp\/v2\/posts"}],"about":[{"href":"https:\/\/www.itakaescolapios.org\/pt\/wp-json\/wp\/v2\/types\/post"}],"author":[{"embeddable":true,"href":"https:\/\/www.itakaescolapios.org\/pt\/wp-json\/wp\/v2\/users\/15"}],"replies":[{"embeddable":true,"href":"https:\/\/www.itakaescolapios.org\/pt\/wp-json\/wp\/v2\/comments?post=38043"}],"version-history":[{"count":4,"href":"https:\/\/www.itakaescolapios.org\/pt\/wp-json\/wp\/v2\/posts\/38043\/revisions"}],"predecessor-version":[{"id":43752,"href":"https:\/\/www.itakaescolapios.org\/pt\/wp-json\/wp\/v2\/posts\/38043\/revisions\/43752"}],"wp:featuredmedia":[{"embeddable":true,"href":"https:\/\/www.itakaescolapios.org\/pt\/wp-json\/wp\/v2\/media\/38048"}],"wp:attachment":[{"href":"https:\/\/www.itakaescolapios.org\/pt\/wp-json\/wp\/v2\/media?parent=38043"}],"wp:term":[{"taxonomy":"category","embeddable":true,"href":"https:\/\/www.itakaescolapios.org\/pt\/wp-json\/wp\/v2\/categories?post=38043"},{"taxonomy":"post_tag","embeddable":true,"href":"https:\/\/www.itakaescolapios.org\/pt\/wp-json\/wp\/v2\/tags?post=38043"}],"curies":[{"name":"wp","href":"https:\/\/api.w.org\/{rel}","templated":true}]}}