{"id":38195,"date":"2022-12-22T15:19:43","date_gmt":"2022-12-22T14:19:43","guid":{"rendered":"https:\/\/www.itakaescolapios.org\/?p=38195"},"modified":"2023-11-28T12:35:38","modified_gmt":"2023-11-28T11:35:38","slug":"recoleccion-en-la-capilla-san-michel-detetak-yaounde","status":"publish","type":"post","link":"https:\/\/www.itakaescolapios.org\/pt\/2022\/12\/recoleccion-en-la-capilla-san-michel-detetak-yaounde\/","title":{"rendered":"RECOLECCI\u00d3N EN LA CAPILLA SAN BASILE D'ETETAK Yaound\u00e9"},"content":{"rendered":"<p>Para finales del a\u00f1o 2022, los corresponsales locales en Camer\u00fan, participaron en un recogimiento espiritual durante el d\u00eda 20 de diciembre de 2022. Sobre el programa, salida del H10 para Etetak, llegada e instalaci\u00f3n,\u00a0 presentaci\u00f3n de el tema, meditaci\u00f3n personal, adoraci\u00f3n y confesi\u00f3n, misa, fin del recogimiento y comida familiar. Fue un tiempo de oraci\u00f3n, de compartir y de comuni\u00f3n fraterna entre los presentes y con Dios.<\/p>\n<p><img decoding=\"async\" class=\"size-full wp-image-3485 aligncenter\" src=\"https:\/\/piaristesafriquecentrale.org\/wp-content\/uploads\/2022\/12\/20221221_113019-2-scaled.jpg\" alt=\"\" width=\"2560\" height=\"1920\" \/><\/p>\n<p><img decoding=\"async\" class=\"size-full wp-image-3486 aligncenter\" src=\"https:\/\/piaristesafriquecentrale.org\/wp-content\/uploads\/2022\/12\/20221221_113313-2-scaled.jpg\" alt=\"\" width=\"2560\" height=\"1920\" \/><\/p>\n<p><img decoding=\"async\" class=\"size-full wp-image-3487 aligncenter\" src=\"https:\/\/piaristesafriquecentrale.org\/wp-content\/uploads\/2022\/12\/20221221_113324-2-scaled.jpg\" alt=\"\" width=\"2560\" height=\"1920\" \/><!--more--><\/p>\n","protected":false},"excerpt":{"rendered":"<p>Para finales del a\u00f1o 2022, los corresponsales locales en Camer\u00fan, participaron en un recogimiento espiritual durante el d\u00eda 20 de diciembre de 2022. Sobre el programa, salida del H10 para [&hellip;]<\/p>\n","protected":false},"author":15,"featured_media":38196,"comment_status":"closed","ping_status":"closed","sticky":false,"template":"","format":"standard","meta":{"_et_pb_use_builder":"","_et_pb_old_content":"","_et_gb_content_width":"","footnotes":""},"categories":[53,10],"tags":[],"class_list":["post-38195","post","type-post","status-publish","format-standard","has-post-thumbnail","hentry","category-africa-central","category-camerun"],"yoast_head":"<!-- This site is optimized with the Yoast SEO plugin v27.4 - https:\/\/yoast.com\/product\/yoast-seo-wordpress\/ -->\n<title>RECOLECCI\u00d3N EN LA CAPILLA SAN BASILE D&#039;ETETAK Yaound\u00e9<\/title>\n<meta name=\"description\" content=\"Para finales del a\u00f1o 2022, los corresponsales locales en Camer\u00fan, participaron en un recogimiento espiritual durante el d\u00eda 20 de diciembre de 2022. Sobre el programa, salida del H10 para Etetak, llegada e instalaci\u00f3n,\u00a0 presentaci\u00f3n de el tema, meditaci\u00f3n personal, adoraci\u00f3n y confesi\u00f3n, misa, fin del recogimiento y comida familiar. Fue un tiempo de oraci\u00f3n,&hellip;\" \/>\n<meta name=\"robots\" content=\"index, follow, max-snippet:-1, max-image-preview:large, max-video-preview:-1\" \/>\n<link rel=\"canonical\" href=\"http:\/\/Para%20finales%20del%20a\u00f1o%202022,%20los%20corresponsales%20locales%20en%20Camer\u00fan,%20participaron%20en%20un%20recogimiento%20espiritual%20durante%20el%20d\u00eda%2020%20de%20diciembre%20de%202022.%20Sobre%20el%20programa,%20salida%20del%20H10%20para%20Etetak,%20llegada%20e%20instalaci\u00f3n,\u00a0%20presentaci\u00f3n%20de%20el%20tema,%20meditaci\u00f3n%20personal,%20adoraci\u00f3n%20y%20confesi\u00f3n,%20misa,%20fin%20del%20recogimiento%20y%20comida%20familiar.%20Fue%20un%20tiempo%20de%20oraci\u00f3n,&hellip;\" \/>\n<meta property=\"og:locale\" content=\"pt_BR\" \/>\n<meta property=\"og:type\" content=\"article\" \/>\n<meta property=\"og:title\" content=\"RECOLECCI\u00d3N EN LA CAPILLA SAN BASILE D&#039;ETETAK Yaound\u00e9\" \/>\n<meta property=\"og:description\" content=\"Para finales del a\u00f1o 2022, los corresponsales locales en Camer\u00fan, participaron en un recogimiento espiritual durante el d\u00eda 20 de diciembre de 2022. Sobre el programa, salida del H10 para Etetak, llegada e instalaci\u00f3n,\u00a0 presentaci\u00f3n de el tema, meditaci\u00f3n personal, adoraci\u00f3n y confesi\u00f3n, misa, fin del recogimiento y comida familiar. Fue un tiempo de oraci\u00f3n,&hellip;\" \/>\n<meta property=\"og:url\" content=\"https:\/\/www.itakaescolapios.org\/pt\/2022\/12\/recoleccion-en-la-capilla-san-michel-detetak-yaounde\/\" \/>\n<meta property=\"og:site_name\" content=\"Itaka-Escolapios\" \/>\n<meta property=\"article:published_time\" content=\"2022-12-22T14:19:43+00:00\" \/>\n<meta property=\"article:modified_time\" content=\"2023-11-28T11:35:38+00:00\" \/>\n<meta property=\"og:image\" content=\"https:\/\/www.itakaescolapios.org\/wp-content\/uploads\/2022\/12\/20221221_121601-scaled.jpg\" \/>\n\t<meta property=\"og:image:width\" content=\"2000\" \/>\n\t<meta property=\"og:image:height\" content=\"1500\" \/>\n\t<meta property=\"og:image:type\" content=\"image\/jpeg\" \/>\n<meta name=\"author\" content=\"cameroun01\" \/>\n<meta name=\"twitter:card\" content=\"summary_large_image\" \/>\n<meta name=\"twitter:label1\" content=\"Escrito por\" \/>\n\t<meta name=\"twitter:data1\" content=\"cameroun01\" \/>\n<script type=\"application\/ld+json\" class=\"yoast-schema-graph\">{\"@context\":\"https:\\\/\\\/schema.org\",\"@graph\":[{\"@type\":\"Article\",\"@id\":\"https:\\\/\\\/www.itakaescolapios.org\\\/pt\\\/2022\\\/12\\\/recoleccion-en-la-capilla-san-michel-detetak-yaounde\\\/#article\",\"isPartOf\":{\"@id\":\"https:\\\/\\\/www.itakaescolapios.org\\\/pt\\\/2022\\\/12\\\/recoleccion-en-la-capilla-san-michel-detetak-yaounde\\\/\"},\"author\":{\"name\":\"cameroun01\",\"@id\":\"https:\\\/\\\/www.itakaescolapios.org\\\/es\\\/#\\\/schema\\\/person\\\/d2844383e29bfdfef69039672ce14eb1\"},\"headline\":\"RECOLECCI\u00d3N EN LA CAPILLA SAN BASILE D'ETETAK Yaound\u00e9\",\"datePublished\":\"2022-12-22T14:19:43+00:00\",\"dateModified\":\"2023-11-28T11:35:38+00:00\",\"mainEntityOfPage\":{\"@id\":\"https:\\\/\\\/www.itakaescolapios.org\\\/pt\\\/2022\\\/12\\\/recoleccion-en-la-capilla-san-michel-detetak-yaounde\\\/\"},\"wordCount\":84,\"publisher\":{\"@id\":\"https:\\\/\\\/www.itakaescolapios.org\\\/es\\\/#organization\"},\"image\":{\"@id\":\"https:\\\/\\\/www.itakaescolapios.org\\\/pt\\\/2022\\\/12\\\/recoleccion-en-la-capilla-san-michel-detetak-yaounde\\\/#primaryimage\"},\"thumbnailUrl\":\"https:\\\/\\\/www.itakaescolapios.org\\\/wp-content\\\/uploads\\\/2022\\\/12\\\/20221221_121601-scaled.jpg\",\"articleSection\":[\"\u00c1frica Central\",\"Camar\u00f5es\"],\"inLanguage\":\"pt-BR\"},{\"@type\":\"WebPage\",\"@id\":\"https:\\\/\\\/www.itakaescolapios.org\\\/pt\\\/2022\\\/12\\\/recoleccion-en-la-capilla-san-michel-detetak-yaounde\\\/\",\"url\":\"https:\\\/\\\/www.itakaescolapios.org\\\/pt\\\/2022\\\/12\\\/recoleccion-en-la-capilla-san-michel-detetak-yaounde\\\/\",\"name\":\"RECOLECCI\u00d3N EN LA CAPILLA SAN BASILE D'ETETAK Yaound\u00e9 - Itaka-Escolapios\",\"isPartOf\":{\"@id\":\"https:\\\/\\\/www.itakaescolapios.org\\\/es\\\/#website\"},\"primaryImageOfPage\":{\"@id\":\"https:\\\/\\\/www.itakaescolapios.org\\\/pt\\\/2022\\\/12\\\/recoleccion-en-la-capilla-san-michel-detetak-yaounde\\\/#primaryimage\"},\"image\":{\"@id\":\"https:\\\/\\\/www.itakaescolapios.org\\\/pt\\\/2022\\\/12\\\/recoleccion-en-la-capilla-san-michel-detetak-yaounde\\\/#primaryimage\"},\"thumbnailUrl\":\"https:\\\/\\\/www.itakaescolapios.org\\\/wp-content\\\/uploads\\\/2022\\\/12\\\/20221221_121601-scaled.jpg\",\"datePublished\":\"2022-12-22T14:19:43+00:00\",\"dateModified\":\"2023-11-28T11:35:38+00:00\",\"breadcrumb\":{\"@id\":\"https:\\\/\\\/www.itakaescolapios.org\\\/pt\\\/2022\\\/12\\\/recoleccion-en-la-capilla-san-michel-detetak-yaounde\\\/#breadcrumb\"},\"inLanguage\":\"pt-BR\",\"potentialAction\":[{\"@type\":\"ReadAction\",\"target\":[\"https:\\\/\\\/www.itakaescolapios.org\\\/pt\\\/2022\\\/12\\\/recoleccion-en-la-capilla-san-michel-detetak-yaounde\\\/\"]}]},{\"@type\":\"ImageObject\",\"inLanguage\":\"pt-BR\",\"@id\":\"https:\\\/\\\/www.itakaescolapios.org\\\/pt\\\/2022\\\/12\\\/recoleccion-en-la-capilla-san-michel-detetak-yaounde\\\/#primaryimage\",\"url\":\"https:\\\/\\\/www.itakaescolapios.org\\\/wp-content\\\/uploads\\\/2022\\\/12\\\/20221221_121601-scaled.jpg\",\"contentUrl\":\"https:\\\/\\\/www.itakaescolapios.org\\\/wp-content\\\/uploads\\\/2022\\\/12\\\/20221221_121601-scaled.jpg\",\"width\":2000,\"height\":1500},{\"@type\":\"BreadcrumbList\",\"@id\":\"https:\\\/\\\/www.itakaescolapios.org\\\/pt\\\/2022\\\/12\\\/recoleccion-en-la-capilla-san-michel-detetak-yaounde\\\/#breadcrumb\",\"itemListElement\":[{\"@type\":\"ListItem\",\"position\":1,\"name\":\"Itaka-Escolapios\",\"item\":\"https:\\\/\\\/www.itakaescolapios.org\\\/es\\\/\"},{\"@type\":\"ListItem\",\"position\":2,\"name\":\"RECOLECCI\u00d3N EN LA CAPILLA SAN BASILE D'ETETAK Yaound\u00e9\"}]},{\"@type\":\"WebSite\",\"@id\":\"https:\\\/\\\/www.itakaescolapios.org\\\/pt\\\/es\\\/#website\",\"url\":\"https:\\\/\\\/www.itakaescolapios.org\\\/pt\\\/es\\\/\",\"name\":\"Itaka-Escolapios\",\"description\":\"Red de Itaka-Escolapios\",\"publisher\":{\"@id\":\"https:\\\/\\\/www.itakaescolapios.org\\\/pt\\\/es\\\/#organization\"},\"potentialAction\":[{\"@type\":\"SearchAction\",\"target\":{\"@type\":\"EntryPoint\",\"urlTemplate\":\"https:\\\/\\\/www.itakaescolapios.org\\\/pt\\\/es\\\/?s={search_term_string}\"},\"query-input\":{\"@type\":\"PropertyValueSpecification\",\"valueRequired\":true,\"valueName\":\"search_term_string\"}}],\"inLanguage\":\"pt-BR\"},{\"@type\":\"Organization\",\"@id\":\"https:\\\/\\\/www.itakaescolapios.org\\\/pt\\\/es\\\/#organization\",\"name\":\"Fundaci\u00f3 Itaka-Escolapios\",\"url\":\"https:\\\/\\\/www.itakaescolapios.org\\\/pt\\\/es\\\/\",\"logo\":{\"@type\":\"ImageObject\",\"inLanguage\":\"pt-BR\",\"@id\":\"https:\\\/\\\/www.itakaescolapios.org\\\/pt\\\/es\\\/#\\\/schema\\\/logo\\\/image\\\/\",\"url\":\"https:\\\/\\\/www.itakaescolapios.org\\\/wp-content\\\/uploads\\\/2024\\\/04\\\/Logo-itakaescolapios-peque.png\",\"contentUrl\":\"https:\\\/\\\/www.itakaescolapios.org\\\/wp-content\\\/uploads\\\/2024\\\/04\\\/Logo-itakaescolapios-peque.png\",\"width\":500,\"height\":199,\"caption\":\"Fundaci\u00f3 Itaka-Escolapios\"},\"image\":{\"@id\":\"https:\\\/\\\/www.itakaescolapios.org\\\/pt\\\/es\\\/#\\\/schema\\\/logo\\\/image\\\/\"}},{\"@type\":\"Person\",\"@id\":\"https:\\\/\\\/www.itakaescolapios.org\\\/es\\\/#\\\/schema\\\/person\\\/d2844383e29bfdfef69039672ce14eb1\",\"name\":\"cameroun01\",\"url\":\"https:\\\/\\\/www.itakaescolapios.org\\\/pt\\\/author\\\/cameroun01\\\/\"}]}<\/script>\n<!-- \/ Yoast SEO plugin. -->","yoast_head_json":{"title":"RECOLECCI\u00d3N EN LA CAPILLA SAN BASILE D'ETETAK Yaound\u00e9","description":"Para finales del a\u00f1o 2022, los corresponsales locales en Camer\u00fan, participaron en un recogimiento espiritual durante el d\u00eda 20 de diciembre de 2022. Sobre el programa, salida del H10 para Etetak, llegada e instalaci\u00f3n,\u00a0 presentaci\u00f3n de el tema, meditaci\u00f3n personal, adoraci\u00f3n y confesi\u00f3n, misa, fin del recogimiento y comida familiar. Fue un tiempo de oraci\u00f3n,&hellip;","robots":{"index":"index","follow":"follow","max-snippet":"max-snippet:-1","max-image-preview":"max-image-preview:large","max-video-preview":"max-video-preview:-1"},"canonical":"Para finales del a\u00f1o 2022, los corresponsales locales en Camer\u00fan, participaron en un recogimiento espiritual durante el d\u00eda 20 de diciembre de 2022. Sobre el programa, salida del H10 para Etetak, llegada e instalaci\u00f3n,\u00a0 presentaci\u00f3n de el tema, meditaci\u00f3n personal, adoraci\u00f3n y confesi\u00f3n, misa, fin del recogimiento y comida familiar. Fue un tiempo de oraci\u00f3n,&hellip;","og_locale":"pt_BR","og_type":"article","og_title":"RECOLECCI\u00d3N EN LA CAPILLA SAN BASILE D'ETETAK Yaound\u00e9","og_description":"Para finales del a\u00f1o 2022, los corresponsales locales en Camer\u00fan, participaron en un recogimiento espiritual durante el d\u00eda 20 de diciembre de 2022. Sobre el programa, salida del H10 para Etetak, llegada e instalaci\u00f3n,\u00a0 presentaci\u00f3n de el tema, meditaci\u00f3n personal, adoraci\u00f3n y confesi\u00f3n, misa, fin del recogimiento y comida familiar. Fue un tiempo de oraci\u00f3n,&hellip;","og_url":"https:\/\/www.itakaescolapios.org\/pt\/2022\/12\/recoleccion-en-la-capilla-san-michel-detetak-yaounde\/","og_site_name":"Itaka-Escolapios","article_published_time":"2022-12-22T14:19:43+00:00","article_modified_time":"2023-11-28T11:35:38+00:00","og_image":[{"width":2000,"height":1500,"url":"https:\/\/www.itakaescolapios.org\/wp-content\/uploads\/2022\/12\/20221221_121601-scaled.jpg","type":"image\/jpeg"}],"author":"cameroun01","twitter_card":"summary_large_image","twitter_misc":{"Escrito por":"cameroun01"},"schema":{"@context":"https:\/\/schema.org","@graph":[{"@type":"Article","@id":"https:\/\/www.itakaescolapios.org\/pt\/2022\/12\/recoleccion-en-la-capilla-san-michel-detetak-yaounde\/#article","isPartOf":{"@id":"https:\/\/www.itakaescolapios.org\/pt\/2022\/12\/recoleccion-en-la-capilla-san-michel-detetak-yaounde\/"},"author":{"name":"cameroun01","@id":"https:\/\/www.itakaescolapios.org\/es\/#\/schema\/person\/d2844383e29bfdfef69039672ce14eb1"},"headline":"RECOLECCI\u00d3N EN LA CAPILLA SAN BASILE D'ETETAK Yaound\u00e9","datePublished":"2022-12-22T14:19:43+00:00","dateModified":"2023-11-28T11:35:38+00:00","mainEntityOfPage":{"@id":"https:\/\/www.itakaescolapios.org\/pt\/2022\/12\/recoleccion-en-la-capilla-san-michel-detetak-yaounde\/"},"wordCount":84,"publisher":{"@id":"https:\/\/www.itakaescolapios.org\/es\/#organization"},"image":{"@id":"https:\/\/www.itakaescolapios.org\/pt\/2022\/12\/recoleccion-en-la-capilla-san-michel-detetak-yaounde\/#primaryimage"},"thumbnailUrl":"https:\/\/www.itakaescolapios.org\/wp-content\/uploads\/2022\/12\/20221221_121601-scaled.jpg","articleSection":["\u00c1frica Central","Camar\u00f5es"],"inLanguage":"pt-BR"},{"@type":"WebPage","@id":"https:\/\/www.itakaescolapios.org\/pt\/2022\/12\/recoleccion-en-la-capilla-san-michel-detetak-yaounde\/","url":"https:\/\/www.itakaescolapios.org\/pt\/2022\/12\/recoleccion-en-la-capilla-san-michel-detetak-yaounde\/","name":"RECOLECCI\u00d3N EN LA CAPILLA SAN BASILE D'ETETAK Yaound\u00e9 - Itaka-Escolapios","isPartOf":{"@id":"https:\/\/www.itakaescolapios.org\/es\/#website"},"primaryImageOfPage":{"@id":"https:\/\/www.itakaescolapios.org\/pt\/2022\/12\/recoleccion-en-la-capilla-san-michel-detetak-yaounde\/#primaryimage"},"image":{"@id":"https:\/\/www.itakaescolapios.org\/pt\/2022\/12\/recoleccion-en-la-capilla-san-michel-detetak-yaounde\/#primaryimage"},"thumbnailUrl":"https:\/\/www.itakaescolapios.org\/wp-content\/uploads\/2022\/12\/20221221_121601-scaled.jpg","datePublished":"2022-12-22T14:19:43+00:00","dateModified":"2023-11-28T11:35:38+00:00","breadcrumb":{"@id":"https:\/\/www.itakaescolapios.org\/pt\/2022\/12\/recoleccion-en-la-capilla-san-michel-detetak-yaounde\/#breadcrumb"},"inLanguage":"pt-BR","potentialAction":[{"@type":"ReadAction","target":["https:\/\/www.itakaescolapios.org\/pt\/2022\/12\/recoleccion-en-la-capilla-san-michel-detetak-yaounde\/"]}]},{"@type":"ImageObject","inLanguage":"pt-BR","@id":"https:\/\/www.itakaescolapios.org\/pt\/2022\/12\/recoleccion-en-la-capilla-san-michel-detetak-yaounde\/#primaryimage","url":"https:\/\/www.itakaescolapios.org\/wp-content\/uploads\/2022\/12\/20221221_121601-scaled.jpg","contentUrl":"https:\/\/www.itakaescolapios.org\/wp-content\/uploads\/2022\/12\/20221221_121601-scaled.jpg","width":2000,"height":1500},{"@type":"BreadcrumbList","@id":"https:\/\/www.itakaescolapios.org\/pt\/2022\/12\/recoleccion-en-la-capilla-san-michel-detetak-yaounde\/#breadcrumb","itemListElement":[{"@type":"ListItem","position":1,"name":"Itaka-Escolapios","item":"https:\/\/www.itakaescolapios.org\/es\/"},{"@type":"ListItem","position":2,"name":"RECOLECCI\u00d3N EN LA CAPILLA SAN BASILE D'ETETAK Yaound\u00e9"}]},{"@type":"WebSite","@id":"https:\/\/www.itakaescolapios.org\/pt\/es\/#website","url":"https:\/\/www.itakaescolapios.org\/pt\/es\/","name":"Itaka-Escolapios","description":"Red de Itaka-Escolapios","publisher":{"@id":"https:\/\/www.itakaescolapios.org\/pt\/es\/#organization"},"potentialAction":[{"@type":"SearchAction","target":{"@type":"EntryPoint","urlTemplate":"https:\/\/www.itakaescolapios.org\/pt\/es\/?s={search_term_string}"},"query-input":{"@type":"PropertyValueSpecification","valueRequired":true,"valueName":"search_term_string"}}],"inLanguage":"pt-BR"},{"@type":"Organization","@id":"https:\/\/www.itakaescolapios.org\/pt\/es\/#organization","name":"Fundaci\u00f3 Itaka-Escolapios","url":"https:\/\/www.itakaescolapios.org\/pt\/es\/","logo":{"@type":"ImageObject","inLanguage":"pt-BR","@id":"https:\/\/www.itakaescolapios.org\/pt\/es\/#\/schema\/logo\/image\/","url":"https:\/\/www.itakaescolapios.org\/wp-content\/uploads\/2024\/04\/Logo-itakaescolapios-peque.png","contentUrl":"https:\/\/www.itakaescolapios.org\/wp-content\/uploads\/2024\/04\/Logo-itakaescolapios-peque.png","width":500,"height":199,"caption":"Fundaci\u00f3 Itaka-Escolapios"},"image":{"@id":"https:\/\/www.itakaescolapios.org\/pt\/es\/#\/schema\/logo\/image\/"}},{"@type":"Person","@id":"https:\/\/www.itakaescolapios.org\/es\/#\/schema\/person\/d2844383e29bfdfef69039672ce14eb1","name":"cameroun01","url":"https:\/\/www.itakaescolapios.org\/pt\/author\/cameroun01\/"}]}},"_links":{"self":[{"href":"https:\/\/www.itakaescolapios.org\/pt\/wp-json\/wp\/v2\/posts\/38195","targetHints":{"allow":["GET"]}}],"collection":[{"href":"https:\/\/www.itakaescolapios.org\/pt\/wp-json\/wp\/v2\/posts"}],"about":[{"href":"https:\/\/www.itakaescolapios.org\/pt\/wp-json\/wp\/v2\/types\/post"}],"author":[{"embeddable":true,"href":"https:\/\/www.itakaescolapios.org\/pt\/wp-json\/wp\/v2\/users\/15"}],"replies":[{"embeddable":true,"href":"https:\/\/www.itakaescolapios.org\/pt\/wp-json\/wp\/v2\/comments?post=38195"}],"version-history":[{"count":4,"href":"https:\/\/www.itakaescolapios.org\/pt\/wp-json\/wp\/v2\/posts\/38195\/revisions"}],"predecessor-version":[{"id":43740,"href":"https:\/\/www.itakaescolapios.org\/pt\/wp-json\/wp\/v2\/posts\/38195\/revisions\/43740"}],"wp:featuredmedia":[{"embeddable":true,"href":"https:\/\/www.itakaescolapios.org\/pt\/wp-json\/wp\/v2\/media\/38196"}],"wp:attachment":[{"href":"https:\/\/www.itakaescolapios.org\/pt\/wp-json\/wp\/v2\/media?parent=38195"}],"wp:term":[{"taxonomy":"category","embeddable":true,"href":"https:\/\/www.itakaescolapios.org\/pt\/wp-json\/wp\/v2\/categories?post=38195"},{"taxonomy":"post_tag","embeddable":true,"href":"https:\/\/www.itakaescolapios.org\/pt\/wp-json\/wp\/v2\/tags?post=38195"}],"curies":[{"name":"wp","href":"https:\/\/api.w.org\/{rel}","templated":true}]}}