{"id":38243,"date":"2022-03-18T18:06:58","date_gmt":"2022-03-18T17:06:58","guid":{"rendered":"https:\/\/www.itakaescolapios.org\/?p=38243"},"modified":"2023-11-28T12:35:49","modified_gmt":"2023-11-28T11:35:49","slug":"espacio-de-reflexion-para-compartir-experiencias","status":"publish","type":"post","link":"https:\/\/www.itakaescolapios.org\/pt\/2022\/03\/espacio-de-reflexion-para-compartir-experiencias\/","title":{"rendered":"Espacio de reflexi\u00f3n para compartir experiencias"},"content":{"rendered":"<p>30 de mayo de 2022<\/p>\n<p>Esta ma\u00f1ana, dentro del proyecto Sumamos M\u00e1s, hemos tenido un espacio de reflexi\u00f3n con participantes del proyecto Ojal\u00e1 donde hemos pensado y compartido experiencias sobre procesos de integraci\u00f3n de personas migrantes.<\/p>\n<p>Ha sido un momento muy enriquecedor donde cuatro personas han compartido su proceso migratorio, con sus luces y sus sombras, de experiencias exitosas, aunque con grandes dificultades, aciertos y errores.<\/p>\n<p>Seguro que ser\u00e1n de mucha utilidad para personas que se encuentran en ese proceso de integraci\u00f3n y consolidaci\u00f3n de su experiencia migrante. Desde aqu\u00ed dar las gracias a las personas que han compartido tan sinceramente su duro camino entre nosotras y nosotros. Para las personas que somos de aqu\u00ed tambi\u00e9n es un ba\u00f1o de realidad que tiene que darnos mucho que pensar.<\/p>\n\n\t\t<style type=\"text\/css\">\n\t\t\t#gallery-1 {\n\t\t\t\tmargin: auto;\n\t\t\t}\n\t\t\t#gallery-1 .gallery-item {\n\t\t\t\tfloat: left;\n\t\t\t\tmargin-top: 10px;\n\t\t\t\ttext-align: center;\n\t\t\t\twidth: 33%;\n\t\t\t}\n\t\t\t#gallery-1 img {\n\t\t\t\tborder: 2px solid #cfcfcf;\n\t\t\t}\n\t\t\t#gallery-1 .gallery-caption {\n\t\t\t\tmargin-left: 0;\n\t\t\t}\n\t\t\t\/* see gallery_shortcode() in wp-includes\/media.php *\/\n\t\t<\/style>\n\t\t<div id='gallery-1' class='gallery galleryid-38243 gallery-columns-3 gallery-size-medium'><dl class='gallery-item'>\n\t\t\t<dt class='gallery-icon landscape'>\n\t\t\t\t<a href='https:\/\/www.itakaescolapios.org\/pt\/2022\/03\/espacio-de-reflexion-para-compartir-experiencias\/18m-1\/'><img decoding=\"async\" width=\"300\" height=\"225\" src=\"https:\/\/www.itakaescolapios.org\/wp-content\/uploads\/2023\/01\/18m-1-300x225.jpg\" class=\"attachment-medium size-medium\" alt=\"\" srcset=\"https:\/\/www.itakaescolapios.org\/wp-content\/uploads\/2023\/01\/18m-1-300x225.jpg 300w, https:\/\/www.itakaescolapios.org\/wp-content\/uploads\/2023\/01\/18m-1-1024x768.jpg 1024w, https:\/\/www.itakaescolapios.org\/wp-content\/uploads\/2023\/01\/18m-1-768x576.jpg 768w, https:\/\/www.itakaescolapios.org\/wp-content\/uploads\/2023\/01\/18m-1-1536x1152.jpg 1536w, https:\/\/www.itakaescolapios.org\/wp-content\/uploads\/2023\/01\/18m-1-250x188.jpg 250w, https:\/\/www.itakaescolapios.org\/wp-content\/uploads\/2023\/01\/18m-1-510x382.jpg 510w, https:\/\/www.itakaescolapios.org\/wp-content\/uploads\/2023\/01\/18m-1-1080x810.jpg 1080w, https:\/\/www.itakaescolapios.org\/wp-content\/uploads\/2023\/01\/18m-1.jpg 1600w\" sizes=\"(max-width: 300px) 100vw, 300px\" \/><\/a>\n\t\t\t<\/dt><\/dl>\n\t\t\t<br style='clear: both' \/>\n\t\t<\/div>\n\n","protected":false},"excerpt":{"rendered":"<p>30 de mayo de 2022 Esta ma\u00f1ana, dentro del proyecto Sumamos M\u00e1s, hemos tenido un espacio de reflexi\u00f3n con participantes del proyecto Ojal\u00e1 donde hemos pensado y compartido experiencias sobre [&hellip;]<\/p>\n","protected":false},"author":62,"featured_media":0,"comment_status":"closed","ping_status":"closed","sticky":false,"template":"","format":"standard","meta":{"_et_pb_use_builder":"","_et_pb_old_content":"","_et_gb_content_width":"","footnotes":""},"categories":[13],"tags":[],"class_list":["post-38243","post","type-post","status-publish","format-standard","hentry","category-vitoria"],"yoast_head":"<!-- This site is optimized with the Yoast SEO plugin v27.4 - https:\/\/yoast.com\/product\/yoast-seo-wordpress\/ -->\n<title>Espacio de reflexi\u00f3n para compartir experiencias<\/title>\n<meta name=\"description\" content=\"30 de mayo de 2022 Esta ma\u00f1ana, dentro del proyecto Sumamos M\u00e1s, hemos tenido un espacio de reflexi\u00f3n con participantes del proyecto Ojal\u00e1 donde hemos pensado y compartido experiencias sobre procesos de integraci\u00f3n de personas migrantes. Ha sido un momento muy enriquecedor donde cuatro personas han compartido su proceso migratorio, con sus luces y sus&hellip;\" \/>\n<meta name=\"robots\" content=\"index, follow, max-snippet:-1, max-image-preview:large, max-video-preview:-1\" \/>\n<link rel=\"canonical\" href=\"http:\/\/30%20de%20mayo%20de%202022%20Esta%20ma\u00f1ana,%20dentro%20del%20proyecto%20Sumamos%20M\u00e1s,%20hemos%20tenido%20un%20espacio%20de%20reflexi\u00f3n%20con%20participantes%20del%20proyecto%20Ojal\u00e1%20donde%20hemos%20pensado%20y%20compartido%20experiencias%20sobre%20procesos%20de%20integraci\u00f3n%20de%20personas%20migrantes.%20Ha%20sido%20un%20momento%20muy%20enriquecedor%20donde%20cuatro%20personas%20han%20compartido%20su%20proceso%20migratorio,%20con%20sus%20luces%20y%20sus&hellip;\" \/>\n<meta property=\"og:locale\" content=\"pt_BR\" \/>\n<meta property=\"og:type\" content=\"article\" \/>\n<meta property=\"og:title\" content=\"Espacio de reflexi\u00f3n para compartir experiencias\" \/>\n<meta property=\"og:description\" content=\"30 de mayo de 2022 Esta ma\u00f1ana, dentro del proyecto Sumamos M\u00e1s, hemos tenido un espacio de reflexi\u00f3n con participantes del proyecto Ojal\u00e1 donde hemos pensado y compartido experiencias sobre procesos de integraci\u00f3n de personas migrantes. Ha sido un momento muy enriquecedor donde cuatro personas han compartido su proceso migratorio, con sus luces y sus&hellip;\" \/>\n<meta property=\"og:url\" content=\"https:\/\/www.itakaescolapios.org\/pt\/2022\/03\/espacio-de-reflexion-para-compartir-experiencias\/\" \/>\n<meta property=\"og:site_name\" content=\"Itaka-Escolapios\" \/>\n<meta property=\"article:published_time\" content=\"2022-03-18T17:06:58+00:00\" \/>\n<meta property=\"article:modified_time\" content=\"2023-11-28T11:35:49+00:00\" \/>\n<meta property=\"og:image\" content=\"https:\/\/www.itakaescolapios.org\/wp-content\/uploads\/2023\/01\/18m-1-300x225.jpg\" \/>\n<meta name=\"author\" content=\"Equipo TIC Ema\u00fas\" \/>\n<meta name=\"twitter:card\" content=\"summary_large_image\" \/>\n<meta name=\"twitter:label1\" content=\"Escrito por\" \/>\n\t<meta name=\"twitter:data1\" content=\"Equipo TIC Ema\u00fas\" \/>\n\t<meta name=\"twitter:label2\" content=\"Est. tempo de leitura\" \/>\n\t<meta name=\"twitter:data2\" content=\"1 minuto\" \/>\n<script type=\"application\/ld+json\" class=\"yoast-schema-graph\">{\"@context\":\"https:\\\/\\\/schema.org\",\"@graph\":[{\"@type\":\"Article\",\"@id\":\"https:\\\/\\\/www.itakaescolapios.org\\\/pt\\\/2022\\\/03\\\/espacio-de-reflexion-para-compartir-experiencias\\\/#article\",\"isPartOf\":{\"@id\":\"https:\\\/\\\/www.itakaescolapios.org\\\/pt\\\/2022\\\/03\\\/espacio-de-reflexion-para-compartir-experiencias\\\/\"},\"author\":{\"name\":\"Equipo TIC Ema\u00fas\",\"@id\":\"https:\\\/\\\/www.itakaescolapios.org\\\/es\\\/#\\\/schema\\\/person\\\/200262de1d464b07c45f3c70eb4cf614\"},\"headline\":\"Espacio de reflexi\u00f3n para compartir experiencias\",\"datePublished\":\"2022-03-18T17:06:58+00:00\",\"dateModified\":\"2023-11-28T11:35:49+00:00\",\"mainEntityOfPage\":{\"@id\":\"https:\\\/\\\/www.itakaescolapios.org\\\/pt\\\/2022\\\/03\\\/espacio-de-reflexion-para-compartir-experiencias\\\/\"},\"wordCount\":146,\"publisher\":{\"@id\":\"https:\\\/\\\/www.itakaescolapios.org\\\/es\\\/#organization\"},\"articleSection\":[\"Vitoria-Gasteiz\"],\"inLanguage\":\"pt-BR\"},{\"@type\":\"WebPage\",\"@id\":\"https:\\\/\\\/www.itakaescolapios.org\\\/pt\\\/2022\\\/03\\\/espacio-de-reflexion-para-compartir-experiencias\\\/\",\"url\":\"https:\\\/\\\/www.itakaescolapios.org\\\/pt\\\/2022\\\/03\\\/espacio-de-reflexion-para-compartir-experiencias\\\/\",\"name\":\"Espacio de reflexi\u00f3n para compartir experiencias - Itaka-Escolapios\",\"isPartOf\":{\"@id\":\"https:\\\/\\\/www.itakaescolapios.org\\\/es\\\/#website\"},\"datePublished\":\"2022-03-18T17:06:58+00:00\",\"dateModified\":\"2023-11-28T11:35:49+00:00\",\"breadcrumb\":{\"@id\":\"https:\\\/\\\/www.itakaescolapios.org\\\/pt\\\/2022\\\/03\\\/espacio-de-reflexion-para-compartir-experiencias\\\/#breadcrumb\"},\"inLanguage\":\"pt-BR\",\"potentialAction\":[{\"@type\":\"ReadAction\",\"target\":[\"https:\\\/\\\/www.itakaescolapios.org\\\/pt\\\/2022\\\/03\\\/espacio-de-reflexion-para-compartir-experiencias\\\/\"]}]},{\"@type\":\"BreadcrumbList\",\"@id\":\"https:\\\/\\\/www.itakaescolapios.org\\\/pt\\\/2022\\\/03\\\/espacio-de-reflexion-para-compartir-experiencias\\\/#breadcrumb\",\"itemListElement\":[{\"@type\":\"ListItem\",\"position\":1,\"name\":\"Itaka-Escolapios\",\"item\":\"https:\\\/\\\/www.itakaescolapios.org\\\/es\\\/\"},{\"@type\":\"ListItem\",\"position\":2,\"name\":\"Espacio de reflexi\u00f3n para compartir experiencias\"}]},{\"@type\":\"WebSite\",\"@id\":\"https:\\\/\\\/www.itakaescolapios.org\\\/pt\\\/es\\\/#website\",\"url\":\"https:\\\/\\\/www.itakaescolapios.org\\\/pt\\\/es\\\/\",\"name\":\"Itaka-Escolapios\",\"description\":\"Red de Itaka-Escolapios\",\"publisher\":{\"@id\":\"https:\\\/\\\/www.itakaescolapios.org\\\/pt\\\/es\\\/#organization\"},\"potentialAction\":[{\"@type\":\"SearchAction\",\"target\":{\"@type\":\"EntryPoint\",\"urlTemplate\":\"https:\\\/\\\/www.itakaescolapios.org\\\/pt\\\/es\\\/?s={search_term_string}\"},\"query-input\":{\"@type\":\"PropertyValueSpecification\",\"valueRequired\":true,\"valueName\":\"search_term_string\"}}],\"inLanguage\":\"pt-BR\"},{\"@type\":\"Organization\",\"@id\":\"https:\\\/\\\/www.itakaescolapios.org\\\/pt\\\/es\\\/#organization\",\"name\":\"Fundaci\u00f3 Itaka-Escolapios\",\"url\":\"https:\\\/\\\/www.itakaescolapios.org\\\/pt\\\/es\\\/\",\"logo\":{\"@type\":\"ImageObject\",\"inLanguage\":\"pt-BR\",\"@id\":\"https:\\\/\\\/www.itakaescolapios.org\\\/pt\\\/es\\\/#\\\/schema\\\/logo\\\/image\\\/\",\"url\":\"https:\\\/\\\/www.itakaescolapios.org\\\/wp-content\\\/uploads\\\/2024\\\/04\\\/Logo-itakaescolapios-peque.png\",\"contentUrl\":\"https:\\\/\\\/www.itakaescolapios.org\\\/wp-content\\\/uploads\\\/2024\\\/04\\\/Logo-itakaescolapios-peque.png\",\"width\":500,\"height\":199,\"caption\":\"Fundaci\u00f3 Itaka-Escolapios\"},\"image\":{\"@id\":\"https:\\\/\\\/www.itakaescolapios.org\\\/pt\\\/es\\\/#\\\/schema\\\/logo\\\/image\\\/\"}},{\"@type\":\"Person\",\"@id\":\"https:\\\/\\\/www.itakaescolapios.org\\\/es\\\/#\\\/schema\\\/person\\\/200262de1d464b07c45f3c70eb4cf614\",\"name\":\"Equipo TIC Ema\u00fas\",\"url\":\"https:\\\/\\\/www.itakaescolapios.org\\\/pt\\\/author\\\/ntic\\\/\"}]}<\/script>\n<!-- \/ Yoast SEO plugin. -->","yoast_head_json":{"title":"Espacio de reflexi\u00f3n para compartir experiencias","description":"30 de mayo de 2022 Esta ma\u00f1ana, dentro del proyecto Sumamos M\u00e1s, hemos tenido un espacio de reflexi\u00f3n con participantes del proyecto Ojal\u00e1 donde hemos pensado y compartido experiencias sobre procesos de integraci\u00f3n de personas migrantes. Ha sido un momento muy enriquecedor donde cuatro personas han compartido su proceso migratorio, con sus luces y sus&hellip;","robots":{"index":"index","follow":"follow","max-snippet":"max-snippet:-1","max-image-preview":"max-image-preview:large","max-video-preview":"max-video-preview:-1"},"canonical":"30 de mayo de 2022 Esta ma\u00f1ana, dentro del proyecto Sumamos M\u00e1s, hemos tenido un espacio de reflexi\u00f3n con participantes del proyecto Ojal\u00e1 donde hemos pensado y compartido experiencias sobre procesos de integraci\u00f3n de personas migrantes. Ha sido un momento muy enriquecedor donde cuatro personas han compartido su proceso migratorio, con sus luces y sus&hellip;","og_locale":"pt_BR","og_type":"article","og_title":"Espacio de reflexi\u00f3n para compartir experiencias","og_description":"30 de mayo de 2022 Esta ma\u00f1ana, dentro del proyecto Sumamos M\u00e1s, hemos tenido un espacio de reflexi\u00f3n con participantes del proyecto Ojal\u00e1 donde hemos pensado y compartido experiencias sobre procesos de integraci\u00f3n de personas migrantes. Ha sido un momento muy enriquecedor donde cuatro personas han compartido su proceso migratorio, con sus luces y sus&hellip;","og_url":"https:\/\/www.itakaescolapios.org\/pt\/2022\/03\/espacio-de-reflexion-para-compartir-experiencias\/","og_site_name":"Itaka-Escolapios","article_published_time":"2022-03-18T17:06:58+00:00","article_modified_time":"2023-11-28T11:35:49+00:00","og_image":[{"url":"https:\/\/www.itakaescolapios.org\/wp-content\/uploads\/2023\/01\/18m-1-300x225.jpg","type":"","width":"","height":""}],"author":"Equipo TIC Ema\u00fas","twitter_card":"summary_large_image","twitter_misc":{"Escrito por":"Equipo TIC Ema\u00fas","Est. tempo de leitura":"1 minuto"},"schema":{"@context":"https:\/\/schema.org","@graph":[{"@type":"Article","@id":"https:\/\/www.itakaescolapios.org\/pt\/2022\/03\/espacio-de-reflexion-para-compartir-experiencias\/#article","isPartOf":{"@id":"https:\/\/www.itakaescolapios.org\/pt\/2022\/03\/espacio-de-reflexion-para-compartir-experiencias\/"},"author":{"name":"Equipo TIC Ema\u00fas","@id":"https:\/\/www.itakaescolapios.org\/es\/#\/schema\/person\/200262de1d464b07c45f3c70eb4cf614"},"headline":"Espacio de reflexi\u00f3n para compartir experiencias","datePublished":"2022-03-18T17:06:58+00:00","dateModified":"2023-11-28T11:35:49+00:00","mainEntityOfPage":{"@id":"https:\/\/www.itakaescolapios.org\/pt\/2022\/03\/espacio-de-reflexion-para-compartir-experiencias\/"},"wordCount":146,"publisher":{"@id":"https:\/\/www.itakaescolapios.org\/es\/#organization"},"articleSection":["Vitoria-Gasteiz"],"inLanguage":"pt-BR"},{"@type":"WebPage","@id":"https:\/\/www.itakaescolapios.org\/pt\/2022\/03\/espacio-de-reflexion-para-compartir-experiencias\/","url":"https:\/\/www.itakaescolapios.org\/pt\/2022\/03\/espacio-de-reflexion-para-compartir-experiencias\/","name":"Espacio de reflexi\u00f3n para compartir experiencias - Itaka-Escolapios","isPartOf":{"@id":"https:\/\/www.itakaescolapios.org\/es\/#website"},"datePublished":"2022-03-18T17:06:58+00:00","dateModified":"2023-11-28T11:35:49+00:00","breadcrumb":{"@id":"https:\/\/www.itakaescolapios.org\/pt\/2022\/03\/espacio-de-reflexion-para-compartir-experiencias\/#breadcrumb"},"inLanguage":"pt-BR","potentialAction":[{"@type":"ReadAction","target":["https:\/\/www.itakaescolapios.org\/pt\/2022\/03\/espacio-de-reflexion-para-compartir-experiencias\/"]}]},{"@type":"BreadcrumbList","@id":"https:\/\/www.itakaescolapios.org\/pt\/2022\/03\/espacio-de-reflexion-para-compartir-experiencias\/#breadcrumb","itemListElement":[{"@type":"ListItem","position":1,"name":"Itaka-Escolapios","item":"https:\/\/www.itakaescolapios.org\/es\/"},{"@type":"ListItem","position":2,"name":"Espacio de reflexi\u00f3n para compartir experiencias"}]},{"@type":"WebSite","@id":"https:\/\/www.itakaescolapios.org\/pt\/es\/#website","url":"https:\/\/www.itakaescolapios.org\/pt\/es\/","name":"Itaka-Escolapios","description":"Red de Itaka-Escolapios","publisher":{"@id":"https:\/\/www.itakaescolapios.org\/pt\/es\/#organization"},"potentialAction":[{"@type":"SearchAction","target":{"@type":"EntryPoint","urlTemplate":"https:\/\/www.itakaescolapios.org\/pt\/es\/?s={search_term_string}"},"query-input":{"@type":"PropertyValueSpecification","valueRequired":true,"valueName":"search_term_string"}}],"inLanguage":"pt-BR"},{"@type":"Organization","@id":"https:\/\/www.itakaescolapios.org\/pt\/es\/#organization","name":"Fundaci\u00f3 Itaka-Escolapios","url":"https:\/\/www.itakaescolapios.org\/pt\/es\/","logo":{"@type":"ImageObject","inLanguage":"pt-BR","@id":"https:\/\/www.itakaescolapios.org\/pt\/es\/#\/schema\/logo\/image\/","url":"https:\/\/www.itakaescolapios.org\/wp-content\/uploads\/2024\/04\/Logo-itakaescolapios-peque.png","contentUrl":"https:\/\/www.itakaescolapios.org\/wp-content\/uploads\/2024\/04\/Logo-itakaescolapios-peque.png","width":500,"height":199,"caption":"Fundaci\u00f3 Itaka-Escolapios"},"image":{"@id":"https:\/\/www.itakaescolapios.org\/pt\/es\/#\/schema\/logo\/image\/"}},{"@type":"Person","@id":"https:\/\/www.itakaescolapios.org\/es\/#\/schema\/person\/200262de1d464b07c45f3c70eb4cf614","name":"Equipo TIC Ema\u00fas","url":"https:\/\/www.itakaescolapios.org\/pt\/author\/ntic\/"}]}},"_links":{"self":[{"href":"https:\/\/www.itakaescolapios.org\/pt\/wp-json\/wp\/v2\/posts\/38243","targetHints":{"allow":["GET"]}}],"collection":[{"href":"https:\/\/www.itakaescolapios.org\/pt\/wp-json\/wp\/v2\/posts"}],"about":[{"href":"https:\/\/www.itakaescolapios.org\/pt\/wp-json\/wp\/v2\/types\/post"}],"author":[{"embeddable":true,"href":"https:\/\/www.itakaescolapios.org\/pt\/wp-json\/wp\/v2\/users\/62"}],"replies":[{"embeddable":true,"href":"https:\/\/www.itakaescolapios.org\/pt\/wp-json\/wp\/v2\/comments?post=38243"}],"version-history":[{"count":3,"href":"https:\/\/www.itakaescolapios.org\/pt\/wp-json\/wp\/v2\/posts\/38243\/revisions"}],"predecessor-version":[{"id":43999,"href":"https:\/\/www.itakaescolapios.org\/pt\/wp-json\/wp\/v2\/posts\/38243\/revisions\/43999"}],"wp:attachment":[{"href":"https:\/\/www.itakaescolapios.org\/pt\/wp-json\/wp\/v2\/media?parent=38243"}],"wp:term":[{"taxonomy":"category","embeddable":true,"href":"https:\/\/www.itakaescolapios.org\/pt\/wp-json\/wp\/v2\/categories?post=38243"},{"taxonomy":"post_tag","embeddable":true,"href":"https:\/\/www.itakaescolapios.org\/pt\/wp-json\/wp\/v2\/tags?post=38243"}],"curies":[{"name":"wp","href":"https:\/\/api.w.org\/{rel}","templated":true}]}}