{"id":38276,"date":"2023-01-04T14:09:51","date_gmt":"2023-01-04T13:09:51","guid":{"rendered":"https:\/\/www.itakaescolapios.org\/?p=38276"},"modified":"2023-11-28T12:35:38","modified_gmt":"2023-11-28T11:35:38","slug":"francais-celebration-de-la-noel-en-famille-avec-les-enfants-de-la-paroisse-du-bapteme-de-jesus-et-saint-ambroise-de-la-cite-verte-yaounde","status":"publish","type":"post","link":"https:\/\/www.itakaescolapios.org\/pt\/2023\/01\/francais-celebration-de-la-noel-en-famille-avec-les-enfants-de-la-paroisse-du-bapteme-de-jesus-et-saint-ambroise-de-la-cite-verte-yaounde\/","title":{"rendered":""},"content":{"rendered":"<p>[:fr]Aujourd&#8217;hui samedi 24 d\u00e9cembre 2022 s&#8217;est tenue \u00e0 la Paroisse du Bapt\u00eame de J\u00e9sus et saint Ambroise de la cit\u00e9 verte\u00a0 Yaound\u00e9 ( Cameroun ) la c\u00e9l\u00e9bration de la no\u00ebl en famille avec les enfants . Au programme jeux, danse, pri\u00e8re, chants, arriv\u00e9e du p\u00e8re no\u00ebl, la distribution des cadeaux puis la photo de famille. La journ\u00e9e \u00e9tait mouvement\u00e9e et pleine d&#8217;\u00e9motions que nous avons ensemble partag\u00e9. Ce fut une tr\u00e8s belle exp\u00e9rience. Les enfants \u00e9taient joyeux et avec nous, ils ont partag\u00e9 la joie de la venu au monde de l&#8217;enfant J\u00e9sus, \u00e0 la mani\u00e8re Piariste.<\/p>\n<p><img decoding=\"async\" class=\"size-full wp-image-3515 aligncenter\" src=\"https:\/\/piaristesafriquecentrale.org\/wp-content\/uploads\/2022\/12\/IMG-20221224-WA0056.jpg\" alt=\"\" width=\"1080\" height=\"810\" \/><\/p>\n<p><img decoding=\"async\" class=\"size-full wp-image-3513 aligncenter\" src=\"https:\/\/piaristesafriquecentrale.org\/wp-content\/uploads\/2022\/12\/IMG-20221224-WA0061.jpg\" alt=\"\" width=\"1080\" height=\"810\" \/>[:]<\/p>\n","protected":false},"excerpt":{"rendered":"<p>[:fr]Aujourd&#8217;hui samedi 24 d\u00e9cembre 2022 s&#8217;est tenue \u00e0 la Paroisse du Bapt\u00eame de J\u00e9sus et saint Ambroise de la cit\u00e9 verte\u00a0 Yaound\u00e9 ( Cameroun ) la c\u00e9l\u00e9bration de la no\u00ebl [&hellip;]<\/p>\n","protected":false},"author":15,"featured_media":38277,"comment_status":"closed","ping_status":"closed","sticky":false,"template":"","format":"standard","meta":{"_et_pb_use_builder":"","_et_pb_old_content":"","_et_gb_content_width":"","footnotes":""},"categories":[53,10],"tags":[],"class_list":["post-38276","post","type-post","status-publish","format-standard","has-post-thumbnail","hentry","category-africa-central","category-camerun"],"yoast_head":"<!-- This site is optimized with the Yoast SEO plugin v27.4 - https:\/\/yoast.com\/product\/yoast-seo-wordpress\/ -->\n<title>- Itaka-Escolapios<\/title>\n<meta name=\"description\" content=\"[:fr]Aujourd&#039;hui samedi 24 d\u00e9cembre 2022 s&#039;est tenue \u00e0 la Paroisse du Bapt\u00eame de J\u00e9sus et saint Ambroise de la cit\u00e9 verte\u00a0 Yaound\u00e9 ( Cameroun ) la c\u00e9l\u00e9bration de la no\u00ebl en famille avec les enfants . Au programme jeux, danse, pri\u00e8re, chants, arriv\u00e9e du p\u00e8re no\u00ebl, la distribution des cadeaux puis la photo de famille.&hellip;\" \/>\n<meta name=\"robots\" content=\"index, follow, max-snippet:-1, max-image-preview:large, max-video-preview:-1\" \/>\n<link rel=\"canonical\" href=\"\" \/>\n<meta property=\"og:locale\" content=\"pt_BR\" \/>\n<meta property=\"og:type\" content=\"article\" \/>\n<meta property=\"og:title\" content=\"- Itaka-Escolapios\" \/>\n<meta property=\"og:description\" content=\"[:fr]Aujourd&#039;hui samedi 24 d\u00e9cembre 2022 s&#039;est tenue \u00e0 la Paroisse du Bapt\u00eame de J\u00e9sus et saint Ambroise de la cit\u00e9 verte\u00a0 Yaound\u00e9 ( Cameroun ) la c\u00e9l\u00e9bration de la no\u00ebl en famille avec les enfants . Au programme jeux, danse, pri\u00e8re, chants, arriv\u00e9e du p\u00e8re no\u00ebl, la distribution des cadeaux puis la photo de famille.&hellip;\" \/>\n<meta property=\"og:url\" content=\"https:\/\/www.itakaescolapios.org\/pt\/2023\/01\/francais-celebration-de-la-noel-en-famille-avec-les-enfants-de-la-paroisse-du-bapteme-de-jesus-et-saint-ambroise-de-la-cite-verte-yaounde\/\" \/>\n<meta property=\"og:site_name\" content=\"Itaka-Escolapios\" \/>\n<meta property=\"article:published_time\" content=\"2023-01-04T13:09:51+00:00\" \/>\n<meta property=\"article:modified_time\" content=\"2023-11-28T11:35:38+00:00\" \/>\n<meta property=\"og:image\" content=\"https:\/\/www.itakaescolapios.org\/wp-content\/uploads\/2023\/01\/IMG-20221224-WA0061.jpg\" \/>\n\t<meta property=\"og:image:width\" content=\"1080\" \/>\n\t<meta property=\"og:image:height\" content=\"810\" \/>\n\t<meta property=\"og:image:type\" content=\"image\/jpeg\" \/>\n<meta name=\"author\" content=\"cameroun01\" \/>\n<meta name=\"twitter:card\" content=\"summary_large_image\" \/>\n<meta name=\"twitter:label1\" content=\"Escrito por\" \/>\n\t<meta name=\"twitter:data1\" content=\"cameroun01\" \/>\n\t<meta name=\"twitter:label2\" content=\"Est. tempo de leitura\" \/>\n\t<meta name=\"twitter:data2\" content=\"1 minuto\" \/>\n<script type=\"application\/ld+json\" class=\"yoast-schema-graph\">{\"@context\":\"https:\\\/\\\/schema.org\",\"@graph\":[{\"@type\":\"Article\",\"@id\":\"https:\\\/\\\/www.itakaescolapios.org\\\/pt\\\/2023\\\/01\\\/francais-celebration-de-la-noel-en-famille-avec-les-enfants-de-la-paroisse-du-bapteme-de-jesus-et-saint-ambroise-de-la-cite-verte-yaounde\\\/#article\",\"isPartOf\":{\"@id\":\"https:\\\/\\\/www.itakaescolapios.org\\\/pt\\\/2023\\\/01\\\/francais-celebration-de-la-noel-en-famille-avec-les-enfants-de-la-paroisse-du-bapteme-de-jesus-et-saint-ambroise-de-la-cite-verte-yaounde\\\/\"},\"author\":{\"name\":\"cameroun01\",\"@id\":\"https:\\\/\\\/www.itakaescolapios.org\\\/es\\\/#\\\/schema\\\/person\\\/d2844383e29bfdfef69039672ce14eb1\"},\"headline\":\"Sem t\u00edtulo\",\"datePublished\":\"2023-01-04T13:09:51+00:00\",\"dateModified\":\"2023-11-28T11:35:38+00:00\",\"mainEntityOfPage\":{\"@id\":\"https:\\\/\\\/www.itakaescolapios.org\\\/pt\\\/2023\\\/01\\\/francais-celebration-de-la-noel-en-famille-avec-les-enfants-de-la-paroisse-du-bapteme-de-jesus-et-saint-ambroise-de-la-cite-verte-yaounde\\\/\"},\"wordCount\":111,\"publisher\":{\"@id\":\"https:\\\/\\\/www.itakaescolapios.org\\\/es\\\/#organization\"},\"image\":{\"@id\":\"https:\\\/\\\/www.itakaescolapios.org\\\/pt\\\/2023\\\/01\\\/francais-celebration-de-la-noel-en-famille-avec-les-enfants-de-la-paroisse-du-bapteme-de-jesus-et-saint-ambroise-de-la-cite-verte-yaounde\\\/#primaryimage\"},\"thumbnailUrl\":\"https:\\\/\\\/www.itakaescolapios.org\\\/wp-content\\\/uploads\\\/2023\\\/01\\\/IMG-20221224-WA0061.jpg\",\"articleSection\":[\"\u00c1frica Central\",\"Camar\u00f5es\"],\"inLanguage\":\"pt-BR\"},{\"@type\":\"WebPage\",\"@id\":\"https:\\\/\\\/www.itakaescolapios.org\\\/pt\\\/2023\\\/01\\\/francais-celebration-de-la-noel-en-famille-avec-les-enfants-de-la-paroisse-du-bapteme-de-jesus-et-saint-ambroise-de-la-cite-verte-yaounde\\\/\",\"url\":\"https:\\\/\\\/www.itakaescolapios.org\\\/pt\\\/2023\\\/01\\\/francais-celebration-de-la-noel-en-famille-avec-les-enfants-de-la-paroisse-du-bapteme-de-jesus-et-saint-ambroise-de-la-cite-verte-yaounde\\\/\",\"name\":\"- Itaka-Escolapios\",\"isPartOf\":{\"@id\":\"https:\\\/\\\/www.itakaescolapios.org\\\/es\\\/#website\"},\"primaryImageOfPage\":{\"@id\":\"https:\\\/\\\/www.itakaescolapios.org\\\/pt\\\/2023\\\/01\\\/francais-celebration-de-la-noel-en-famille-avec-les-enfants-de-la-paroisse-du-bapteme-de-jesus-et-saint-ambroise-de-la-cite-verte-yaounde\\\/#primaryimage\"},\"image\":{\"@id\":\"https:\\\/\\\/www.itakaescolapios.org\\\/pt\\\/2023\\\/01\\\/francais-celebration-de-la-noel-en-famille-avec-les-enfants-de-la-paroisse-du-bapteme-de-jesus-et-saint-ambroise-de-la-cite-verte-yaounde\\\/#primaryimage\"},\"thumbnailUrl\":\"https:\\\/\\\/www.itakaescolapios.org\\\/wp-content\\\/uploads\\\/2023\\\/01\\\/IMG-20221224-WA0061.jpg\",\"datePublished\":\"2023-01-04T13:09:51+00:00\",\"dateModified\":\"2023-11-28T11:35:38+00:00\",\"inLanguage\":\"pt-BR\",\"potentialAction\":[{\"@type\":\"ReadAction\",\"target\":[\"https:\\\/\\\/www.itakaescolapios.org\\\/pt\\\/2023\\\/01\\\/francais-celebration-de-la-noel-en-famille-avec-les-enfants-de-la-paroisse-du-bapteme-de-jesus-et-saint-ambroise-de-la-cite-verte-yaounde\\\/\"]}]},{\"@type\":\"ImageObject\",\"inLanguage\":\"pt-BR\",\"@id\":\"https:\\\/\\\/www.itakaescolapios.org\\\/pt\\\/2023\\\/01\\\/francais-celebration-de-la-noel-en-famille-avec-les-enfants-de-la-paroisse-du-bapteme-de-jesus-et-saint-ambroise-de-la-cite-verte-yaounde\\\/#primaryimage\",\"url\":\"https:\\\/\\\/www.itakaescolapios.org\\\/wp-content\\\/uploads\\\/2023\\\/01\\\/IMG-20221224-WA0061.jpg\",\"contentUrl\":\"https:\\\/\\\/www.itakaescolapios.org\\\/wp-content\\\/uploads\\\/2023\\\/01\\\/IMG-20221224-WA0061.jpg\",\"width\":1080,\"height\":810},{\"@type\":\"WebSite\",\"@id\":\"https:\\\/\\\/www.itakaescolapios.org\\\/pt\\\/es\\\/#website\",\"url\":\"https:\\\/\\\/www.itakaescolapios.org\\\/pt\\\/es\\\/\",\"name\":\"Itaka-Escolapios\",\"description\":\"Red de Itaka-Escolapios\",\"publisher\":{\"@id\":\"https:\\\/\\\/www.itakaescolapios.org\\\/pt\\\/es\\\/#organization\"},\"potentialAction\":[{\"@type\":\"SearchAction\",\"target\":{\"@type\":\"EntryPoint\",\"urlTemplate\":\"https:\\\/\\\/www.itakaescolapios.org\\\/pt\\\/es\\\/?s={search_term_string}\"},\"query-input\":{\"@type\":\"PropertyValueSpecification\",\"valueRequired\":true,\"valueName\":\"search_term_string\"}}],\"inLanguage\":\"pt-BR\"},{\"@type\":\"Organization\",\"@id\":\"https:\\\/\\\/www.itakaescolapios.org\\\/pt\\\/es\\\/#organization\",\"name\":\"Fundaci\u00f3 Itaka-Escolapios\",\"url\":\"https:\\\/\\\/www.itakaescolapios.org\\\/pt\\\/es\\\/\",\"logo\":{\"@type\":\"ImageObject\",\"inLanguage\":\"pt-BR\",\"@id\":\"https:\\\/\\\/www.itakaescolapios.org\\\/pt\\\/es\\\/#\\\/schema\\\/logo\\\/image\\\/\",\"url\":\"https:\\\/\\\/www.itakaescolapios.org\\\/wp-content\\\/uploads\\\/2024\\\/04\\\/Logo-itakaescolapios-peque.png\",\"contentUrl\":\"https:\\\/\\\/www.itakaescolapios.org\\\/wp-content\\\/uploads\\\/2024\\\/04\\\/Logo-itakaescolapios-peque.png\",\"width\":500,\"height\":199,\"caption\":\"Fundaci\u00f3 Itaka-Escolapios\"},\"image\":{\"@id\":\"https:\\\/\\\/www.itakaescolapios.org\\\/pt\\\/es\\\/#\\\/schema\\\/logo\\\/image\\\/\"}},{\"@type\":\"Person\",\"@id\":\"https:\\\/\\\/www.itakaescolapios.org\\\/es\\\/#\\\/schema\\\/person\\\/d2844383e29bfdfef69039672ce14eb1\",\"name\":\"cameroun01\",\"url\":\"https:\\\/\\\/www.itakaescolapios.org\\\/pt\\\/author\\\/cameroun01\\\/\"}]}<\/script>\n<!-- \/ Yoast SEO plugin. -->","yoast_head_json":{"title":"- Itaka-Escolapios","description":"[:fr]Aujourd'hui samedi 24 d\u00e9cembre 2022 s'est tenue \u00e0 la Paroisse du Bapt\u00eame de J\u00e9sus et saint Ambroise de la cit\u00e9 verte\u00a0 Yaound\u00e9 ( Cameroun ) la c\u00e9l\u00e9bration de la no\u00ebl en famille avec les enfants . Au programme jeux, danse, pri\u00e8re, chants, arriv\u00e9e du p\u00e8re no\u00ebl, la distribution des cadeaux puis la photo de famille.&hellip;","robots":{"index":"index","follow":"follow","max-snippet":"max-snippet:-1","max-image-preview":"max-image-preview:large","max-video-preview":"max-video-preview:-1"},"canonical":"[:fr]Aujourd'hui samedi 24 d\u00e9cembre 2022 s'est tenue \u00e0 la Paroisse du Bapt\u00eame de J\u00e9sus et saint Ambroise de la cit\u00e9 verte\u00a0 Yaound\u00e9 ( Cameroun ) la c\u00e9l\u00e9bration de la no\u00ebl en famille avec les enfants . Au programme jeux, danse, pri\u00e8re, chants, arriv\u00e9e du p\u00e8re no\u00ebl, la distribution des cadeaux puis la photo de famille.&hellip;","og_locale":"pt_BR","og_type":"article","og_title":"- Itaka-Escolapios","og_description":"[:fr]Aujourd'hui samedi 24 d\u00e9cembre 2022 s'est tenue \u00e0 la Paroisse du Bapt\u00eame de J\u00e9sus et saint Ambroise de la cit\u00e9 verte\u00a0 Yaound\u00e9 ( Cameroun ) la c\u00e9l\u00e9bration de la no\u00ebl en famille avec les enfants . Au programme jeux, danse, pri\u00e8re, chants, arriv\u00e9e du p\u00e8re no\u00ebl, la distribution des cadeaux puis la photo de famille.&hellip;","og_url":"https:\/\/www.itakaescolapios.org\/pt\/2023\/01\/francais-celebration-de-la-noel-en-famille-avec-les-enfants-de-la-paroisse-du-bapteme-de-jesus-et-saint-ambroise-de-la-cite-verte-yaounde\/","og_site_name":"Itaka-Escolapios","article_published_time":"2023-01-04T13:09:51+00:00","article_modified_time":"2023-11-28T11:35:38+00:00","og_image":[{"width":1080,"height":810,"url":"https:\/\/www.itakaescolapios.org\/wp-content\/uploads\/2023\/01\/IMG-20221224-WA0061.jpg","type":"image\/jpeg"}],"author":"cameroun01","twitter_card":"summary_large_image","twitter_misc":{"Escrito por":"cameroun01","Est. tempo de leitura":"1 minuto"},"schema":{"@context":"https:\/\/schema.org","@graph":[{"@type":"Article","@id":"https:\/\/www.itakaescolapios.org\/pt\/2023\/01\/francais-celebration-de-la-noel-en-famille-avec-les-enfants-de-la-paroisse-du-bapteme-de-jesus-et-saint-ambroise-de-la-cite-verte-yaounde\/#article","isPartOf":{"@id":"https:\/\/www.itakaescolapios.org\/pt\/2023\/01\/francais-celebration-de-la-noel-en-famille-avec-les-enfants-de-la-paroisse-du-bapteme-de-jesus-et-saint-ambroise-de-la-cite-verte-yaounde\/"},"author":{"name":"cameroun01","@id":"https:\/\/www.itakaescolapios.org\/es\/#\/schema\/person\/d2844383e29bfdfef69039672ce14eb1"},"headline":"Sem t\u00edtulo","datePublished":"2023-01-04T13:09:51+00:00","dateModified":"2023-11-28T11:35:38+00:00","mainEntityOfPage":{"@id":"https:\/\/www.itakaescolapios.org\/pt\/2023\/01\/francais-celebration-de-la-noel-en-famille-avec-les-enfants-de-la-paroisse-du-bapteme-de-jesus-et-saint-ambroise-de-la-cite-verte-yaounde\/"},"wordCount":111,"publisher":{"@id":"https:\/\/www.itakaescolapios.org\/es\/#organization"},"image":{"@id":"https:\/\/www.itakaescolapios.org\/pt\/2023\/01\/francais-celebration-de-la-noel-en-famille-avec-les-enfants-de-la-paroisse-du-bapteme-de-jesus-et-saint-ambroise-de-la-cite-verte-yaounde\/#primaryimage"},"thumbnailUrl":"https:\/\/www.itakaescolapios.org\/wp-content\/uploads\/2023\/01\/IMG-20221224-WA0061.jpg","articleSection":["\u00c1frica Central","Camar\u00f5es"],"inLanguage":"pt-BR"},{"@type":"WebPage","@id":"https:\/\/www.itakaescolapios.org\/pt\/2023\/01\/francais-celebration-de-la-noel-en-famille-avec-les-enfants-de-la-paroisse-du-bapteme-de-jesus-et-saint-ambroise-de-la-cite-verte-yaounde\/","url":"https:\/\/www.itakaescolapios.org\/pt\/2023\/01\/francais-celebration-de-la-noel-en-famille-avec-les-enfants-de-la-paroisse-du-bapteme-de-jesus-et-saint-ambroise-de-la-cite-verte-yaounde\/","name":"- Itaka-Escolapios","isPartOf":{"@id":"https:\/\/www.itakaescolapios.org\/es\/#website"},"primaryImageOfPage":{"@id":"https:\/\/www.itakaescolapios.org\/pt\/2023\/01\/francais-celebration-de-la-noel-en-famille-avec-les-enfants-de-la-paroisse-du-bapteme-de-jesus-et-saint-ambroise-de-la-cite-verte-yaounde\/#primaryimage"},"image":{"@id":"https:\/\/www.itakaescolapios.org\/pt\/2023\/01\/francais-celebration-de-la-noel-en-famille-avec-les-enfants-de-la-paroisse-du-bapteme-de-jesus-et-saint-ambroise-de-la-cite-verte-yaounde\/#primaryimage"},"thumbnailUrl":"https:\/\/www.itakaescolapios.org\/wp-content\/uploads\/2023\/01\/IMG-20221224-WA0061.jpg","datePublished":"2023-01-04T13:09:51+00:00","dateModified":"2023-11-28T11:35:38+00:00","inLanguage":"pt-BR","potentialAction":[{"@type":"ReadAction","target":["https:\/\/www.itakaescolapios.org\/pt\/2023\/01\/francais-celebration-de-la-noel-en-famille-avec-les-enfants-de-la-paroisse-du-bapteme-de-jesus-et-saint-ambroise-de-la-cite-verte-yaounde\/"]}]},{"@type":"ImageObject","inLanguage":"pt-BR","@id":"https:\/\/www.itakaescolapios.org\/pt\/2023\/01\/francais-celebration-de-la-noel-en-famille-avec-les-enfants-de-la-paroisse-du-bapteme-de-jesus-et-saint-ambroise-de-la-cite-verte-yaounde\/#primaryimage","url":"https:\/\/www.itakaescolapios.org\/wp-content\/uploads\/2023\/01\/IMG-20221224-WA0061.jpg","contentUrl":"https:\/\/www.itakaescolapios.org\/wp-content\/uploads\/2023\/01\/IMG-20221224-WA0061.jpg","width":1080,"height":810},{"@type":"WebSite","@id":"https:\/\/www.itakaescolapios.org\/pt\/es\/#website","url":"https:\/\/www.itakaescolapios.org\/pt\/es\/","name":"Itaka-Escolapios","description":"Red de Itaka-Escolapios","publisher":{"@id":"https:\/\/www.itakaescolapios.org\/pt\/es\/#organization"},"potentialAction":[{"@type":"SearchAction","target":{"@type":"EntryPoint","urlTemplate":"https:\/\/www.itakaescolapios.org\/pt\/es\/?s={search_term_string}"},"query-input":{"@type":"PropertyValueSpecification","valueRequired":true,"valueName":"search_term_string"}}],"inLanguage":"pt-BR"},{"@type":"Organization","@id":"https:\/\/www.itakaescolapios.org\/pt\/es\/#organization","name":"Fundaci\u00f3 Itaka-Escolapios","url":"https:\/\/www.itakaescolapios.org\/pt\/es\/","logo":{"@type":"ImageObject","inLanguage":"pt-BR","@id":"https:\/\/www.itakaescolapios.org\/pt\/es\/#\/schema\/logo\/image\/","url":"https:\/\/www.itakaescolapios.org\/wp-content\/uploads\/2024\/04\/Logo-itakaescolapios-peque.png","contentUrl":"https:\/\/www.itakaescolapios.org\/wp-content\/uploads\/2024\/04\/Logo-itakaescolapios-peque.png","width":500,"height":199,"caption":"Fundaci\u00f3 Itaka-Escolapios"},"image":{"@id":"https:\/\/www.itakaescolapios.org\/pt\/es\/#\/schema\/logo\/image\/"}},{"@type":"Person","@id":"https:\/\/www.itakaescolapios.org\/es\/#\/schema\/person\/d2844383e29bfdfef69039672ce14eb1","name":"cameroun01","url":"https:\/\/www.itakaescolapios.org\/pt\/author\/cameroun01\/"}]}},"_links":{"self":[{"href":"https:\/\/www.itakaescolapios.org\/pt\/wp-json\/wp\/v2\/posts\/38276","targetHints":{"allow":["GET"]}}],"collection":[{"href":"https:\/\/www.itakaescolapios.org\/pt\/wp-json\/wp\/v2\/posts"}],"about":[{"href":"https:\/\/www.itakaescolapios.org\/pt\/wp-json\/wp\/v2\/types\/post"}],"author":[{"embeddable":true,"href":"https:\/\/www.itakaescolapios.org\/pt\/wp-json\/wp\/v2\/users\/15"}],"replies":[{"embeddable":true,"href":"https:\/\/www.itakaescolapios.org\/pt\/wp-json\/wp\/v2\/comments?post=38276"}],"version-history":[{"count":2,"href":"https:\/\/www.itakaescolapios.org\/pt\/wp-json\/wp\/v2\/posts\/38276\/revisions"}],"predecessor-version":[{"id":43732,"href":"https:\/\/www.itakaescolapios.org\/pt\/wp-json\/wp\/v2\/posts\/38276\/revisions\/43732"}],"wp:featuredmedia":[{"embeddable":true,"href":"https:\/\/www.itakaescolapios.org\/pt\/wp-json\/wp\/v2\/media\/38277"}],"wp:attachment":[{"href":"https:\/\/www.itakaescolapios.org\/pt\/wp-json\/wp\/v2\/media?parent=38276"}],"wp:term":[{"taxonomy":"category","embeddable":true,"href":"https:\/\/www.itakaescolapios.org\/pt\/wp-json\/wp\/v2\/categories?post=38276"},{"taxonomy":"post_tag","embeddable":true,"href":"https:\/\/www.itakaescolapios.org\/pt\/wp-json\/wp\/v2\/tags?post=38276"}],"curies":[{"name":"wp","href":"https:\/\/api.w.org\/{rel}","templated":true}]}}