{"id":3973,"date":"2012-10-26T19:52:09","date_gmt":"2012-10-26T18:52:09","guid":{"rendered":"https:\/\/www.itakaescolapios.org\/?p=3973"},"modified":"2023-11-28T12:39:35","modified_gmt":"2023-11-28T11:39:35","slug":"30-anos-centro-juvenil-calasanz","status":"publish","type":"post","link":"https:\/\/www.itakaescolapios.org\/pt\/2012\/10\/30-anos-centro-juvenil-calasanz\/","title":{"rendered":"30 a\u00f1os Centro Juvenil Calasanz"},"content":{"rendered":"<p>Mucha vida en los locales&#8230; durante estos 30 a\u00f1os que queremos celebrar&#8230; y en este curso 2012 &#8211; 2013, en Granada, en los locales y en los diversos proyectos que llevamos adelante.<br \/>\nEl catecumenado que tom\u00f3 el nombre de Centro Juvenil Calasanz en 1982 este a\u00f1o cumple ya 30 cursos&#8230; y tambi\u00e9n en este contigo seguimos para seguir llevando adelante tanta vida que se ha originado durante este tiempo.<br \/>\nEn la web pod\u00e9is ver los diversos proyectos que llevamos adelante y os iremos invitando a las actividades que vamos a ir organizando.<\/p>\n","protected":false},"excerpt":{"rendered":"<p>Mucha vida en los locales&#8230; durante estos 30 a\u00f1os que queremos celebrar&#8230; y en este curso 2012 &#8211; 2013, en Granada, en los locales y en los diversos proyectos que [&hellip;]<\/p>\n","protected":false},"author":25,"featured_media":3981,"comment_status":"closed","ping_status":"closed","sticky":false,"template":"","format":"standard","meta":{"_et_pb_use_builder":"","_et_pb_old_content":"","_et_gb_content_width":"","footnotes":""},"categories":[11],"tags":[31,410,32],"class_list":["post-3973","post","type-post","status-publish","format-standard","has-post-thumbnail","hentry","category-granada","tag-30-anos-cjc","tag-granada","tag-locales"],"yoast_head":"<!-- This site is optimized with the Yoast SEO plugin v27.4 - https:\/\/yoast.com\/product\/yoast-seo-wordpress\/ -->\n<title>30 a\u00f1os Centro Juvenil Calasanz<\/title>\n<meta name=\"description\" content=\"Mucha vida en los locales... durante estos 30 a\u00f1os que queremos celebrar... y en este curso 2012 - 2013, en Granada, en los locales y en los diversos proyectos que llevamos adelante. El catecumenado que tom\u00f3 el nombre de Centro Juvenil Calasanz en 1982 este a\u00f1o cumple ya 30 cursos... y tambi\u00e9n en este contigo&hellip;\" \/>\n<meta name=\"robots\" content=\"index, follow, max-snippet:-1, max-image-preview:large, max-video-preview:-1\" \/>\n<link rel=\"canonical\" href=\"http:\/\/Mucha%20vida%20en%20los%20locales...%20durante%20estos%2030%20a\u00f1os%20que%20queremos%20celebrar...%20y%20en%20este%20curso%202012%20-%202013,%20en%20Granada,%20en%20los%20locales%20y%20en%20los%20diversos%20proyectos%20que%20llevamos%20adelante.%20El%20catecumenado%20que%20tom\u00f3%20el%20nombre%20de%20Centro%20Juvenil%20Calasanz%20en%201982%20este%20a\u00f1o%20cumple%20ya%2030%20cursos...%20y%20tambi\u00e9n%20en%20este%20contigo&hellip;\" \/>\n<meta property=\"og:locale\" content=\"pt_BR\" \/>\n<meta property=\"og:type\" content=\"article\" \/>\n<meta property=\"og:title\" content=\"30 a\u00f1os Centro Juvenil Calasanz\" \/>\n<meta property=\"og:description\" content=\"Mucha vida en los locales... durante estos 30 a\u00f1os que queremos celebrar... y en este curso 2012 - 2013, en Granada, en los locales y en los diversos proyectos que llevamos adelante. El catecumenado que tom\u00f3 el nombre de Centro Juvenil Calasanz en 1982 este a\u00f1o cumple ya 30 cursos... y tambi\u00e9n en este contigo&hellip;\" \/>\n<meta property=\"og:url\" content=\"https:\/\/www.itakaescolapios.org\/pt\/2012\/10\/30-anos-centro-juvenil-calasanz\/\" \/>\n<meta property=\"og:site_name\" content=\"Itaka-Escolapios\" \/>\n<meta property=\"article:published_time\" content=\"2012-10-26T18:52:09+00:00\" \/>\n<meta property=\"article:modified_time\" content=\"2023-11-28T11:39:35+00:00\" \/>\n<meta property=\"og:image\" content=\"https:\/\/www.itakaescolapios.org\/wp-content\/uploads\/2012\/10\/Lema20121-300x3001.jpg\" \/>\n\t<meta property=\"og:image:width\" content=\"300\" \/>\n\t<meta property=\"og:image:height\" content=\"300\" \/>\n\t<meta property=\"og:image:type\" content=\"image\/jpeg\" \/>\n<meta name=\"author\" content=\"granada01\" \/>\n<meta name=\"twitter:card\" content=\"summary_large_image\" \/>\n<meta name=\"twitter:label1\" content=\"Escrito por\" \/>\n\t<meta name=\"twitter:data1\" content=\"granada01\" \/>\n<script type=\"application\/ld+json\" class=\"yoast-schema-graph\">{\"@context\":\"https:\\\/\\\/schema.org\",\"@graph\":[{\"@type\":\"Article\",\"@id\":\"https:\\\/\\\/www.itakaescolapios.org\\\/pt\\\/2012\\\/10\\\/30-anos-centro-juvenil-calasanz\\\/#article\",\"isPartOf\":{\"@id\":\"https:\\\/\\\/www.itakaescolapios.org\\\/pt\\\/2012\\\/10\\\/30-anos-centro-juvenil-calasanz\\\/\"},\"author\":{\"name\":\"granada01\",\"@id\":\"https:\\\/\\\/www.itakaescolapios.org\\\/es\\\/#\\\/schema\\\/person\\\/1a1a06b7cd775a7ac4567252df659ec9\"},\"headline\":\"30 a\u00f1os Centro Juvenil Calasanz\",\"datePublished\":\"2012-10-26T18:52:09+00:00\",\"dateModified\":\"2023-11-28T11:39:35+00:00\",\"mainEntityOfPage\":{\"@id\":\"https:\\\/\\\/www.itakaescolapios.org\\\/pt\\\/2012\\\/10\\\/30-anos-centro-juvenil-calasanz\\\/\"},\"wordCount\":96,\"publisher\":{\"@id\":\"https:\\\/\\\/www.itakaescolapios.org\\\/es\\\/#organization\"},\"image\":{\"@id\":\"https:\\\/\\\/www.itakaescolapios.org\\\/pt\\\/2012\\\/10\\\/30-anos-centro-juvenil-calasanz\\\/#primaryimage\"},\"thumbnailUrl\":\"https:\\\/\\\/www.itakaescolapios.org\\\/wp-content\\\/uploads\\\/2012\\\/10\\\/Lema20121-300x3001.jpg\",\"keywords\":[\"30 a\u00f1os CJC\",\"Granada\",\"locales\"],\"articleSection\":[\"Granada\"],\"inLanguage\":\"pt-BR\"},{\"@type\":\"WebPage\",\"@id\":\"https:\\\/\\\/www.itakaescolapios.org\\\/pt\\\/2012\\\/10\\\/30-anos-centro-juvenil-calasanz\\\/\",\"url\":\"https:\\\/\\\/www.itakaescolapios.org\\\/pt\\\/2012\\\/10\\\/30-anos-centro-juvenil-calasanz\\\/\",\"name\":\"30 a\u00f1os Centro Juvenil Calasanz - Itaka-Escolapios\",\"isPartOf\":{\"@id\":\"https:\\\/\\\/www.itakaescolapios.org\\\/es\\\/#website\"},\"primaryImageOfPage\":{\"@id\":\"https:\\\/\\\/www.itakaescolapios.org\\\/pt\\\/2012\\\/10\\\/30-anos-centro-juvenil-calasanz\\\/#primaryimage\"},\"image\":{\"@id\":\"https:\\\/\\\/www.itakaescolapios.org\\\/pt\\\/2012\\\/10\\\/30-anos-centro-juvenil-calasanz\\\/#primaryimage\"},\"thumbnailUrl\":\"https:\\\/\\\/www.itakaescolapios.org\\\/wp-content\\\/uploads\\\/2012\\\/10\\\/Lema20121-300x3001.jpg\",\"datePublished\":\"2012-10-26T18:52:09+00:00\",\"dateModified\":\"2023-11-28T11:39:35+00:00\",\"breadcrumb\":{\"@id\":\"https:\\\/\\\/www.itakaescolapios.org\\\/pt\\\/2012\\\/10\\\/30-anos-centro-juvenil-calasanz\\\/#breadcrumb\"},\"inLanguage\":\"pt-BR\",\"potentialAction\":[{\"@type\":\"ReadAction\",\"target\":[\"https:\\\/\\\/www.itakaescolapios.org\\\/pt\\\/2012\\\/10\\\/30-anos-centro-juvenil-calasanz\\\/\"]}]},{\"@type\":\"ImageObject\",\"inLanguage\":\"pt-BR\",\"@id\":\"https:\\\/\\\/www.itakaescolapios.org\\\/pt\\\/2012\\\/10\\\/30-anos-centro-juvenil-calasanz\\\/#primaryimage\",\"url\":\"https:\\\/\\\/www.itakaescolapios.org\\\/wp-content\\\/uploads\\\/2012\\\/10\\\/Lema20121-300x3001.jpg\",\"contentUrl\":\"https:\\\/\\\/www.itakaescolapios.org\\\/wp-content\\\/uploads\\\/2012\\\/10\\\/Lema20121-300x3001.jpg\",\"width\":\"300\",\"height\":\"300\"},{\"@type\":\"BreadcrumbList\",\"@id\":\"https:\\\/\\\/www.itakaescolapios.org\\\/pt\\\/2012\\\/10\\\/30-anos-centro-juvenil-calasanz\\\/#breadcrumb\",\"itemListElement\":[{\"@type\":\"ListItem\",\"position\":1,\"name\":\"Itaka-Escolapios\",\"item\":\"https:\\\/\\\/www.itakaescolapios.org\\\/es\\\/\"},{\"@type\":\"ListItem\",\"position\":2,\"name\":\"30 a\u00f1os Centro Juvenil Calasanz\"}]},{\"@type\":\"WebSite\",\"@id\":\"https:\\\/\\\/www.itakaescolapios.org\\\/pt\\\/es\\\/#website\",\"url\":\"https:\\\/\\\/www.itakaescolapios.org\\\/pt\\\/es\\\/\",\"name\":\"Itaka-Escolapios\",\"description\":\"Red de Itaka-Escolapios\",\"publisher\":{\"@id\":\"https:\\\/\\\/www.itakaescolapios.org\\\/pt\\\/es\\\/#organization\"},\"potentialAction\":[{\"@type\":\"SearchAction\",\"target\":{\"@type\":\"EntryPoint\",\"urlTemplate\":\"https:\\\/\\\/www.itakaescolapios.org\\\/pt\\\/es\\\/?s={search_term_string}\"},\"query-input\":{\"@type\":\"PropertyValueSpecification\",\"valueRequired\":true,\"valueName\":\"search_term_string\"}}],\"inLanguage\":\"pt-BR\"},{\"@type\":\"Organization\",\"@id\":\"https:\\\/\\\/www.itakaescolapios.org\\\/pt\\\/es\\\/#organization\",\"name\":\"Fundaci\u00f3 Itaka-Escolapios\",\"url\":\"https:\\\/\\\/www.itakaescolapios.org\\\/pt\\\/es\\\/\",\"logo\":{\"@type\":\"ImageObject\",\"inLanguage\":\"pt-BR\",\"@id\":\"https:\\\/\\\/www.itakaescolapios.org\\\/pt\\\/es\\\/#\\\/schema\\\/logo\\\/image\\\/\",\"url\":\"https:\\\/\\\/www.itakaescolapios.org\\\/wp-content\\\/uploads\\\/2024\\\/04\\\/Logo-itakaescolapios-peque.png\",\"contentUrl\":\"https:\\\/\\\/www.itakaescolapios.org\\\/wp-content\\\/uploads\\\/2024\\\/04\\\/Logo-itakaescolapios-peque.png\",\"width\":500,\"height\":199,\"caption\":\"Fundaci\u00f3 Itaka-Escolapios\"},\"image\":{\"@id\":\"https:\\\/\\\/www.itakaescolapios.org\\\/pt\\\/es\\\/#\\\/schema\\\/logo\\\/image\\\/\"}},{\"@type\":\"Person\",\"@id\":\"https:\\\/\\\/www.itakaescolapios.org\\\/es\\\/#\\\/schema\\\/person\\\/1a1a06b7cd775a7ac4567252df659ec9\",\"name\":\"granada01\",\"url\":\"https:\\\/\\\/www.itakaescolapios.org\\\/pt\\\/author\\\/granada01\\\/\"}]}<\/script>\n<!-- \/ Yoast SEO plugin. -->","yoast_head_json":{"title":"30 a\u00f1os Centro Juvenil Calasanz","description":"Mucha vida en los locales... durante estos 30 a\u00f1os que queremos celebrar... y en este curso 2012 - 2013, en Granada, en los locales y en los diversos proyectos que llevamos adelante. El catecumenado que tom\u00f3 el nombre de Centro Juvenil Calasanz en 1982 este a\u00f1o cumple ya 30 cursos... y tambi\u00e9n en este contigo&hellip;","robots":{"index":"index","follow":"follow","max-snippet":"max-snippet:-1","max-image-preview":"max-image-preview:large","max-video-preview":"max-video-preview:-1"},"canonical":"Mucha vida en los locales... durante estos 30 a\u00f1os que queremos celebrar... y en este curso 2012 - 2013, en Granada, en los locales y en los diversos proyectos que llevamos adelante. El catecumenado que tom\u00f3 el nombre de Centro Juvenil Calasanz en 1982 este a\u00f1o cumple ya 30 cursos... y tambi\u00e9n en este contigo&hellip;","og_locale":"pt_BR","og_type":"article","og_title":"30 a\u00f1os Centro Juvenil Calasanz","og_description":"Mucha vida en los locales... durante estos 30 a\u00f1os que queremos celebrar... y en este curso 2012 - 2013, en Granada, en los locales y en los diversos proyectos que llevamos adelante. El catecumenado que tom\u00f3 el nombre de Centro Juvenil Calasanz en 1982 este a\u00f1o cumple ya 30 cursos... y tambi\u00e9n en este contigo&hellip;","og_url":"https:\/\/www.itakaescolapios.org\/pt\/2012\/10\/30-anos-centro-juvenil-calasanz\/","og_site_name":"Itaka-Escolapios","article_published_time":"2012-10-26T18:52:09+00:00","article_modified_time":"2023-11-28T11:39:35+00:00","og_image":[{"width":300,"height":300,"url":"https:\/\/www.itakaescolapios.org\/wp-content\/uploads\/2012\/10\/Lema20121-300x3001.jpg","type":"image\/jpeg"}],"author":"granada01","twitter_card":"summary_large_image","twitter_misc":{"Escrito por":"granada01"},"schema":{"@context":"https:\/\/schema.org","@graph":[{"@type":"Article","@id":"https:\/\/www.itakaescolapios.org\/pt\/2012\/10\/30-anos-centro-juvenil-calasanz\/#article","isPartOf":{"@id":"https:\/\/www.itakaescolapios.org\/pt\/2012\/10\/30-anos-centro-juvenil-calasanz\/"},"author":{"name":"granada01","@id":"https:\/\/www.itakaescolapios.org\/es\/#\/schema\/person\/1a1a06b7cd775a7ac4567252df659ec9"},"headline":"30 a\u00f1os Centro Juvenil Calasanz","datePublished":"2012-10-26T18:52:09+00:00","dateModified":"2023-11-28T11:39:35+00:00","mainEntityOfPage":{"@id":"https:\/\/www.itakaescolapios.org\/pt\/2012\/10\/30-anos-centro-juvenil-calasanz\/"},"wordCount":96,"publisher":{"@id":"https:\/\/www.itakaescolapios.org\/es\/#organization"},"image":{"@id":"https:\/\/www.itakaescolapios.org\/pt\/2012\/10\/30-anos-centro-juvenil-calasanz\/#primaryimage"},"thumbnailUrl":"https:\/\/www.itakaescolapios.org\/wp-content\/uploads\/2012\/10\/Lema20121-300x3001.jpg","keywords":["30 a\u00f1os CJC","Granada","locales"],"articleSection":["Granada"],"inLanguage":"pt-BR"},{"@type":"WebPage","@id":"https:\/\/www.itakaescolapios.org\/pt\/2012\/10\/30-anos-centro-juvenil-calasanz\/","url":"https:\/\/www.itakaescolapios.org\/pt\/2012\/10\/30-anos-centro-juvenil-calasanz\/","name":"30 a\u00f1os Centro Juvenil Calasanz - Itaka-Escolapios","isPartOf":{"@id":"https:\/\/www.itakaescolapios.org\/es\/#website"},"primaryImageOfPage":{"@id":"https:\/\/www.itakaescolapios.org\/pt\/2012\/10\/30-anos-centro-juvenil-calasanz\/#primaryimage"},"image":{"@id":"https:\/\/www.itakaescolapios.org\/pt\/2012\/10\/30-anos-centro-juvenil-calasanz\/#primaryimage"},"thumbnailUrl":"https:\/\/www.itakaescolapios.org\/wp-content\/uploads\/2012\/10\/Lema20121-300x3001.jpg","datePublished":"2012-10-26T18:52:09+00:00","dateModified":"2023-11-28T11:39:35+00:00","breadcrumb":{"@id":"https:\/\/www.itakaescolapios.org\/pt\/2012\/10\/30-anos-centro-juvenil-calasanz\/#breadcrumb"},"inLanguage":"pt-BR","potentialAction":[{"@type":"ReadAction","target":["https:\/\/www.itakaescolapios.org\/pt\/2012\/10\/30-anos-centro-juvenil-calasanz\/"]}]},{"@type":"ImageObject","inLanguage":"pt-BR","@id":"https:\/\/www.itakaescolapios.org\/pt\/2012\/10\/30-anos-centro-juvenil-calasanz\/#primaryimage","url":"https:\/\/www.itakaescolapios.org\/wp-content\/uploads\/2012\/10\/Lema20121-300x3001.jpg","contentUrl":"https:\/\/www.itakaescolapios.org\/wp-content\/uploads\/2012\/10\/Lema20121-300x3001.jpg","width":"300","height":"300"},{"@type":"BreadcrumbList","@id":"https:\/\/www.itakaescolapios.org\/pt\/2012\/10\/30-anos-centro-juvenil-calasanz\/#breadcrumb","itemListElement":[{"@type":"ListItem","position":1,"name":"Itaka-Escolapios","item":"https:\/\/www.itakaescolapios.org\/es\/"},{"@type":"ListItem","position":2,"name":"30 a\u00f1os Centro Juvenil Calasanz"}]},{"@type":"WebSite","@id":"https:\/\/www.itakaescolapios.org\/pt\/es\/#website","url":"https:\/\/www.itakaescolapios.org\/pt\/es\/","name":"Itaka-Escolapios","description":"Red de Itaka-Escolapios","publisher":{"@id":"https:\/\/www.itakaescolapios.org\/pt\/es\/#organization"},"potentialAction":[{"@type":"SearchAction","target":{"@type":"EntryPoint","urlTemplate":"https:\/\/www.itakaescolapios.org\/pt\/es\/?s={search_term_string}"},"query-input":{"@type":"PropertyValueSpecification","valueRequired":true,"valueName":"search_term_string"}}],"inLanguage":"pt-BR"},{"@type":"Organization","@id":"https:\/\/www.itakaescolapios.org\/pt\/es\/#organization","name":"Fundaci\u00f3 Itaka-Escolapios","url":"https:\/\/www.itakaescolapios.org\/pt\/es\/","logo":{"@type":"ImageObject","inLanguage":"pt-BR","@id":"https:\/\/www.itakaescolapios.org\/pt\/es\/#\/schema\/logo\/image\/","url":"https:\/\/www.itakaescolapios.org\/wp-content\/uploads\/2024\/04\/Logo-itakaescolapios-peque.png","contentUrl":"https:\/\/www.itakaescolapios.org\/wp-content\/uploads\/2024\/04\/Logo-itakaescolapios-peque.png","width":500,"height":199,"caption":"Fundaci\u00f3 Itaka-Escolapios"},"image":{"@id":"https:\/\/www.itakaescolapios.org\/pt\/es\/#\/schema\/logo\/image\/"}},{"@type":"Person","@id":"https:\/\/www.itakaescolapios.org\/es\/#\/schema\/person\/1a1a06b7cd775a7ac4567252df659ec9","name":"granada01","url":"https:\/\/www.itakaescolapios.org\/pt\/author\/granada01\/"}]}},"_links":{"self":[{"href":"https:\/\/www.itakaescolapios.org\/pt\/wp-json\/wp\/v2\/posts\/3973","targetHints":{"allow":["GET"]}}],"collection":[{"href":"https:\/\/www.itakaescolapios.org\/pt\/wp-json\/wp\/v2\/posts"}],"about":[{"href":"https:\/\/www.itakaescolapios.org\/pt\/wp-json\/wp\/v2\/types\/post"}],"author":[{"embeddable":true,"href":"https:\/\/www.itakaescolapios.org\/pt\/wp-json\/wp\/v2\/users\/25"}],"replies":[{"embeddable":true,"href":"https:\/\/www.itakaescolapios.org\/pt\/wp-json\/wp\/v2\/comments?post=3973"}],"version-history":[{"count":7,"href":"https:\/\/www.itakaescolapios.org\/pt\/wp-json\/wp\/v2\/posts\/3973\/revisions"}],"predecessor-version":[{"id":49942,"href":"https:\/\/www.itakaescolapios.org\/pt\/wp-json\/wp\/v2\/posts\/3973\/revisions\/49942"}],"wp:featuredmedia":[{"embeddable":true,"href":"https:\/\/www.itakaescolapios.org\/pt\/wp-json\/wp\/v2\/media\/3981"}],"wp:attachment":[{"href":"https:\/\/www.itakaescolapios.org\/pt\/wp-json\/wp\/v2\/media?parent=3973"}],"wp:term":[{"taxonomy":"category","embeddable":true,"href":"https:\/\/www.itakaescolapios.org\/pt\/wp-json\/wp\/v2\/categories?post=3973"},{"taxonomy":"post_tag","embeddable":true,"href":"https:\/\/www.itakaescolapios.org\/pt\/wp-json\/wp\/v2\/tags?post=3973"}],"curies":[{"name":"wp","href":"https:\/\/api.w.org\/{rel}","templated":true}]}}