{"id":41446,"date":"2023-03-21T13:22:20","date_gmt":"2023-03-21T12:22:20","guid":{"rendered":"https:\/\/www.itakaescolapios.org\/?p=41446"},"modified":"2023-11-28T12:35:34","modified_gmt":"2023-11-28T11:35:34","slug":"english-coordination-meeting-of-cameroon-piarist-volunteers-in-bandjoun-2023","status":"publish","type":"post","link":"https:\/\/www.itakaescolapios.org\/pt\/2023\/03\/english-coordination-meeting-of-cameroon-piarist-volunteers-in-bandjoun-2023\/","title":{"rendered":"Reuni\u00f3n de coordinaci\u00f3n de los Voluntarios Escolapios de Camer\u00fan en Bandjoun 2023"},"content":{"rendered":"<p>El pasado s\u00e1bado 18 de marzo de 2023 se celebr\u00f3 en Bandjoun (oeste de Camer\u00fan) la reuni\u00f3n de coordinaci\u00f3n de los voluntarios escolapios de la Provincia Escolapia de \u00c1frica Central. Durante esta reuni\u00f3n, se trat\u00f3 de presentar los informes de actividad de los voluntarios de las diferentes presencias, as\u00ed como los del movimiento Calasanz tambi\u00e9n por presencias. Tambi\u00e9n se trat\u00f3 de hacer propuestas de cara al pr\u00f3ximo Cap\u00edtulo Provincial, y de aprender mejor de cara a la misi\u00f3n compartida. En esta asamblea estuvieron representados: voluntarios de Yaund\u00e9, Bafia, Bandjoun, Bamenda, y los de Gab\u00f3n enviaron su informe de actividades. Al final de la reuni\u00f3n se program\u00f3 una formaci\u00f3n general de los voluntarios, para despu\u00e9s de los campamentos de verano (entre finales de julio y principios de agosto). Fue una gran sesi\u00f3n de trabajo en colaboraci\u00f3n porque la mayor\u00eda de los presentes respondieron a la llamada.<\/p>\n<p><img decoding=\"async\" class=\"size-full wp-image-41447 aligncenter\" src=\"https:\/\/www.itakaescolapios.org\/wp-content\/uploads\/2023\/03\/WhatsApp-Image-2023-03-18-at-21.16.58.jpeg\" alt=\"\" width=\"1152\" height=\"864\" srcset=\"https:\/\/www.itakaescolapios.org\/wp-content\/uploads\/2023\/03\/WhatsApp-Image-2023-03-18-at-21.16.58.jpeg 1152w, https:\/\/www.itakaescolapios.org\/wp-content\/uploads\/2023\/03\/WhatsApp-Image-2023-03-18-at-21.16.58-300x225.jpeg 300w, https:\/\/www.itakaescolapios.org\/wp-content\/uploads\/2023\/03\/WhatsApp-Image-2023-03-18-at-21.16.58-1024x768.jpeg 1024w, https:\/\/www.itakaescolapios.org\/wp-content\/uploads\/2023\/03\/WhatsApp-Image-2023-03-18-at-21.16.58-768x576.jpeg 768w, https:\/\/www.itakaescolapios.org\/wp-content\/uploads\/2023\/03\/WhatsApp-Image-2023-03-18-at-21.16.58-250x188.jpeg 250w, https:\/\/www.itakaescolapios.org\/wp-content\/uploads\/2023\/03\/WhatsApp-Image-2023-03-18-at-21.16.58-510x382.jpeg 510w, https:\/\/www.itakaescolapios.org\/wp-content\/uploads\/2023\/03\/WhatsApp-Image-2023-03-18-at-21.16.58-1080x810.jpeg 1080w\" sizes=\"(max-width: 1152px) 100vw, 1152px\" \/><\/p>\n<p><img decoding=\"async\" class=\"size-full wp-image-41448 aligncenter\" src=\"https:\/\/www.itakaescolapios.org\/wp-content\/uploads\/2023\/03\/WhatsApp-Image-2023-03-18-at-21.16.11.jpeg\" alt=\"\" width=\"1080\" height=\"809\" srcset=\"https:\/\/www.itakaescolapios.org\/wp-content\/uploads\/2023\/03\/WhatsApp-Image-2023-03-18-at-21.16.11.jpeg 1080w, https:\/\/www.itakaescolapios.org\/wp-content\/uploads\/2023\/03\/WhatsApp-Image-2023-03-18-at-21.16.11-300x225.jpeg 300w, https:\/\/www.itakaescolapios.org\/wp-content\/uploads\/2023\/03\/WhatsApp-Image-2023-03-18-at-21.16.11-1024x767.jpeg 1024w, https:\/\/www.itakaescolapios.org\/wp-content\/uploads\/2023\/03\/WhatsApp-Image-2023-03-18-at-21.16.11-768x575.jpeg 768w, https:\/\/www.itakaescolapios.org\/wp-content\/uploads\/2023\/03\/WhatsApp-Image-2023-03-18-at-21.16.11-250x187.jpeg 250w, https:\/\/www.itakaescolapios.org\/wp-content\/uploads\/2023\/03\/WhatsApp-Image-2023-03-18-at-21.16.11-510x382.jpeg 510w\" sizes=\"(max-width: 1080px) 100vw, 1080px\" \/><\/p>\n<p><img decoding=\"async\" class=\"size-full wp-image-41450 aligncenter\" src=\"https:\/\/www.itakaescolapios.org\/wp-content\/uploads\/2023\/03\/WhatsApp-Image-2023-03-18-at-21.17.00.jpeg\" alt=\"\" width=\"1080\" height=\"809\" srcset=\"https:\/\/www.itakaescolapios.org\/wp-content\/uploads\/2023\/03\/WhatsApp-Image-2023-03-18-at-21.17.00.jpeg 1080w, https:\/\/www.itakaescolapios.org\/wp-content\/uploads\/2023\/03\/WhatsApp-Image-2023-03-18-at-21.17.00-300x225.jpeg 300w, https:\/\/www.itakaescolapios.org\/wp-content\/uploads\/2023\/03\/WhatsApp-Image-2023-03-18-at-21.17.00-1024x767.jpeg 1024w, https:\/\/www.itakaescolapios.org\/wp-content\/uploads\/2023\/03\/WhatsApp-Image-2023-03-18-at-21.17.00-768x575.jpeg 768w, https:\/\/www.itakaescolapios.org\/wp-content\/uploads\/2023\/03\/WhatsApp-Image-2023-03-18-at-21.17.00-250x187.jpeg 250w, https:\/\/www.itakaescolapios.org\/wp-content\/uploads\/2023\/03\/WhatsApp-Image-2023-03-18-at-21.17.00-510x382.jpeg 510w\" sizes=\"(max-width: 1080px) 100vw, 1080px\" \/><\/p>\n<p><img decoding=\"async\" class=\"size-full wp-image-41451 aligncenter\" src=\"https:\/\/www.itakaescolapios.org\/wp-content\/uploads\/2023\/03\/WhatsApp-Image-2023-03-18-at-21.32.29.jpeg\" alt=\"\" width=\"1080\" height=\"809\" srcset=\"https:\/\/www.itakaescolapios.org\/wp-content\/uploads\/2023\/03\/WhatsApp-Image-2023-03-18-at-21.32.29.jpeg 1080w, https:\/\/www.itakaescolapios.org\/wp-content\/uploads\/2023\/03\/WhatsApp-Image-2023-03-18-at-21.32.29-300x225.jpeg 300w, https:\/\/www.itakaescolapios.org\/wp-content\/uploads\/2023\/03\/WhatsApp-Image-2023-03-18-at-21.32.29-1024x767.jpeg 1024w, https:\/\/www.itakaescolapios.org\/wp-content\/uploads\/2023\/03\/WhatsApp-Image-2023-03-18-at-21.32.29-768x575.jpeg 768w, https:\/\/www.itakaescolapios.org\/wp-content\/uploads\/2023\/03\/WhatsApp-Image-2023-03-18-at-21.32.29-250x187.jpeg 250w, https:\/\/www.itakaescolapios.org\/wp-content\/uploads\/2023\/03\/WhatsApp-Image-2023-03-18-at-21.32.29-510x382.jpeg 510w\" sizes=\"(max-width: 1080px) 100vw, 1080px\" \/><!--more--><\/p>\n","protected":false},"excerpt":{"rendered":"<p>El pasado s\u00e1bado 18 de marzo de 2023 se celebr\u00f3 en Bandjoun (oeste de Camer\u00fan) la reuni\u00f3n de coordinaci\u00f3n de los voluntarios escolapios de la Provincia Escolapia de \u00c1frica Central. [&hellip;]<\/p>\n","protected":false},"author":15,"featured_media":41449,"comment_status":"closed","ping_status":"closed","sticky":false,"template":"","format":"standard","meta":{"_et_pb_use_builder":"","_et_pb_old_content":"","_et_gb_content_width":"","footnotes":""},"categories":[53,10],"tags":[],"class_list":["post-41446","post","type-post","status-publish","format-standard","has-post-thumbnail","hentry","category-africa-central","category-camerun"],"yoast_head":"<!-- This site is optimized with the Yoast SEO plugin v27.4 - https:\/\/yoast.com\/product\/yoast-seo-wordpress\/ -->\n<title>Reuni\u00f3n de coordinaci\u00f3n de los Voluntarios Escolapios de Camer\u00fan en Bandjoun 2023<\/title>\n<meta name=\"description\" content=\"El pasado s\u00e1bado 18 de marzo de 2023 se celebr\u00f3 en Bandjoun (oeste de Camer\u00fan) la reuni\u00f3n de coordinaci\u00f3n de los voluntarios escolapios de la Provincia Escolapia de \u00c1frica Central. Durante esta reuni\u00f3n, se trat\u00f3 de presentar los informes de actividad de los voluntarios de las diferentes presencias, as\u00ed como los del movimiento Calasanz tambi\u00e9n&hellip;\" \/>\n<meta name=\"robots\" content=\"index, follow, max-snippet:-1, max-image-preview:large, max-video-preview:-1\" \/>\n<link rel=\"canonical\" href=\"http:\/\/El%20pasado%20s\u00e1bado%2018%20de%20marzo%20de%202023%20se%20celebr\u00f3%20en%20Bandjoun%20(oeste%20de%20Camer\u00fan)%20la%20reuni\u00f3n%20de%20coordinaci\u00f3n%20de%20los%20voluntarios%20escolapios%20de%20la%20Provincia%20Escolapia%20de%20\u00c1frica%20Central.%20Durante%20esta%20reuni\u00f3n,%20se%20trat\u00f3%20de%20presentar%20los%20informes%20de%20actividad%20de%20los%20voluntarios%20de%20las%20diferentes%20presencias,%20as\u00ed%20como%20los%20del%20movimiento%20Calasanz%20tambi\u00e9n&hellip;\" \/>\n<meta property=\"og:locale\" content=\"pt_BR\" \/>\n<meta property=\"og:type\" content=\"article\" \/>\n<meta property=\"og:title\" content=\"Reuni\u00f3n de coordinaci\u00f3n de los Voluntarios Escolapios de Camer\u00fan en Bandjoun 2023\" \/>\n<meta property=\"og:description\" content=\"El pasado s\u00e1bado 18 de marzo de 2023 se celebr\u00f3 en Bandjoun (oeste de Camer\u00fan) la reuni\u00f3n de coordinaci\u00f3n de los voluntarios escolapios de la Provincia Escolapia de \u00c1frica Central. Durante esta reuni\u00f3n, se trat\u00f3 de presentar los informes de actividad de los voluntarios de las diferentes presencias, as\u00ed como los del movimiento Calasanz tambi\u00e9n&hellip;\" \/>\n<meta property=\"og:url\" content=\"https:\/\/www.itakaescolapios.org\/pt\/2023\/03\/english-coordination-meeting-of-cameroon-piarist-volunteers-in-bandjoun-2023\/\" \/>\n<meta property=\"og:site_name\" content=\"Itaka-Escolapios\" \/>\n<meta property=\"article:published_time\" content=\"2023-03-21T12:22:20+00:00\" \/>\n<meta property=\"article:modified_time\" content=\"2023-11-28T11:35:34+00:00\" \/>\n<meta property=\"og:image\" content=\"https:\/\/www.itakaescolapios.org\/wp-content\/uploads\/2023\/03\/WhatsApp-Image-2023-03-18-at-21.16.29.jpeg\" \/>\n\t<meta property=\"og:image:width\" content=\"1080\" \/>\n\t<meta property=\"og:image:height\" content=\"809\" \/>\n\t<meta property=\"og:image:type\" content=\"image\/jpeg\" \/>\n<meta name=\"author\" content=\"cameroun01\" \/>\n<meta name=\"twitter:card\" content=\"summary_large_image\" \/>\n<meta name=\"twitter:label1\" content=\"Escrito por\" \/>\n\t<meta name=\"twitter:data1\" content=\"cameroun01\" \/>\n\t<meta name=\"twitter:label2\" content=\"Est. tempo de leitura\" \/>\n\t<meta name=\"twitter:data2\" content=\"1 minuto\" \/>\n<script type=\"application\/ld+json\" class=\"yoast-schema-graph\">{\"@context\":\"https:\\\/\\\/schema.org\",\"@graph\":[{\"@type\":\"Article\",\"@id\":\"https:\\\/\\\/www.itakaescolapios.org\\\/pt\\\/2023\\\/03\\\/english-coordination-meeting-of-cameroon-piarist-volunteers-in-bandjoun-2023\\\/#article\",\"isPartOf\":{\"@id\":\"https:\\\/\\\/www.itakaescolapios.org\\\/pt\\\/2023\\\/03\\\/english-coordination-meeting-of-cameroon-piarist-volunteers-in-bandjoun-2023\\\/\"},\"author\":{\"name\":\"cameroun01\",\"@id\":\"https:\\\/\\\/www.itakaescolapios.org\\\/es\\\/#\\\/schema\\\/person\\\/d2844383e29bfdfef69039672ce14eb1\"},\"headline\":\"Reuni\u00f3n de coordinaci\u00f3n de los Voluntarios Escolapios de Camer\u00fan en Bandjoun 2023\",\"datePublished\":\"2023-03-21T12:22:20+00:00\",\"dateModified\":\"2023-11-28T11:35:34+00:00\",\"mainEntityOfPage\":{\"@id\":\"https:\\\/\\\/www.itakaescolapios.org\\\/pt\\\/2023\\\/03\\\/english-coordination-meeting-of-cameroon-piarist-volunteers-in-bandjoun-2023\\\/\"},\"wordCount\":174,\"publisher\":{\"@id\":\"https:\\\/\\\/www.itakaescolapios.org\\\/es\\\/#organization\"},\"image\":{\"@id\":\"https:\\\/\\\/www.itakaescolapios.org\\\/pt\\\/2023\\\/03\\\/english-coordination-meeting-of-cameroon-piarist-volunteers-in-bandjoun-2023\\\/#primaryimage\"},\"thumbnailUrl\":\"https:\\\/\\\/www.itakaescolapios.org\\\/wp-content\\\/uploads\\\/2023\\\/03\\\/WhatsApp-Image-2023-03-18-at-21.16.29.jpeg\",\"articleSection\":[\"\u00c1frica Central\",\"Camar\u00f5es\"],\"inLanguage\":\"pt-BR\"},{\"@type\":\"WebPage\",\"@id\":\"https:\\\/\\\/www.itakaescolapios.org\\\/pt\\\/2023\\\/03\\\/english-coordination-meeting-of-cameroon-piarist-volunteers-in-bandjoun-2023\\\/\",\"url\":\"https:\\\/\\\/www.itakaescolapios.org\\\/pt\\\/2023\\\/03\\\/english-coordination-meeting-of-cameroon-piarist-volunteers-in-bandjoun-2023\\\/\",\"name\":\"Reuni\u00f3n de coordinaci\u00f3n de los Voluntarios Escolapios de Camer\u00fan en Bandjoun 2023 - Itaka-Escolapios\",\"isPartOf\":{\"@id\":\"https:\\\/\\\/www.itakaescolapios.org\\\/es\\\/#website\"},\"primaryImageOfPage\":{\"@id\":\"https:\\\/\\\/www.itakaescolapios.org\\\/pt\\\/2023\\\/03\\\/english-coordination-meeting-of-cameroon-piarist-volunteers-in-bandjoun-2023\\\/#primaryimage\"},\"image\":{\"@id\":\"https:\\\/\\\/www.itakaescolapios.org\\\/pt\\\/2023\\\/03\\\/english-coordination-meeting-of-cameroon-piarist-volunteers-in-bandjoun-2023\\\/#primaryimage\"},\"thumbnailUrl\":\"https:\\\/\\\/www.itakaescolapios.org\\\/wp-content\\\/uploads\\\/2023\\\/03\\\/WhatsApp-Image-2023-03-18-at-21.16.29.jpeg\",\"datePublished\":\"2023-03-21T12:22:20+00:00\",\"dateModified\":\"2023-11-28T11:35:34+00:00\",\"breadcrumb\":{\"@id\":\"https:\\\/\\\/www.itakaescolapios.org\\\/pt\\\/2023\\\/03\\\/english-coordination-meeting-of-cameroon-piarist-volunteers-in-bandjoun-2023\\\/#breadcrumb\"},\"inLanguage\":\"pt-BR\",\"potentialAction\":[{\"@type\":\"ReadAction\",\"target\":[\"https:\\\/\\\/www.itakaescolapios.org\\\/pt\\\/2023\\\/03\\\/english-coordination-meeting-of-cameroon-piarist-volunteers-in-bandjoun-2023\\\/\"]}]},{\"@type\":\"ImageObject\",\"inLanguage\":\"pt-BR\",\"@id\":\"https:\\\/\\\/www.itakaescolapios.org\\\/pt\\\/2023\\\/03\\\/english-coordination-meeting-of-cameroon-piarist-volunteers-in-bandjoun-2023\\\/#primaryimage\",\"url\":\"https:\\\/\\\/www.itakaescolapios.org\\\/wp-content\\\/uploads\\\/2023\\\/03\\\/WhatsApp-Image-2023-03-18-at-21.16.29.jpeg\",\"contentUrl\":\"https:\\\/\\\/www.itakaescolapios.org\\\/wp-content\\\/uploads\\\/2023\\\/03\\\/WhatsApp-Image-2023-03-18-at-21.16.29.jpeg\",\"width\":1080,\"height\":809},{\"@type\":\"BreadcrumbList\",\"@id\":\"https:\\\/\\\/www.itakaescolapios.org\\\/pt\\\/2023\\\/03\\\/english-coordination-meeting-of-cameroon-piarist-volunteers-in-bandjoun-2023\\\/#breadcrumb\",\"itemListElement\":[{\"@type\":\"ListItem\",\"position\":1,\"name\":\"Itaka-Escolapios\",\"item\":\"https:\\\/\\\/www.itakaescolapios.org\\\/es\\\/\"},{\"@type\":\"ListItem\",\"position\":2,\"name\":\"Reuni\u00f3n de coordinaci\u00f3n de los Voluntarios Escolapios de Camer\u00fan en Bandjoun 2023\"}]},{\"@type\":\"WebSite\",\"@id\":\"https:\\\/\\\/www.itakaescolapios.org\\\/pt\\\/es\\\/#website\",\"url\":\"https:\\\/\\\/www.itakaescolapios.org\\\/pt\\\/es\\\/\",\"name\":\"Itaka-Escolapios\",\"description\":\"Red de Itaka-Escolapios\",\"publisher\":{\"@id\":\"https:\\\/\\\/www.itakaescolapios.org\\\/pt\\\/es\\\/#organization\"},\"potentialAction\":[{\"@type\":\"SearchAction\",\"target\":{\"@type\":\"EntryPoint\",\"urlTemplate\":\"https:\\\/\\\/www.itakaescolapios.org\\\/pt\\\/es\\\/?s={search_term_string}\"},\"query-input\":{\"@type\":\"PropertyValueSpecification\",\"valueRequired\":true,\"valueName\":\"search_term_string\"}}],\"inLanguage\":\"pt-BR\"},{\"@type\":\"Organization\",\"@id\":\"https:\\\/\\\/www.itakaescolapios.org\\\/pt\\\/es\\\/#organization\",\"name\":\"Fundaci\u00f3 Itaka-Escolapios\",\"url\":\"https:\\\/\\\/www.itakaescolapios.org\\\/pt\\\/es\\\/\",\"logo\":{\"@type\":\"ImageObject\",\"inLanguage\":\"pt-BR\",\"@id\":\"https:\\\/\\\/www.itakaescolapios.org\\\/pt\\\/es\\\/#\\\/schema\\\/logo\\\/image\\\/\",\"url\":\"https:\\\/\\\/www.itakaescolapios.org\\\/wp-content\\\/uploads\\\/2024\\\/04\\\/Logo-itakaescolapios-peque.png\",\"contentUrl\":\"https:\\\/\\\/www.itakaescolapios.org\\\/wp-content\\\/uploads\\\/2024\\\/04\\\/Logo-itakaescolapios-peque.png\",\"width\":500,\"height\":199,\"caption\":\"Fundaci\u00f3 Itaka-Escolapios\"},\"image\":{\"@id\":\"https:\\\/\\\/www.itakaescolapios.org\\\/pt\\\/es\\\/#\\\/schema\\\/logo\\\/image\\\/\"}},{\"@type\":\"Person\",\"@id\":\"https:\\\/\\\/www.itakaescolapios.org\\\/es\\\/#\\\/schema\\\/person\\\/d2844383e29bfdfef69039672ce14eb1\",\"name\":\"cameroun01\",\"url\":\"https:\\\/\\\/www.itakaescolapios.org\\\/pt\\\/author\\\/cameroun01\\\/\"}]}<\/script>\n<!-- \/ Yoast SEO plugin. -->","yoast_head_json":{"title":"Reuni\u00f3n de coordinaci\u00f3n de los Voluntarios Escolapios de Camer\u00fan en Bandjoun 2023","description":"El pasado s\u00e1bado 18 de marzo de 2023 se celebr\u00f3 en Bandjoun (oeste de Camer\u00fan) la reuni\u00f3n de coordinaci\u00f3n de los voluntarios escolapios de la Provincia Escolapia de \u00c1frica Central. Durante esta reuni\u00f3n, se trat\u00f3 de presentar los informes de actividad de los voluntarios de las diferentes presencias, as\u00ed como los del movimiento Calasanz tambi\u00e9n&hellip;","robots":{"index":"index","follow":"follow","max-snippet":"max-snippet:-1","max-image-preview":"max-image-preview:large","max-video-preview":"max-video-preview:-1"},"canonical":"El pasado s\u00e1bado 18 de marzo de 2023 se celebr\u00f3 en Bandjoun (oeste de Camer\u00fan) la reuni\u00f3n de coordinaci\u00f3n de los voluntarios escolapios de la Provincia Escolapia de \u00c1frica Central. Durante esta reuni\u00f3n, se trat\u00f3 de presentar los informes de actividad de los voluntarios de las diferentes presencias, as\u00ed como los del movimiento Calasanz tambi\u00e9n&hellip;","og_locale":"pt_BR","og_type":"article","og_title":"Reuni\u00f3n de coordinaci\u00f3n de los Voluntarios Escolapios de Camer\u00fan en Bandjoun 2023","og_description":"El pasado s\u00e1bado 18 de marzo de 2023 se celebr\u00f3 en Bandjoun (oeste de Camer\u00fan) la reuni\u00f3n de coordinaci\u00f3n de los voluntarios escolapios de la Provincia Escolapia de \u00c1frica Central. Durante esta reuni\u00f3n, se trat\u00f3 de presentar los informes de actividad de los voluntarios de las diferentes presencias, as\u00ed como los del movimiento Calasanz tambi\u00e9n&hellip;","og_url":"https:\/\/www.itakaescolapios.org\/pt\/2023\/03\/english-coordination-meeting-of-cameroon-piarist-volunteers-in-bandjoun-2023\/","og_site_name":"Itaka-Escolapios","article_published_time":"2023-03-21T12:22:20+00:00","article_modified_time":"2023-11-28T11:35:34+00:00","og_image":[{"width":1080,"height":809,"url":"https:\/\/www.itakaescolapios.org\/wp-content\/uploads\/2023\/03\/WhatsApp-Image-2023-03-18-at-21.16.29.jpeg","type":"image\/jpeg"}],"author":"cameroun01","twitter_card":"summary_large_image","twitter_misc":{"Escrito por":"cameroun01","Est. tempo de leitura":"1 minuto"},"schema":{"@context":"https:\/\/schema.org","@graph":[{"@type":"Article","@id":"https:\/\/www.itakaescolapios.org\/pt\/2023\/03\/english-coordination-meeting-of-cameroon-piarist-volunteers-in-bandjoun-2023\/#article","isPartOf":{"@id":"https:\/\/www.itakaescolapios.org\/pt\/2023\/03\/english-coordination-meeting-of-cameroon-piarist-volunteers-in-bandjoun-2023\/"},"author":{"name":"cameroun01","@id":"https:\/\/www.itakaescolapios.org\/es\/#\/schema\/person\/d2844383e29bfdfef69039672ce14eb1"},"headline":"Reuni\u00f3n de coordinaci\u00f3n de los Voluntarios Escolapios de Camer\u00fan en Bandjoun 2023","datePublished":"2023-03-21T12:22:20+00:00","dateModified":"2023-11-28T11:35:34+00:00","mainEntityOfPage":{"@id":"https:\/\/www.itakaescolapios.org\/pt\/2023\/03\/english-coordination-meeting-of-cameroon-piarist-volunteers-in-bandjoun-2023\/"},"wordCount":174,"publisher":{"@id":"https:\/\/www.itakaescolapios.org\/es\/#organization"},"image":{"@id":"https:\/\/www.itakaescolapios.org\/pt\/2023\/03\/english-coordination-meeting-of-cameroon-piarist-volunteers-in-bandjoun-2023\/#primaryimage"},"thumbnailUrl":"https:\/\/www.itakaescolapios.org\/wp-content\/uploads\/2023\/03\/WhatsApp-Image-2023-03-18-at-21.16.29.jpeg","articleSection":["\u00c1frica Central","Camar\u00f5es"],"inLanguage":"pt-BR"},{"@type":"WebPage","@id":"https:\/\/www.itakaescolapios.org\/pt\/2023\/03\/english-coordination-meeting-of-cameroon-piarist-volunteers-in-bandjoun-2023\/","url":"https:\/\/www.itakaescolapios.org\/pt\/2023\/03\/english-coordination-meeting-of-cameroon-piarist-volunteers-in-bandjoun-2023\/","name":"Reuni\u00f3n de coordinaci\u00f3n de los Voluntarios Escolapios de Camer\u00fan en Bandjoun 2023 - Itaka-Escolapios","isPartOf":{"@id":"https:\/\/www.itakaescolapios.org\/es\/#website"},"primaryImageOfPage":{"@id":"https:\/\/www.itakaescolapios.org\/pt\/2023\/03\/english-coordination-meeting-of-cameroon-piarist-volunteers-in-bandjoun-2023\/#primaryimage"},"image":{"@id":"https:\/\/www.itakaescolapios.org\/pt\/2023\/03\/english-coordination-meeting-of-cameroon-piarist-volunteers-in-bandjoun-2023\/#primaryimage"},"thumbnailUrl":"https:\/\/www.itakaescolapios.org\/wp-content\/uploads\/2023\/03\/WhatsApp-Image-2023-03-18-at-21.16.29.jpeg","datePublished":"2023-03-21T12:22:20+00:00","dateModified":"2023-11-28T11:35:34+00:00","breadcrumb":{"@id":"https:\/\/www.itakaescolapios.org\/pt\/2023\/03\/english-coordination-meeting-of-cameroon-piarist-volunteers-in-bandjoun-2023\/#breadcrumb"},"inLanguage":"pt-BR","potentialAction":[{"@type":"ReadAction","target":["https:\/\/www.itakaescolapios.org\/pt\/2023\/03\/english-coordination-meeting-of-cameroon-piarist-volunteers-in-bandjoun-2023\/"]}]},{"@type":"ImageObject","inLanguage":"pt-BR","@id":"https:\/\/www.itakaescolapios.org\/pt\/2023\/03\/english-coordination-meeting-of-cameroon-piarist-volunteers-in-bandjoun-2023\/#primaryimage","url":"https:\/\/www.itakaescolapios.org\/wp-content\/uploads\/2023\/03\/WhatsApp-Image-2023-03-18-at-21.16.29.jpeg","contentUrl":"https:\/\/www.itakaescolapios.org\/wp-content\/uploads\/2023\/03\/WhatsApp-Image-2023-03-18-at-21.16.29.jpeg","width":1080,"height":809},{"@type":"BreadcrumbList","@id":"https:\/\/www.itakaescolapios.org\/pt\/2023\/03\/english-coordination-meeting-of-cameroon-piarist-volunteers-in-bandjoun-2023\/#breadcrumb","itemListElement":[{"@type":"ListItem","position":1,"name":"Itaka-Escolapios","item":"https:\/\/www.itakaescolapios.org\/es\/"},{"@type":"ListItem","position":2,"name":"Reuni\u00f3n de coordinaci\u00f3n de los Voluntarios Escolapios de Camer\u00fan en Bandjoun 2023"}]},{"@type":"WebSite","@id":"https:\/\/www.itakaescolapios.org\/pt\/es\/#website","url":"https:\/\/www.itakaescolapios.org\/pt\/es\/","name":"Itaka-Escolapios","description":"Red de Itaka-Escolapios","publisher":{"@id":"https:\/\/www.itakaescolapios.org\/pt\/es\/#organization"},"potentialAction":[{"@type":"SearchAction","target":{"@type":"EntryPoint","urlTemplate":"https:\/\/www.itakaescolapios.org\/pt\/es\/?s={search_term_string}"},"query-input":{"@type":"PropertyValueSpecification","valueRequired":true,"valueName":"search_term_string"}}],"inLanguage":"pt-BR"},{"@type":"Organization","@id":"https:\/\/www.itakaescolapios.org\/pt\/es\/#organization","name":"Fundaci\u00f3 Itaka-Escolapios","url":"https:\/\/www.itakaescolapios.org\/pt\/es\/","logo":{"@type":"ImageObject","inLanguage":"pt-BR","@id":"https:\/\/www.itakaescolapios.org\/pt\/es\/#\/schema\/logo\/image\/","url":"https:\/\/www.itakaescolapios.org\/wp-content\/uploads\/2024\/04\/Logo-itakaescolapios-peque.png","contentUrl":"https:\/\/www.itakaescolapios.org\/wp-content\/uploads\/2024\/04\/Logo-itakaescolapios-peque.png","width":500,"height":199,"caption":"Fundaci\u00f3 Itaka-Escolapios"},"image":{"@id":"https:\/\/www.itakaescolapios.org\/pt\/es\/#\/schema\/logo\/image\/"}},{"@type":"Person","@id":"https:\/\/www.itakaescolapios.org\/es\/#\/schema\/person\/d2844383e29bfdfef69039672ce14eb1","name":"cameroun01","url":"https:\/\/www.itakaescolapios.org\/pt\/author\/cameroun01\/"}]}},"_links":{"self":[{"href":"https:\/\/www.itakaescolapios.org\/pt\/wp-json\/wp\/v2\/posts\/41446","targetHints":{"allow":["GET"]}}],"collection":[{"href":"https:\/\/www.itakaescolapios.org\/pt\/wp-json\/wp\/v2\/posts"}],"about":[{"href":"https:\/\/www.itakaescolapios.org\/pt\/wp-json\/wp\/v2\/types\/post"}],"author":[{"embeddable":true,"href":"https:\/\/www.itakaescolapios.org\/pt\/wp-json\/wp\/v2\/users\/15"}],"replies":[{"embeddable":true,"href":"https:\/\/www.itakaescolapios.org\/pt\/wp-json\/wp\/v2\/comments?post=41446"}],"version-history":[{"count":4,"href":"https:\/\/www.itakaescolapios.org\/pt\/wp-json\/wp\/v2\/posts\/41446\/revisions"}],"predecessor-version":[{"id":43647,"href":"https:\/\/www.itakaescolapios.org\/pt\/wp-json\/wp\/v2\/posts\/41446\/revisions\/43647"}],"wp:featuredmedia":[{"embeddable":true,"href":"https:\/\/www.itakaescolapios.org\/pt\/wp-json\/wp\/v2\/media\/41449"}],"wp:attachment":[{"href":"https:\/\/www.itakaescolapios.org\/pt\/wp-json\/wp\/v2\/media?parent=41446"}],"wp:term":[{"taxonomy":"category","embeddable":true,"href":"https:\/\/www.itakaescolapios.org\/pt\/wp-json\/wp\/v2\/categories?post=41446"},{"taxonomy":"post_tag","embeddable":true,"href":"https:\/\/www.itakaescolapios.org\/pt\/wp-json\/wp\/v2\/tags?post=41446"}],"curies":[{"name":"wp","href":"https:\/\/api.w.org\/{rel}","templated":true}]}}