{"id":41740,"date":"2023-03-28T09:23:11","date_gmt":"2023-03-28T08:23:11","guid":{"rendered":"https:\/\/www.itakaescolapios.org\/?p=41740"},"modified":"2023-11-28T12:35:34","modified_gmt":"2023-11-28T11:35:34","slug":"english-monthly-meeting-of-piarist-volunteers-with-the-visit-of-the-assistant-for-africa-of-the-superior-general-of-the-order-of-pious-schools","status":"publish","type":"post","link":"https:\/\/www.itakaescolapios.org\/pt\/2023\/03\/english-monthly-meeting-of-piarist-volunteers-with-the-visit-of-the-assistant-for-africa-of-the-superior-general-of-the-order-of-pious-schools\/","title":{"rendered":""},"content":{"rendered":"<p>[:en]On Sunday March 26, 2023 we had at the quasi parish of Saint Joseph calasanz de malibe the monthly meeting of the piarist volunteers of malibe, this one had a particular coloring with the visit of the superior general of the order of the pious schools and his assistant for Africa.<\/p>\n<p>We started our work with prayer and then a presentation of our actions and activities. Then we had words of encouragement from Father F\u00e9licien. Before the final blessing Father F\u00e9licien lent himself to a question and answer game on the Calasanz movement, &#8230; Here Father F\u00e9licien recalled that &#8221;the Piarist charism belongs to the Church, the fathers do not have the monopoly that&#8217;s why the presence of monitors, volunteers and lay people is very necessary in our mission&#8221; we closed this meeting with a family photo.<\/p>\n<p>&nbsp;<\/p>\n<p><img decoding=\"async\" class=\"size-full wp-image-3848 aligncenter\" src=\"https:\/\/piaristesafriquecentrale.org\/wp-content\/uploads\/2023\/03\/WhatsApp-Image-2023-03-26-at-15.41.17-1.jpeg\" alt=\"\" width=\"1080\" height=\"809\" \/><\/p>\n<p><img decoding=\"async\" class=\"size-full wp-image-3849 aligncenter\" src=\"https:\/\/piaristesafriquecentrale.org\/wp-content\/uploads\/2023\/03\/WhatsApp-Image-2023-03-26-at-15.41.17.jpeg\" alt=\"\" width=\"1080\" height=\"809\" \/><\/p>\n<p><img decoding=\"async\" class=\"size-full wp-image-3847 aligncenter\" src=\"https:\/\/piaristesafriquecentrale.org\/wp-content\/uploads\/2023\/03\/WhatsApp-Image-2023-03-26-at-15.52.04.jpeg\" alt=\"\" width=\"474\" height=\"1080\" \/>[:fr]Le dimanche 26 mars 2023 nous avons eu \u00e0 la quasi paroisse Saint Joseph calasanz de malibe la rencontre mensuelle des volontaires piaristes de malibe, celle ci a connu une coloration particuli\u00e8re avec la visite du sup\u00e9rieur g\u00e9n\u00e9ral de l&#8217;ordre des \u00e9coles pies et de son assistant pour l&#8217;Afrique.<\/p>\n<p>Nous avons d\u00e9marr\u00e9 nos travaux par la pri\u00e8re puis une pr\u00e9sentation de nos actions et activit\u00e9s. Ensuite nous avons eu des mots d&#8217;encouragement du p\u00e8re F\u00e9licien. Avant la b\u00e9n\u00e9diction finale le p\u00e8re F\u00e9licien s&#8217;est pr\u00eat\u00e9 \u00e0 un jeu de question r\u00e9ponse sur le mouvement calasanz, &#8230; Ici le p\u00e8re F\u00e9licien a rappel\u00e9 que &#8221;le charisme piaristes appartient \u00e0 L&#8217; \u00c9glise, les p\u00e8res n&#8217;ont pas le monopole voil\u00e0 pourquoi la presence des moniteurs,des volontaires et des la\u00efc est tr\u00e8s n\u00e9cessaire dans notre mission&#8221; nous avons cl\u00f4tur\u00e9 cette r\u00e9union par une photo de famille.<\/p>\n<p>&nbsp;<\/p>\n<p><img decoding=\"async\" class=\"size-full wp-image-3848 aligncenter\" src=\"https:\/\/piaristesafriquecentrale.org\/wp-content\/uploads\/2023\/03\/WhatsApp-Image-2023-03-26-at-15.41.17-1.jpeg\" alt=\"\" width=\"1080\" height=\"809\" \/><\/p>\n<p><img decoding=\"async\" class=\"size-full wp-image-3849 aligncenter\" src=\"https:\/\/piaristesafriquecentrale.org\/wp-content\/uploads\/2023\/03\/WhatsApp-Image-2023-03-26-at-15.41.17.jpeg\" alt=\"\" width=\"1080\" height=\"809\" \/><\/p>\n<p><img decoding=\"async\" class=\"size-full wp-image-3847 aligncenter\" src=\"https:\/\/piaristesafriquecentrale.org\/wp-content\/uploads\/2023\/03\/WhatsApp-Image-2023-03-26-at-15.52.04.jpeg\" alt=\"\" width=\"474\" height=\"1080\" \/>[:]<\/p>\n","protected":false},"excerpt":{"rendered":"<p>[:en]On Sunday March 26, 2023 we had at the quasi parish of Saint Joseph calasanz de malibe the monthly meeting of the piarist volunteers of malibe, this one had a [&hellip;]<\/p>\n","protected":false},"author":15,"featured_media":41745,"comment_status":"closed","ping_status":"closed","sticky":false,"template":"","format":"standard","meta":{"_et_pb_use_builder":"","_et_pb_old_content":"","_et_gb_content_width":"","footnotes":""},"categories":[53,285],"tags":[],"class_list":["post-41740","post","type-post","status-publish","format-standard","has-post-thumbnail","hentry","category-africa-central","category-gabon"],"yoast_head":"<!-- This site is optimized with the Yoast SEO plugin v27.4 - https:\/\/yoast.com\/product\/yoast-seo-wordpress\/ -->\n<title>- Itaka-Escolapios<\/title>\n<meta name=\"description\" content=\"[:en]On Sunday March 26, 2023 we had at the quasi parish of Saint Joseph calasanz de malibe the monthly meeting of the piarist volunteers of malibe, this one had a particular coloring with the visit of the superior general of the order of the pious schools and his assistant for Africa. We started our work&hellip;\" \/>\n<meta name=\"robots\" content=\"index, follow, max-snippet:-1, max-image-preview:large, max-video-preview:-1\" \/>\n<link rel=\"canonical\" href=\"\" \/>\n<meta property=\"og:locale\" content=\"pt_BR\" \/>\n<meta property=\"og:type\" content=\"article\" \/>\n<meta property=\"og:title\" content=\"- Itaka-Escolapios\" \/>\n<meta property=\"og:description\" content=\"[:en]On Sunday March 26, 2023 we had at the quasi parish of Saint Joseph calasanz de malibe the monthly meeting of the piarist volunteers of malibe, this one had a particular coloring with the visit of the superior general of the order of the pious schools and his assistant for Africa. We started our work&hellip;\" \/>\n<meta property=\"og:url\" content=\"https:\/\/www.itakaescolapios.org\/pt\/2023\/03\/english-monthly-meeting-of-piarist-volunteers-with-the-visit-of-the-assistant-for-africa-of-the-superior-general-of-the-order-of-pious-schools\/\" \/>\n<meta property=\"og:site_name\" content=\"Itaka-Escolapios\" \/>\n<meta property=\"article:published_time\" content=\"2023-03-28T08:23:11+00:00\" \/>\n<meta property=\"article:modified_time\" content=\"2023-11-28T11:35:34+00:00\" \/>\n<meta property=\"og:image\" content=\"https:\/\/www.itakaescolapios.org\/wp-content\/uploads\/2023\/03\/WhatsApp-Image-2023-03-26-at-15.41.16.jpeg\" \/>\n\t<meta property=\"og:image:width\" content=\"1080\" \/>\n\t<meta property=\"og:image:height\" content=\"809\" \/>\n\t<meta property=\"og:image:type\" content=\"image\/jpeg\" \/>\n<meta name=\"author\" content=\"cameroun01\" \/>\n<meta name=\"twitter:card\" content=\"summary_large_image\" \/>\n<meta name=\"twitter:label1\" content=\"Escrito por\" \/>\n\t<meta name=\"twitter:data1\" content=\"cameroun01\" \/>\n\t<meta name=\"twitter:label2\" content=\"Est. tempo de leitura\" \/>\n\t<meta name=\"twitter:data2\" content=\"2 minutos\" \/>\n<script type=\"application\/ld+json\" class=\"yoast-schema-graph\">{\"@context\":\"https:\\\/\\\/schema.org\",\"@graph\":[{\"@type\":\"Article\",\"@id\":\"https:\\\/\\\/www.itakaescolapios.org\\\/pt\\\/2023\\\/03\\\/english-monthly-meeting-of-piarist-volunteers-with-the-visit-of-the-assistant-for-africa-of-the-superior-general-of-the-order-of-pious-schools\\\/#article\",\"isPartOf\":{\"@id\":\"https:\\\/\\\/www.itakaescolapios.org\\\/pt\\\/2023\\\/03\\\/english-monthly-meeting-of-piarist-volunteers-with-the-visit-of-the-assistant-for-africa-of-the-superior-general-of-the-order-of-pious-schools\\\/\"},\"author\":{\"name\":\"cameroun01\",\"@id\":\"https:\\\/\\\/www.itakaescolapios.org\\\/es\\\/#\\\/schema\\\/person\\\/d2844383e29bfdfef69039672ce14eb1\"},\"headline\":\"Sem t\u00edtulo\",\"datePublished\":\"2023-03-28T08:23:11+00:00\",\"dateModified\":\"2023-11-28T11:35:34+00:00\",\"mainEntityOfPage\":{\"@id\":\"https:\\\/\\\/www.itakaescolapios.org\\\/pt\\\/2023\\\/03\\\/english-monthly-meeting-of-piarist-volunteers-with-the-visit-of-the-assistant-for-africa-of-the-superior-general-of-the-order-of-pious-schools\\\/\"},\"wordCount\":307,\"publisher\":{\"@id\":\"https:\\\/\\\/www.itakaescolapios.org\\\/es\\\/#organization\"},\"image\":{\"@id\":\"https:\\\/\\\/www.itakaescolapios.org\\\/pt\\\/2023\\\/03\\\/english-monthly-meeting-of-piarist-volunteers-with-the-visit-of-the-assistant-for-africa-of-the-superior-general-of-the-order-of-pious-schools\\\/#primaryimage\"},\"thumbnailUrl\":\"https:\\\/\\\/www.itakaescolapios.org\\\/wp-content\\\/uploads\\\/2023\\\/03\\\/WhatsApp-Image-2023-03-26-at-15.41.16.jpeg\",\"articleSection\":[\"\u00c1frica Central\",\"Gab\u00f3n\"],\"inLanguage\":\"pt-BR\"},{\"@type\":\"WebPage\",\"@id\":\"https:\\\/\\\/www.itakaescolapios.org\\\/pt\\\/2023\\\/03\\\/english-monthly-meeting-of-piarist-volunteers-with-the-visit-of-the-assistant-for-africa-of-the-superior-general-of-the-order-of-pious-schools\\\/\",\"url\":\"https:\\\/\\\/www.itakaescolapios.org\\\/pt\\\/2023\\\/03\\\/english-monthly-meeting-of-piarist-volunteers-with-the-visit-of-the-assistant-for-africa-of-the-superior-general-of-the-order-of-pious-schools\\\/\",\"name\":\"- Itaka-Escolapios\",\"isPartOf\":{\"@id\":\"https:\\\/\\\/www.itakaescolapios.org\\\/es\\\/#website\"},\"primaryImageOfPage\":{\"@id\":\"https:\\\/\\\/www.itakaescolapios.org\\\/pt\\\/2023\\\/03\\\/english-monthly-meeting-of-piarist-volunteers-with-the-visit-of-the-assistant-for-africa-of-the-superior-general-of-the-order-of-pious-schools\\\/#primaryimage\"},\"image\":{\"@id\":\"https:\\\/\\\/www.itakaescolapios.org\\\/pt\\\/2023\\\/03\\\/english-monthly-meeting-of-piarist-volunteers-with-the-visit-of-the-assistant-for-africa-of-the-superior-general-of-the-order-of-pious-schools\\\/#primaryimage\"},\"thumbnailUrl\":\"https:\\\/\\\/www.itakaescolapios.org\\\/wp-content\\\/uploads\\\/2023\\\/03\\\/WhatsApp-Image-2023-03-26-at-15.41.16.jpeg\",\"datePublished\":\"2023-03-28T08:23:11+00:00\",\"dateModified\":\"2023-11-28T11:35:34+00:00\",\"inLanguage\":\"pt-BR\",\"potentialAction\":[{\"@type\":\"ReadAction\",\"target\":[\"https:\\\/\\\/www.itakaescolapios.org\\\/pt\\\/2023\\\/03\\\/english-monthly-meeting-of-piarist-volunteers-with-the-visit-of-the-assistant-for-africa-of-the-superior-general-of-the-order-of-pious-schools\\\/\"]}]},{\"@type\":\"ImageObject\",\"inLanguage\":\"pt-BR\",\"@id\":\"https:\\\/\\\/www.itakaescolapios.org\\\/pt\\\/2023\\\/03\\\/english-monthly-meeting-of-piarist-volunteers-with-the-visit-of-the-assistant-for-africa-of-the-superior-general-of-the-order-of-pious-schools\\\/#primaryimage\",\"url\":\"https:\\\/\\\/www.itakaescolapios.org\\\/wp-content\\\/uploads\\\/2023\\\/03\\\/WhatsApp-Image-2023-03-26-at-15.41.16.jpeg\",\"contentUrl\":\"https:\\\/\\\/www.itakaescolapios.org\\\/wp-content\\\/uploads\\\/2023\\\/03\\\/WhatsApp-Image-2023-03-26-at-15.41.16.jpeg\",\"width\":1080,\"height\":809},{\"@type\":\"WebSite\",\"@id\":\"https:\\\/\\\/www.itakaescolapios.org\\\/pt\\\/es\\\/#website\",\"url\":\"https:\\\/\\\/www.itakaescolapios.org\\\/pt\\\/es\\\/\",\"name\":\"Itaka-Escolapios\",\"description\":\"Red de Itaka-Escolapios\",\"publisher\":{\"@id\":\"https:\\\/\\\/www.itakaescolapios.org\\\/pt\\\/es\\\/#organization\"},\"potentialAction\":[{\"@type\":\"SearchAction\",\"target\":{\"@type\":\"EntryPoint\",\"urlTemplate\":\"https:\\\/\\\/www.itakaescolapios.org\\\/pt\\\/es\\\/?s={search_term_string}\"},\"query-input\":{\"@type\":\"PropertyValueSpecification\",\"valueRequired\":true,\"valueName\":\"search_term_string\"}}],\"inLanguage\":\"pt-BR\"},{\"@type\":\"Organization\",\"@id\":\"https:\\\/\\\/www.itakaescolapios.org\\\/pt\\\/es\\\/#organization\",\"name\":\"Fundaci\u00f3 Itaka-Escolapios\",\"url\":\"https:\\\/\\\/www.itakaescolapios.org\\\/pt\\\/es\\\/\",\"logo\":{\"@type\":\"ImageObject\",\"inLanguage\":\"pt-BR\",\"@id\":\"https:\\\/\\\/www.itakaescolapios.org\\\/pt\\\/es\\\/#\\\/schema\\\/logo\\\/image\\\/\",\"url\":\"https:\\\/\\\/www.itakaescolapios.org\\\/wp-content\\\/uploads\\\/2024\\\/04\\\/Logo-itakaescolapios-peque.png\",\"contentUrl\":\"https:\\\/\\\/www.itakaescolapios.org\\\/wp-content\\\/uploads\\\/2024\\\/04\\\/Logo-itakaescolapios-peque.png\",\"width\":500,\"height\":199,\"caption\":\"Fundaci\u00f3 Itaka-Escolapios\"},\"image\":{\"@id\":\"https:\\\/\\\/www.itakaescolapios.org\\\/pt\\\/es\\\/#\\\/schema\\\/logo\\\/image\\\/\"}},{\"@type\":\"Person\",\"@id\":\"https:\\\/\\\/www.itakaescolapios.org\\\/es\\\/#\\\/schema\\\/person\\\/d2844383e29bfdfef69039672ce14eb1\",\"name\":\"cameroun01\",\"url\":\"https:\\\/\\\/www.itakaescolapios.org\\\/pt\\\/author\\\/cameroun01\\\/\"}]}<\/script>\n<!-- \/ Yoast SEO plugin. -->","yoast_head_json":{"title":"- Itaka-Escolapios","description":"[:en]On Sunday March 26, 2023 we had at the quasi parish of Saint Joseph calasanz de malibe the monthly meeting of the piarist volunteers of malibe, this one had a particular coloring with the visit of the superior general of the order of the pious schools and his assistant for Africa. We started our work&hellip;","robots":{"index":"index","follow":"follow","max-snippet":"max-snippet:-1","max-image-preview":"max-image-preview:large","max-video-preview":"max-video-preview:-1"},"canonical":"[:en]On Sunday March 26, 2023 we had at the quasi parish of Saint Joseph calasanz de malibe the monthly meeting of the piarist volunteers of malibe, this one had a particular coloring with the visit of the superior general of the order of the pious schools and his assistant for Africa. We started our work&hellip;","og_locale":"pt_BR","og_type":"article","og_title":"- Itaka-Escolapios","og_description":"[:en]On Sunday March 26, 2023 we had at the quasi parish of Saint Joseph calasanz de malibe the monthly meeting of the piarist volunteers of malibe, this one had a particular coloring with the visit of the superior general of the order of the pious schools and his assistant for Africa. We started our work&hellip;","og_url":"https:\/\/www.itakaescolapios.org\/pt\/2023\/03\/english-monthly-meeting-of-piarist-volunteers-with-the-visit-of-the-assistant-for-africa-of-the-superior-general-of-the-order-of-pious-schools\/","og_site_name":"Itaka-Escolapios","article_published_time":"2023-03-28T08:23:11+00:00","article_modified_time":"2023-11-28T11:35:34+00:00","og_image":[{"width":1080,"height":809,"url":"https:\/\/www.itakaescolapios.org\/wp-content\/uploads\/2023\/03\/WhatsApp-Image-2023-03-26-at-15.41.16.jpeg","type":"image\/jpeg"}],"author":"cameroun01","twitter_card":"summary_large_image","twitter_misc":{"Escrito por":"cameroun01","Est. tempo de leitura":"2 minutos"},"schema":{"@context":"https:\/\/schema.org","@graph":[{"@type":"Article","@id":"https:\/\/www.itakaescolapios.org\/pt\/2023\/03\/english-monthly-meeting-of-piarist-volunteers-with-the-visit-of-the-assistant-for-africa-of-the-superior-general-of-the-order-of-pious-schools\/#article","isPartOf":{"@id":"https:\/\/www.itakaescolapios.org\/pt\/2023\/03\/english-monthly-meeting-of-piarist-volunteers-with-the-visit-of-the-assistant-for-africa-of-the-superior-general-of-the-order-of-pious-schools\/"},"author":{"name":"cameroun01","@id":"https:\/\/www.itakaescolapios.org\/es\/#\/schema\/person\/d2844383e29bfdfef69039672ce14eb1"},"headline":"Sem t\u00edtulo","datePublished":"2023-03-28T08:23:11+00:00","dateModified":"2023-11-28T11:35:34+00:00","mainEntityOfPage":{"@id":"https:\/\/www.itakaescolapios.org\/pt\/2023\/03\/english-monthly-meeting-of-piarist-volunteers-with-the-visit-of-the-assistant-for-africa-of-the-superior-general-of-the-order-of-pious-schools\/"},"wordCount":307,"publisher":{"@id":"https:\/\/www.itakaescolapios.org\/es\/#organization"},"image":{"@id":"https:\/\/www.itakaescolapios.org\/pt\/2023\/03\/english-monthly-meeting-of-piarist-volunteers-with-the-visit-of-the-assistant-for-africa-of-the-superior-general-of-the-order-of-pious-schools\/#primaryimage"},"thumbnailUrl":"https:\/\/www.itakaescolapios.org\/wp-content\/uploads\/2023\/03\/WhatsApp-Image-2023-03-26-at-15.41.16.jpeg","articleSection":["\u00c1frica Central","Gab\u00f3n"],"inLanguage":"pt-BR"},{"@type":"WebPage","@id":"https:\/\/www.itakaescolapios.org\/pt\/2023\/03\/english-monthly-meeting-of-piarist-volunteers-with-the-visit-of-the-assistant-for-africa-of-the-superior-general-of-the-order-of-pious-schools\/","url":"https:\/\/www.itakaescolapios.org\/pt\/2023\/03\/english-monthly-meeting-of-piarist-volunteers-with-the-visit-of-the-assistant-for-africa-of-the-superior-general-of-the-order-of-pious-schools\/","name":"- Itaka-Escolapios","isPartOf":{"@id":"https:\/\/www.itakaescolapios.org\/es\/#website"},"primaryImageOfPage":{"@id":"https:\/\/www.itakaescolapios.org\/pt\/2023\/03\/english-monthly-meeting-of-piarist-volunteers-with-the-visit-of-the-assistant-for-africa-of-the-superior-general-of-the-order-of-pious-schools\/#primaryimage"},"image":{"@id":"https:\/\/www.itakaescolapios.org\/pt\/2023\/03\/english-monthly-meeting-of-piarist-volunteers-with-the-visit-of-the-assistant-for-africa-of-the-superior-general-of-the-order-of-pious-schools\/#primaryimage"},"thumbnailUrl":"https:\/\/www.itakaescolapios.org\/wp-content\/uploads\/2023\/03\/WhatsApp-Image-2023-03-26-at-15.41.16.jpeg","datePublished":"2023-03-28T08:23:11+00:00","dateModified":"2023-11-28T11:35:34+00:00","inLanguage":"pt-BR","potentialAction":[{"@type":"ReadAction","target":["https:\/\/www.itakaescolapios.org\/pt\/2023\/03\/english-monthly-meeting-of-piarist-volunteers-with-the-visit-of-the-assistant-for-africa-of-the-superior-general-of-the-order-of-pious-schools\/"]}]},{"@type":"ImageObject","inLanguage":"pt-BR","@id":"https:\/\/www.itakaescolapios.org\/pt\/2023\/03\/english-monthly-meeting-of-piarist-volunteers-with-the-visit-of-the-assistant-for-africa-of-the-superior-general-of-the-order-of-pious-schools\/#primaryimage","url":"https:\/\/www.itakaescolapios.org\/wp-content\/uploads\/2023\/03\/WhatsApp-Image-2023-03-26-at-15.41.16.jpeg","contentUrl":"https:\/\/www.itakaescolapios.org\/wp-content\/uploads\/2023\/03\/WhatsApp-Image-2023-03-26-at-15.41.16.jpeg","width":1080,"height":809},{"@type":"WebSite","@id":"https:\/\/www.itakaescolapios.org\/pt\/es\/#website","url":"https:\/\/www.itakaescolapios.org\/pt\/es\/","name":"Itaka-Escolapios","description":"Red de Itaka-Escolapios","publisher":{"@id":"https:\/\/www.itakaescolapios.org\/pt\/es\/#organization"},"potentialAction":[{"@type":"SearchAction","target":{"@type":"EntryPoint","urlTemplate":"https:\/\/www.itakaescolapios.org\/pt\/es\/?s={search_term_string}"},"query-input":{"@type":"PropertyValueSpecification","valueRequired":true,"valueName":"search_term_string"}}],"inLanguage":"pt-BR"},{"@type":"Organization","@id":"https:\/\/www.itakaescolapios.org\/pt\/es\/#organization","name":"Fundaci\u00f3 Itaka-Escolapios","url":"https:\/\/www.itakaescolapios.org\/pt\/es\/","logo":{"@type":"ImageObject","inLanguage":"pt-BR","@id":"https:\/\/www.itakaescolapios.org\/pt\/es\/#\/schema\/logo\/image\/","url":"https:\/\/www.itakaescolapios.org\/wp-content\/uploads\/2024\/04\/Logo-itakaescolapios-peque.png","contentUrl":"https:\/\/www.itakaescolapios.org\/wp-content\/uploads\/2024\/04\/Logo-itakaescolapios-peque.png","width":500,"height":199,"caption":"Fundaci\u00f3 Itaka-Escolapios"},"image":{"@id":"https:\/\/www.itakaescolapios.org\/pt\/es\/#\/schema\/logo\/image\/"}},{"@type":"Person","@id":"https:\/\/www.itakaescolapios.org\/es\/#\/schema\/person\/d2844383e29bfdfef69039672ce14eb1","name":"cameroun01","url":"https:\/\/www.itakaescolapios.org\/pt\/author\/cameroun01\/"}]}},"_links":{"self":[{"href":"https:\/\/www.itakaescolapios.org\/pt\/wp-json\/wp\/v2\/posts\/41740","targetHints":{"allow":["GET"]}}],"collection":[{"href":"https:\/\/www.itakaescolapios.org\/pt\/wp-json\/wp\/v2\/posts"}],"about":[{"href":"https:\/\/www.itakaescolapios.org\/pt\/wp-json\/wp\/v2\/types\/post"}],"author":[{"embeddable":true,"href":"https:\/\/www.itakaescolapios.org\/pt\/wp-json\/wp\/v2\/users\/15"}],"replies":[{"embeddable":true,"href":"https:\/\/www.itakaescolapios.org\/pt\/wp-json\/wp\/v2\/comments?post=41740"}],"version-history":[{"count":2,"href":"https:\/\/www.itakaescolapios.org\/pt\/wp-json\/wp\/v2\/posts\/41740\/revisions"}],"predecessor-version":[{"id":43634,"href":"https:\/\/www.itakaescolapios.org\/pt\/wp-json\/wp\/v2\/posts\/41740\/revisions\/43634"}],"wp:featuredmedia":[{"embeddable":true,"href":"https:\/\/www.itakaescolapios.org\/pt\/wp-json\/wp\/v2\/media\/41745"}],"wp:attachment":[{"href":"https:\/\/www.itakaescolapios.org\/pt\/wp-json\/wp\/v2\/media?parent=41740"}],"wp:term":[{"taxonomy":"category","embeddable":true,"href":"https:\/\/www.itakaescolapios.org\/pt\/wp-json\/wp\/v2\/categories?post=41740"},{"taxonomy":"post_tag","embeddable":true,"href":"https:\/\/www.itakaescolapios.org\/pt\/wp-json\/wp\/v2\/tags?post=41740"}],"curies":[{"name":"wp","href":"https:\/\/api.w.org\/{rel}","templated":true}]}}