{"id":42537,"date":"2023-06-07T12:51:04","date_gmt":"2023-06-07T11:51:04","guid":{"rendered":"https:\/\/www.itakaescolapios.org\/?p=42537"},"modified":"2023-11-28T12:35:32","modified_gmt":"2023-11-28T11:35:32","slug":"english-celebration-of-calasanz-and-glicerio-landriani-movement-day-with-children-and-volunteers-in-futru-bamenda","status":"publish","type":"post","link":"https:\/\/www.itakaescolapios.org\/pt\/2023\/06\/english-celebration-of-calasanz-and-glicerio-landriani-movement-day-with-children-and-volunteers-in-futru-bamenda\/","title":{"rendered":"Celebraci\u00f3n del d\u00eda del movimiento Calasanz y Glicerio Landriani con ni\u00f1os y voluntarios, en Futru-Bamenda"},"content":{"rendered":"<p>El pasado domingo 04 de junio de 2023 tuvo lugar en Futru-Bamenda (Noroeste de Camer\u00fan), la celebraci\u00f3n del d\u00eda del movimiento Calasanz con los monitores y los voluntarios escolapios. En el programa ten\u00edamos de antemano la misa, la presentaci\u00f3n sobre la vida de Glicerio Landriani y luego los juegos de mesa. Fue un bonito momento de distensi\u00f3n entre los j\u00f3venes, el equipo de pastoral y los ni\u00f1os.<!--more--><\/p>\n","protected":false},"excerpt":{"rendered":"<p>El pasado domingo 04 de junio de 2023 tuvo lugar en Futru-Bamenda (Noroeste de Camer\u00fan), la celebraci\u00f3n del d\u00eda del movimiento Calasanz con los monitores y los voluntarios escolapios. En [&hellip;]<\/p>\n","protected":false},"author":15,"featured_media":42539,"comment_status":"closed","ping_status":"closed","sticky":false,"template":"","format":"standard","meta":{"_et_pb_use_builder":"","_et_pb_old_content":"","_et_gb_content_width":"","footnotes":""},"categories":[53,10],"tags":[],"class_list":["post-42537","post","type-post","status-publish","format-standard","has-post-thumbnail","hentry","category-africa-central","category-camerun"],"yoast_head":"<!-- This site is optimized with the Yoast SEO plugin v27.4 - https:\/\/yoast.com\/product\/yoast-seo-wordpress\/ -->\n<title>Celebraci\u00f3n del d\u00eda del movimiento Calasanz y Glicerio Landriani con ni\u00f1os y voluntarios, en Futru-Bamenda<\/title>\n<meta name=\"description\" content=\"El pasado domingo 04 de junio de 2023 tuvo lugar en Futru-Bamenda (Noroeste de Camer\u00fan), la celebraci\u00f3n del d\u00eda del movimiento Calasanz con los monitores y los voluntarios escolapios. En el programa ten\u00edamos de antemano la misa, la presentaci\u00f3n sobre la vida de Glicerio Landriani y luego los juegos de mesa. Fue un bonito momento&hellip;\" \/>\n<meta name=\"robots\" content=\"index, follow, max-snippet:-1, max-image-preview:large, max-video-preview:-1\" \/>\n<link rel=\"canonical\" href=\"http:\/\/El%20pasado%20domingo%2004%20de%20junio%20de%202023%20tuvo%20lugar%20en%20Futru-Bamenda%20(Noroeste%20de%20Camer\u00fan),%20la%20celebraci\u00f3n%20del%20d\u00eda%20del%20movimiento%20Calasanz%20con%20los%20monitores%20y%20los%20voluntarios%20escolapios.%20En%20el%20programa%20ten\u00edamos%20de%20antemano%20la%20misa,%20la%20presentaci\u00f3n%20sobre%20la%20vida%20de%20Glicerio%20Landriani%20y%20luego%20los%20juegos%20de%20mesa.%20Fue%20un%20bonito%20momento&hellip;\" \/>\n<meta property=\"og:locale\" content=\"pt_BR\" \/>\n<meta property=\"og:type\" content=\"article\" \/>\n<meta property=\"og:title\" content=\"Celebraci\u00f3n del d\u00eda del movimiento Calasanz y Glicerio Landriani con ni\u00f1os y voluntarios, en Futru-Bamenda\" \/>\n<meta property=\"og:description\" content=\"El pasado domingo 04 de junio de 2023 tuvo lugar en Futru-Bamenda (Noroeste de Camer\u00fan), la celebraci\u00f3n del d\u00eda del movimiento Calasanz con los monitores y los voluntarios escolapios. En el programa ten\u00edamos de antemano la misa, la presentaci\u00f3n sobre la vida de Glicerio Landriani y luego los juegos de mesa. Fue un bonito momento&hellip;\" \/>\n<meta property=\"og:url\" content=\"https:\/\/www.itakaescolapios.org\/pt\/2023\/06\/english-celebration-of-calasanz-and-glicerio-landriani-movement-day-with-children-and-volunteers-in-futru-bamenda\/\" \/>\n<meta property=\"og:site_name\" content=\"Itaka-Escolapios\" \/>\n<meta property=\"article:published_time\" content=\"2023-06-07T11:51:04+00:00\" \/>\n<meta property=\"article:modified_time\" content=\"2023-11-28T11:35:32+00:00\" \/>\n<meta property=\"og:image\" content=\"https:\/\/www.itakaescolapios.org\/wp-content\/uploads\/2023\/06\/WhatsApp-Image-2023-06-07-at-10.05.01-1.jpeg\" \/>\n\t<meta property=\"og:image:width\" content=\"1008\" \/>\n\t<meta property=\"og:image:height\" content=\"756\" \/>\n\t<meta property=\"og:image:type\" content=\"image\/jpeg\" \/>\n<meta name=\"author\" content=\"cameroun01\" \/>\n<meta name=\"twitter:card\" content=\"summary_large_image\" \/>\n<meta name=\"twitter:label1\" content=\"Escrito por\" \/>\n\t<meta name=\"twitter:data1\" content=\"cameroun01\" \/>\n<script type=\"application\/ld+json\" class=\"yoast-schema-graph\">{\"@context\":\"https:\\\/\\\/schema.org\",\"@graph\":[{\"@type\":\"Article\",\"@id\":\"https:\\\/\\\/www.itakaescolapios.org\\\/pt\\\/2023\\\/06\\\/english-celebration-of-calasanz-and-glicerio-landriani-movement-day-with-children-and-volunteers-in-futru-bamenda\\\/#article\",\"isPartOf\":{\"@id\":\"https:\\\/\\\/www.itakaescolapios.org\\\/pt\\\/2023\\\/06\\\/english-celebration-of-calasanz-and-glicerio-landriani-movement-day-with-children-and-volunteers-in-futru-bamenda\\\/\"},\"author\":{\"name\":\"cameroun01\",\"@id\":\"https:\\\/\\\/www.itakaescolapios.org\\\/es\\\/#\\\/schema\\\/person\\\/d2844383e29bfdfef69039672ce14eb1\"},\"headline\":\"Celebraci\u00f3n del d\u00eda del movimiento Calasanz y Glicerio Landriani con ni\u00f1os y voluntarios, en Futru-Bamenda\",\"datePublished\":\"2023-06-07T11:51:04+00:00\",\"dateModified\":\"2023-11-28T11:35:32+00:00\",\"mainEntityOfPage\":{\"@id\":\"https:\\\/\\\/www.itakaescolapios.org\\\/pt\\\/2023\\\/06\\\/english-celebration-of-calasanz-and-glicerio-landriani-movement-day-with-children-and-volunteers-in-futru-bamenda\\\/\"},\"wordCount\":91,\"publisher\":{\"@id\":\"https:\\\/\\\/www.itakaescolapios.org\\\/es\\\/#organization\"},\"image\":{\"@id\":\"https:\\\/\\\/www.itakaescolapios.org\\\/pt\\\/2023\\\/06\\\/english-celebration-of-calasanz-and-glicerio-landriani-movement-day-with-children-and-volunteers-in-futru-bamenda\\\/#primaryimage\"},\"thumbnailUrl\":\"https:\\\/\\\/www.itakaescolapios.org\\\/wp-content\\\/uploads\\\/2023\\\/06\\\/WhatsApp-Image-2023-06-07-at-10.05.01-1.jpeg\",\"articleSection\":[\"\u00c1frica Central\",\"Camar\u00f5es\"],\"inLanguage\":\"pt-BR\"},{\"@type\":\"WebPage\",\"@id\":\"https:\\\/\\\/www.itakaescolapios.org\\\/pt\\\/2023\\\/06\\\/english-celebration-of-calasanz-and-glicerio-landriani-movement-day-with-children-and-volunteers-in-futru-bamenda\\\/\",\"url\":\"https:\\\/\\\/www.itakaescolapios.org\\\/pt\\\/2023\\\/06\\\/english-celebration-of-calasanz-and-glicerio-landriani-movement-day-with-children-and-volunteers-in-futru-bamenda\\\/\",\"name\":\"Celebraci\u00f3n del d\u00eda del movimiento Calasanz y Glicerio Landriani con ni\u00f1os y voluntarios, en Futru-Bamenda - Itaka-Escolapios\",\"isPartOf\":{\"@id\":\"https:\\\/\\\/www.itakaescolapios.org\\\/es\\\/#website\"},\"primaryImageOfPage\":{\"@id\":\"https:\\\/\\\/www.itakaescolapios.org\\\/pt\\\/2023\\\/06\\\/english-celebration-of-calasanz-and-glicerio-landriani-movement-day-with-children-and-volunteers-in-futru-bamenda\\\/#primaryimage\"},\"image\":{\"@id\":\"https:\\\/\\\/www.itakaescolapios.org\\\/pt\\\/2023\\\/06\\\/english-celebration-of-calasanz-and-glicerio-landriani-movement-day-with-children-and-volunteers-in-futru-bamenda\\\/#primaryimage\"},\"thumbnailUrl\":\"https:\\\/\\\/www.itakaescolapios.org\\\/wp-content\\\/uploads\\\/2023\\\/06\\\/WhatsApp-Image-2023-06-07-at-10.05.01-1.jpeg\",\"datePublished\":\"2023-06-07T11:51:04+00:00\",\"dateModified\":\"2023-11-28T11:35:32+00:00\",\"breadcrumb\":{\"@id\":\"https:\\\/\\\/www.itakaescolapios.org\\\/pt\\\/2023\\\/06\\\/english-celebration-of-calasanz-and-glicerio-landriani-movement-day-with-children-and-volunteers-in-futru-bamenda\\\/#breadcrumb\"},\"inLanguage\":\"pt-BR\",\"potentialAction\":[{\"@type\":\"ReadAction\",\"target\":[\"https:\\\/\\\/www.itakaescolapios.org\\\/pt\\\/2023\\\/06\\\/english-celebration-of-calasanz-and-glicerio-landriani-movement-day-with-children-and-volunteers-in-futru-bamenda\\\/\"]}]},{\"@type\":\"ImageObject\",\"inLanguage\":\"pt-BR\",\"@id\":\"https:\\\/\\\/www.itakaescolapios.org\\\/pt\\\/2023\\\/06\\\/english-celebration-of-calasanz-and-glicerio-landriani-movement-day-with-children-and-volunteers-in-futru-bamenda\\\/#primaryimage\",\"url\":\"https:\\\/\\\/www.itakaescolapios.org\\\/wp-content\\\/uploads\\\/2023\\\/06\\\/WhatsApp-Image-2023-06-07-at-10.05.01-1.jpeg\",\"contentUrl\":\"https:\\\/\\\/www.itakaescolapios.org\\\/wp-content\\\/uploads\\\/2023\\\/06\\\/WhatsApp-Image-2023-06-07-at-10.05.01-1.jpeg\",\"width\":1008,\"height\":756},{\"@type\":\"BreadcrumbList\",\"@id\":\"https:\\\/\\\/www.itakaescolapios.org\\\/pt\\\/2023\\\/06\\\/english-celebration-of-calasanz-and-glicerio-landriani-movement-day-with-children-and-volunteers-in-futru-bamenda\\\/#breadcrumb\",\"itemListElement\":[{\"@type\":\"ListItem\",\"position\":1,\"name\":\"Itaka-Escolapios\",\"item\":\"https:\\\/\\\/www.itakaescolapios.org\\\/es\\\/\"},{\"@type\":\"ListItem\",\"position\":2,\"name\":\"Celebraci\u00f3n del d\u00eda del movimiento Calasanz y Glicerio Landriani con ni\u00f1os y voluntarios, en Futru-Bamenda\"}]},{\"@type\":\"WebSite\",\"@id\":\"https:\\\/\\\/www.itakaescolapios.org\\\/pt\\\/es\\\/#website\",\"url\":\"https:\\\/\\\/www.itakaescolapios.org\\\/pt\\\/es\\\/\",\"name\":\"Itaka-Escolapios\",\"description\":\"Red de Itaka-Escolapios\",\"publisher\":{\"@id\":\"https:\\\/\\\/www.itakaescolapios.org\\\/pt\\\/es\\\/#organization\"},\"potentialAction\":[{\"@type\":\"SearchAction\",\"target\":{\"@type\":\"EntryPoint\",\"urlTemplate\":\"https:\\\/\\\/www.itakaescolapios.org\\\/pt\\\/es\\\/?s={search_term_string}\"},\"query-input\":{\"@type\":\"PropertyValueSpecification\",\"valueRequired\":true,\"valueName\":\"search_term_string\"}}],\"inLanguage\":\"pt-BR\"},{\"@type\":\"Organization\",\"@id\":\"https:\\\/\\\/www.itakaescolapios.org\\\/pt\\\/es\\\/#organization\",\"name\":\"Fundaci\u00f3 Itaka-Escolapios\",\"url\":\"https:\\\/\\\/www.itakaescolapios.org\\\/pt\\\/es\\\/\",\"logo\":{\"@type\":\"ImageObject\",\"inLanguage\":\"pt-BR\",\"@id\":\"https:\\\/\\\/www.itakaescolapios.org\\\/pt\\\/es\\\/#\\\/schema\\\/logo\\\/image\\\/\",\"url\":\"https:\\\/\\\/www.itakaescolapios.org\\\/wp-content\\\/uploads\\\/2024\\\/04\\\/Logo-itakaescolapios-peque.png\",\"contentUrl\":\"https:\\\/\\\/www.itakaescolapios.org\\\/wp-content\\\/uploads\\\/2024\\\/04\\\/Logo-itakaescolapios-peque.png\",\"width\":500,\"height\":199,\"caption\":\"Fundaci\u00f3 Itaka-Escolapios\"},\"image\":{\"@id\":\"https:\\\/\\\/www.itakaescolapios.org\\\/pt\\\/es\\\/#\\\/schema\\\/logo\\\/image\\\/\"}},{\"@type\":\"Person\",\"@id\":\"https:\\\/\\\/www.itakaescolapios.org\\\/es\\\/#\\\/schema\\\/person\\\/d2844383e29bfdfef69039672ce14eb1\",\"name\":\"cameroun01\",\"url\":\"https:\\\/\\\/www.itakaescolapios.org\\\/pt\\\/author\\\/cameroun01\\\/\"}]}<\/script>\n<!-- \/ Yoast SEO plugin. -->","yoast_head_json":{"title":"Celebraci\u00f3n del d\u00eda del movimiento Calasanz y Glicerio Landriani con ni\u00f1os y voluntarios, en Futru-Bamenda","description":"El pasado domingo 04 de junio de 2023 tuvo lugar en Futru-Bamenda (Noroeste de Camer\u00fan), la celebraci\u00f3n del d\u00eda del movimiento Calasanz con los monitores y los voluntarios escolapios. En el programa ten\u00edamos de antemano la misa, la presentaci\u00f3n sobre la vida de Glicerio Landriani y luego los juegos de mesa. Fue un bonito momento&hellip;","robots":{"index":"index","follow":"follow","max-snippet":"max-snippet:-1","max-image-preview":"max-image-preview:large","max-video-preview":"max-video-preview:-1"},"canonical":"El pasado domingo 04 de junio de 2023 tuvo lugar en Futru-Bamenda (Noroeste de Camer\u00fan), la celebraci\u00f3n del d\u00eda del movimiento Calasanz con los monitores y los voluntarios escolapios. En el programa ten\u00edamos de antemano la misa, la presentaci\u00f3n sobre la vida de Glicerio Landriani y luego los juegos de mesa. Fue un bonito momento&hellip;","og_locale":"pt_BR","og_type":"article","og_title":"Celebraci\u00f3n del d\u00eda del movimiento Calasanz y Glicerio Landriani con ni\u00f1os y voluntarios, en Futru-Bamenda","og_description":"El pasado domingo 04 de junio de 2023 tuvo lugar en Futru-Bamenda (Noroeste de Camer\u00fan), la celebraci\u00f3n del d\u00eda del movimiento Calasanz con los monitores y los voluntarios escolapios. En el programa ten\u00edamos de antemano la misa, la presentaci\u00f3n sobre la vida de Glicerio Landriani y luego los juegos de mesa. Fue un bonito momento&hellip;","og_url":"https:\/\/www.itakaescolapios.org\/pt\/2023\/06\/english-celebration-of-calasanz-and-glicerio-landriani-movement-day-with-children-and-volunteers-in-futru-bamenda\/","og_site_name":"Itaka-Escolapios","article_published_time":"2023-06-07T11:51:04+00:00","article_modified_time":"2023-11-28T11:35:32+00:00","og_image":[{"width":1008,"height":756,"url":"https:\/\/www.itakaescolapios.org\/wp-content\/uploads\/2023\/06\/WhatsApp-Image-2023-06-07-at-10.05.01-1.jpeg","type":"image\/jpeg"}],"author":"cameroun01","twitter_card":"summary_large_image","twitter_misc":{"Escrito por":"cameroun01"},"schema":{"@context":"https:\/\/schema.org","@graph":[{"@type":"Article","@id":"https:\/\/www.itakaescolapios.org\/pt\/2023\/06\/english-celebration-of-calasanz-and-glicerio-landriani-movement-day-with-children-and-volunteers-in-futru-bamenda\/#article","isPartOf":{"@id":"https:\/\/www.itakaescolapios.org\/pt\/2023\/06\/english-celebration-of-calasanz-and-glicerio-landriani-movement-day-with-children-and-volunteers-in-futru-bamenda\/"},"author":{"name":"cameroun01","@id":"https:\/\/www.itakaescolapios.org\/es\/#\/schema\/person\/d2844383e29bfdfef69039672ce14eb1"},"headline":"Celebraci\u00f3n del d\u00eda del movimiento Calasanz y Glicerio Landriani con ni\u00f1os y voluntarios, en Futru-Bamenda","datePublished":"2023-06-07T11:51:04+00:00","dateModified":"2023-11-28T11:35:32+00:00","mainEntityOfPage":{"@id":"https:\/\/www.itakaescolapios.org\/pt\/2023\/06\/english-celebration-of-calasanz-and-glicerio-landriani-movement-day-with-children-and-volunteers-in-futru-bamenda\/"},"wordCount":91,"publisher":{"@id":"https:\/\/www.itakaescolapios.org\/es\/#organization"},"image":{"@id":"https:\/\/www.itakaescolapios.org\/pt\/2023\/06\/english-celebration-of-calasanz-and-glicerio-landriani-movement-day-with-children-and-volunteers-in-futru-bamenda\/#primaryimage"},"thumbnailUrl":"https:\/\/www.itakaescolapios.org\/wp-content\/uploads\/2023\/06\/WhatsApp-Image-2023-06-07-at-10.05.01-1.jpeg","articleSection":["\u00c1frica Central","Camar\u00f5es"],"inLanguage":"pt-BR"},{"@type":"WebPage","@id":"https:\/\/www.itakaescolapios.org\/pt\/2023\/06\/english-celebration-of-calasanz-and-glicerio-landriani-movement-day-with-children-and-volunteers-in-futru-bamenda\/","url":"https:\/\/www.itakaescolapios.org\/pt\/2023\/06\/english-celebration-of-calasanz-and-glicerio-landriani-movement-day-with-children-and-volunteers-in-futru-bamenda\/","name":"Celebraci\u00f3n del d\u00eda del movimiento Calasanz y Glicerio Landriani con ni\u00f1os y voluntarios, en Futru-Bamenda - Itaka-Escolapios","isPartOf":{"@id":"https:\/\/www.itakaescolapios.org\/es\/#website"},"primaryImageOfPage":{"@id":"https:\/\/www.itakaescolapios.org\/pt\/2023\/06\/english-celebration-of-calasanz-and-glicerio-landriani-movement-day-with-children-and-volunteers-in-futru-bamenda\/#primaryimage"},"image":{"@id":"https:\/\/www.itakaescolapios.org\/pt\/2023\/06\/english-celebration-of-calasanz-and-glicerio-landriani-movement-day-with-children-and-volunteers-in-futru-bamenda\/#primaryimage"},"thumbnailUrl":"https:\/\/www.itakaescolapios.org\/wp-content\/uploads\/2023\/06\/WhatsApp-Image-2023-06-07-at-10.05.01-1.jpeg","datePublished":"2023-06-07T11:51:04+00:00","dateModified":"2023-11-28T11:35:32+00:00","breadcrumb":{"@id":"https:\/\/www.itakaescolapios.org\/pt\/2023\/06\/english-celebration-of-calasanz-and-glicerio-landriani-movement-day-with-children-and-volunteers-in-futru-bamenda\/#breadcrumb"},"inLanguage":"pt-BR","potentialAction":[{"@type":"ReadAction","target":["https:\/\/www.itakaescolapios.org\/pt\/2023\/06\/english-celebration-of-calasanz-and-glicerio-landriani-movement-day-with-children-and-volunteers-in-futru-bamenda\/"]}]},{"@type":"ImageObject","inLanguage":"pt-BR","@id":"https:\/\/www.itakaescolapios.org\/pt\/2023\/06\/english-celebration-of-calasanz-and-glicerio-landriani-movement-day-with-children-and-volunteers-in-futru-bamenda\/#primaryimage","url":"https:\/\/www.itakaescolapios.org\/wp-content\/uploads\/2023\/06\/WhatsApp-Image-2023-06-07-at-10.05.01-1.jpeg","contentUrl":"https:\/\/www.itakaescolapios.org\/wp-content\/uploads\/2023\/06\/WhatsApp-Image-2023-06-07-at-10.05.01-1.jpeg","width":1008,"height":756},{"@type":"BreadcrumbList","@id":"https:\/\/www.itakaescolapios.org\/pt\/2023\/06\/english-celebration-of-calasanz-and-glicerio-landriani-movement-day-with-children-and-volunteers-in-futru-bamenda\/#breadcrumb","itemListElement":[{"@type":"ListItem","position":1,"name":"Itaka-Escolapios","item":"https:\/\/www.itakaescolapios.org\/es\/"},{"@type":"ListItem","position":2,"name":"Celebraci\u00f3n del d\u00eda del movimiento Calasanz y Glicerio Landriani con ni\u00f1os y voluntarios, en Futru-Bamenda"}]},{"@type":"WebSite","@id":"https:\/\/www.itakaescolapios.org\/pt\/es\/#website","url":"https:\/\/www.itakaescolapios.org\/pt\/es\/","name":"Itaka-Escolapios","description":"Red de Itaka-Escolapios","publisher":{"@id":"https:\/\/www.itakaescolapios.org\/pt\/es\/#organization"},"potentialAction":[{"@type":"SearchAction","target":{"@type":"EntryPoint","urlTemplate":"https:\/\/www.itakaescolapios.org\/pt\/es\/?s={search_term_string}"},"query-input":{"@type":"PropertyValueSpecification","valueRequired":true,"valueName":"search_term_string"}}],"inLanguage":"pt-BR"},{"@type":"Organization","@id":"https:\/\/www.itakaescolapios.org\/pt\/es\/#organization","name":"Fundaci\u00f3 Itaka-Escolapios","url":"https:\/\/www.itakaescolapios.org\/pt\/es\/","logo":{"@type":"ImageObject","inLanguage":"pt-BR","@id":"https:\/\/www.itakaescolapios.org\/pt\/es\/#\/schema\/logo\/image\/","url":"https:\/\/www.itakaescolapios.org\/wp-content\/uploads\/2024\/04\/Logo-itakaescolapios-peque.png","contentUrl":"https:\/\/www.itakaescolapios.org\/wp-content\/uploads\/2024\/04\/Logo-itakaescolapios-peque.png","width":500,"height":199,"caption":"Fundaci\u00f3 Itaka-Escolapios"},"image":{"@id":"https:\/\/www.itakaescolapios.org\/pt\/es\/#\/schema\/logo\/image\/"}},{"@type":"Person","@id":"https:\/\/www.itakaescolapios.org\/es\/#\/schema\/person\/d2844383e29bfdfef69039672ce14eb1","name":"cameroun01","url":"https:\/\/www.itakaescolapios.org\/pt\/author\/cameroun01\/"}]}},"_links":{"self":[{"href":"https:\/\/www.itakaescolapios.org\/pt\/wp-json\/wp\/v2\/posts\/42537","targetHints":{"allow":["GET"]}}],"collection":[{"href":"https:\/\/www.itakaescolapios.org\/pt\/wp-json\/wp\/v2\/posts"}],"about":[{"href":"https:\/\/www.itakaescolapios.org\/pt\/wp-json\/wp\/v2\/types\/post"}],"author":[{"embeddable":true,"href":"https:\/\/www.itakaescolapios.org\/pt\/wp-json\/wp\/v2\/users\/15"}],"replies":[{"embeddable":true,"href":"https:\/\/www.itakaescolapios.org\/pt\/wp-json\/wp\/v2\/comments?post=42537"}],"version-history":[{"count":5,"href":"https:\/\/www.itakaescolapios.org\/pt\/wp-json\/wp\/v2\/posts\/42537\/revisions"}],"predecessor-version":[{"id":43584,"href":"https:\/\/www.itakaescolapios.org\/pt\/wp-json\/wp\/v2\/posts\/42537\/revisions\/43584"}],"wp:featuredmedia":[{"embeddable":true,"href":"https:\/\/www.itakaescolapios.org\/pt\/wp-json\/wp\/v2\/media\/42539"}],"wp:attachment":[{"href":"https:\/\/www.itakaescolapios.org\/pt\/wp-json\/wp\/v2\/media?parent=42537"}],"wp:term":[{"taxonomy":"category","embeddable":true,"href":"https:\/\/www.itakaescolapios.org\/pt\/wp-json\/wp\/v2\/categories?post=42537"},{"taxonomy":"post_tag","embeddable":true,"href":"https:\/\/www.itakaescolapios.org\/pt\/wp-json\/wp\/v2\/tags?post=42537"}],"curies":[{"name":"wp","href":"https:\/\/api.w.org\/{rel}","templated":true}]}}