{"id":4324,"date":"2012-11-12T15:12:30","date_gmt":"2012-11-12T14:12:30","guid":{"rendered":"https:\/\/www.itakaescolapios.org\/?p=4324"},"modified":"2023-11-28T12:39:34","modified_gmt":"2023-11-28T11:39:34","slug":"bandjoun-reunion-de-la-asociacion-de-los-parientes-de-alumnos-ape-del-colegio-tecnico-calasanz-ctc","status":"publish","type":"post","link":"https:\/\/www.itakaescolapios.org\/pt\/2012\/11\/bandjoun-reunion-de-la-asociacion-de-los-parientes-de-alumnos-ape-del-colegio-tecnico-calasanz-ctc\/","title":{"rendered":"Bandjoun- Reuni\u00f3n de la AMPA (APE) del Colegio T\u00e9cnico Calasanz (CTC)."},"content":{"rendered":"<p style=\"text-align: justify\"><strong><span style=\"color: #0000ff\">El pasado 13 de octubre tuvo lugar la primera Asamblea General de la AMPA por cuenta del curso escolar 2012-13.<\/span><\/strong><\/p>\n<p>Adem\u00e1s de la presentaci\u00f3n a los padres y madres del informe de las actividades actuales y futuras del CTC por parte de la direcci\u00f3n, dos puntos mayores constituyeron el orden del d\u00eda de este encuentro:<\/p>\n<ul>\n<li><em>Una interesante charla sobre las causas de los fracasos escolares<\/em>: animada por el escolapio P. Stephen Njah (responsable del programa de orientaci\u00f3n escolar y familiar, y del Centro Socioeducativo Calasanz de Bamendjou), suscit\u00f3 mucho inter\u00e9s por parte de los participantes (padres\/madres y profesores).<\/li>\n<li><span style=\"text-align: justify\"><em>La renovaci\u00f3n del Consejo de la AMPA<\/em>: se eligieron por medio de votos los miembros del Consejo que est\u00e1 encarga de coordinar las actividades de este \u00f3rgano que desempe\u00f1a un papel central en el funcionamiento del CTC particularmente como interlocutor de la administraci\u00f3n del CTC.<\/span><\/li>\n<\/ul>\n<p><!--more--><\/p>\n","protected":false},"excerpt":{"rendered":"<p>El pasado 13 de octubre tuvo lugar la primera Asamblea General de la AMPA por cuenta del curso escolar 2012-13. Adem\u00e1s de la presentaci\u00f3n a los padres y madres del [&hellip;]<\/p>\n","protected":false},"author":16,"featured_media":4325,"comment_status":"closed","ping_status":"closed","sticky":false,"template":"","format":"standard","meta":{"_et_pb_use_builder":"","_et_pb_old_content":"","_et_gb_content_width":"","footnotes":""},"categories":[10],"tags":[],"class_list":["post-4324","post","type-post","status-publish","format-standard","has-post-thumbnail","hentry","category-camerun"],"yoast_head":"<!-- This site is optimized with the Yoast SEO plugin v27.4 - https:\/\/yoast.com\/product\/yoast-seo-wordpress\/ -->\n<title>Bandjoun- Reuni\u00f3n de la AMPA (APE) del Colegio T\u00e9cnico Calasanz (CTC).<\/title>\n<meta name=\"description\" content=\"El pasado 13 de octubre tuvo lugar la primera Asamblea General de la AMPA por cuenta del curso escolar 2012-13. Adem\u00e1s de la presentaci\u00f3n a los padres y madres del informe de las actividades actuales y futuras del CTC por parte de la direcci\u00f3n, dos puntos mayores constituyeron el orden del d\u00eda de este encuentro:&hellip;\" \/>\n<meta name=\"robots\" content=\"index, follow, max-snippet:-1, max-image-preview:large, max-video-preview:-1\" \/>\n<link rel=\"canonical\" href=\"\" \/>\n<meta property=\"og:locale\" content=\"pt_BR\" \/>\n<meta property=\"og:type\" content=\"article\" \/>\n<meta property=\"og:title\" content=\"Bandjoun- Reuni\u00f3n de la AMPA (APE) del Colegio T\u00e9cnico Calasanz (CTC).\" \/>\n<meta property=\"og:description\" content=\"El pasado 13 de octubre tuvo lugar la primera Asamblea General de la AMPA por cuenta del curso escolar 2012-13. Adem\u00e1s de la presentaci\u00f3n a los padres y madres del informe de las actividades actuales y futuras del CTC por parte de la direcci\u00f3n, dos puntos mayores constituyeron el orden del d\u00eda de este encuentro:&hellip;\" \/>\n<meta property=\"og:url\" content=\"https:\/\/www.itakaescolapios.org\/pt\/2012\/11\/bandjoun-reunion-de-la-asociacion-de-los-parientes-de-alumnos-ape-del-colegio-tecnico-calasanz-ctc\/\" \/>\n<meta property=\"og:site_name\" content=\"Itaka-Escolapios\" \/>\n<meta property=\"article:published_time\" content=\"2012-11-12T14:12:30+00:00\" \/>\n<meta property=\"article:modified_time\" content=\"2023-11-28T11:39:34+00:00\" \/>\n<meta property=\"og:image\" content=\"https:\/\/www.itakaescolapios.org\/wp-content\/uploads\/2012\/11\/IMG_0166.jpg\" \/>\n\t<meta property=\"og:image:width\" content=\"314\" \/>\n\t<meta property=\"og:image:height\" content=\"209\" \/>\n\t<meta property=\"og:image:type\" content=\"image\/jpeg\" \/>\n<meta name=\"author\" content=\"cameroun02\" \/>\n<meta name=\"twitter:card\" content=\"summary_large_image\" \/>\n<meta name=\"twitter:label1\" content=\"Escrito por\" \/>\n\t<meta name=\"twitter:data1\" content=\"cameroun02\" \/>\n\t<meta name=\"twitter:label2\" content=\"Est. tempo de leitura\" \/>\n\t<meta name=\"twitter:data2\" content=\"1 minuto\" \/>\n<script type=\"application\/ld+json\" class=\"yoast-schema-graph\">{\"@context\":\"https:\\\/\\\/schema.org\",\"@graph\":[{\"@type\":\"Article\",\"@id\":\"https:\\\/\\\/www.itakaescolapios.org\\\/pt\\\/2012\\\/11\\\/bandjoun-reunion-de-la-asociacion-de-los-parientes-de-alumnos-ape-del-colegio-tecnico-calasanz-ctc\\\/#article\",\"isPartOf\":{\"@id\":\"https:\\\/\\\/www.itakaescolapios.org\\\/pt\\\/2012\\\/11\\\/bandjoun-reunion-de-la-asociacion-de-los-parientes-de-alumnos-ape-del-colegio-tecnico-calasanz-ctc\\\/\"},\"author\":{\"name\":\"cameroun02\",\"@id\":\"https:\\\/\\\/www.itakaescolapios.org\\\/es\\\/#\\\/schema\\\/person\\\/9274f8b80c7385b5aae18a7831c4a9c5\"},\"headline\":\"Bandjoun- Reuni\u00f3n de la AMPA (APE) del Colegio T\u00e9cnico Calasanz (CTC).\",\"datePublished\":\"2012-11-12T14:12:30+00:00\",\"dateModified\":\"2023-11-28T11:39:34+00:00\",\"mainEntityOfPage\":{\"@id\":\"https:\\\/\\\/www.itakaescolapios.org\\\/pt\\\/2012\\\/11\\\/bandjoun-reunion-de-la-asociacion-de-los-parientes-de-alumnos-ape-del-colegio-tecnico-calasanz-ctc\\\/\"},\"wordCount\":165,\"publisher\":{\"@id\":\"https:\\\/\\\/www.itakaescolapios.org\\\/es\\\/#organization\"},\"image\":{\"@id\":\"https:\\\/\\\/www.itakaescolapios.org\\\/pt\\\/2012\\\/11\\\/bandjoun-reunion-de-la-asociacion-de-los-parientes-de-alumnos-ape-del-colegio-tecnico-calasanz-ctc\\\/#primaryimage\"},\"thumbnailUrl\":\"https:\\\/\\\/www.itakaescolapios.org\\\/wp-content\\\/uploads\\\/2012\\\/11\\\/IMG_0166.jpg\",\"articleSection\":[\"Camar\u00f5es\"],\"inLanguage\":\"pt-BR\"},{\"@type\":\"WebPage\",\"@id\":\"https:\\\/\\\/www.itakaescolapios.org\\\/pt\\\/2012\\\/11\\\/bandjoun-reunion-de-la-asociacion-de-los-parientes-de-alumnos-ape-del-colegio-tecnico-calasanz-ctc\\\/\",\"url\":\"https:\\\/\\\/www.itakaescolapios.org\\\/pt\\\/2012\\\/11\\\/bandjoun-reunion-de-la-asociacion-de-los-parientes-de-alumnos-ape-del-colegio-tecnico-calasanz-ctc\\\/\",\"name\":\"Bandjoun- Reuni\u00f3n de la AMPA (APE) del Colegio T\u00e9cnico Calasanz (CTC). - Itaka-Escolapios\",\"isPartOf\":{\"@id\":\"https:\\\/\\\/www.itakaescolapios.org\\\/es\\\/#website\"},\"primaryImageOfPage\":{\"@id\":\"https:\\\/\\\/www.itakaescolapios.org\\\/pt\\\/2012\\\/11\\\/bandjoun-reunion-de-la-asociacion-de-los-parientes-de-alumnos-ape-del-colegio-tecnico-calasanz-ctc\\\/#primaryimage\"},\"image\":{\"@id\":\"https:\\\/\\\/www.itakaescolapios.org\\\/pt\\\/2012\\\/11\\\/bandjoun-reunion-de-la-asociacion-de-los-parientes-de-alumnos-ape-del-colegio-tecnico-calasanz-ctc\\\/#primaryimage\"},\"thumbnailUrl\":\"https:\\\/\\\/www.itakaescolapios.org\\\/wp-content\\\/uploads\\\/2012\\\/11\\\/IMG_0166.jpg\",\"datePublished\":\"2012-11-12T14:12:30+00:00\",\"dateModified\":\"2023-11-28T11:39:34+00:00\",\"breadcrumb\":{\"@id\":\"https:\\\/\\\/www.itakaescolapios.org\\\/pt\\\/2012\\\/11\\\/bandjoun-reunion-de-la-asociacion-de-los-parientes-de-alumnos-ape-del-colegio-tecnico-calasanz-ctc\\\/#breadcrumb\"},\"inLanguage\":\"pt-BR\",\"potentialAction\":[{\"@type\":\"ReadAction\",\"target\":[\"https:\\\/\\\/www.itakaescolapios.org\\\/pt\\\/2012\\\/11\\\/bandjoun-reunion-de-la-asociacion-de-los-parientes-de-alumnos-ape-del-colegio-tecnico-calasanz-ctc\\\/\"]}]},{\"@type\":\"ImageObject\",\"inLanguage\":\"pt-BR\",\"@id\":\"https:\\\/\\\/www.itakaescolapios.org\\\/pt\\\/2012\\\/11\\\/bandjoun-reunion-de-la-asociacion-de-los-parientes-de-alumnos-ape-del-colegio-tecnico-calasanz-ctc\\\/#primaryimage\",\"url\":\"https:\\\/\\\/www.itakaescolapios.org\\\/wp-content\\\/uploads\\\/2012\\\/11\\\/IMG_0166.jpg\",\"contentUrl\":\"https:\\\/\\\/www.itakaescolapios.org\\\/wp-content\\\/uploads\\\/2012\\\/11\\\/IMG_0166.jpg\",\"width\":\"314\",\"height\":\"209\",\"caption\":\"Asamblea General de la AMPA del CTC de Bandjoun\"},{\"@type\":\"BreadcrumbList\",\"@id\":\"https:\\\/\\\/www.itakaescolapios.org\\\/pt\\\/2012\\\/11\\\/bandjoun-reunion-de-la-asociacion-de-los-parientes-de-alumnos-ape-del-colegio-tecnico-calasanz-ctc\\\/#breadcrumb\",\"itemListElement\":[{\"@type\":\"ListItem\",\"position\":1,\"name\":\"Itaka-Escolapios\",\"item\":\"https:\\\/\\\/www.itakaescolapios.org\\\/es\\\/\"},{\"@type\":\"ListItem\",\"position\":2,\"name\":\"Bandjoun- Reuni\u00f3n de la AMPA (APE) del Colegio T\u00e9cnico Calasanz (CTC).\"}]},{\"@type\":\"WebSite\",\"@id\":\"https:\\\/\\\/www.itakaescolapios.org\\\/pt\\\/es\\\/#website\",\"url\":\"https:\\\/\\\/www.itakaescolapios.org\\\/pt\\\/es\\\/\",\"name\":\"Itaka-Escolapios\",\"description\":\"Red de Itaka-Escolapios\",\"publisher\":{\"@id\":\"https:\\\/\\\/www.itakaescolapios.org\\\/pt\\\/es\\\/#organization\"},\"potentialAction\":[{\"@type\":\"SearchAction\",\"target\":{\"@type\":\"EntryPoint\",\"urlTemplate\":\"https:\\\/\\\/www.itakaescolapios.org\\\/pt\\\/es\\\/?s={search_term_string}\"},\"query-input\":{\"@type\":\"PropertyValueSpecification\",\"valueRequired\":true,\"valueName\":\"search_term_string\"}}],\"inLanguage\":\"pt-BR\"},{\"@type\":\"Organization\",\"@id\":\"https:\\\/\\\/www.itakaescolapios.org\\\/pt\\\/es\\\/#organization\",\"name\":\"Fundaci\u00f3 Itaka-Escolapios\",\"url\":\"https:\\\/\\\/www.itakaescolapios.org\\\/pt\\\/es\\\/\",\"logo\":{\"@type\":\"ImageObject\",\"inLanguage\":\"pt-BR\",\"@id\":\"https:\\\/\\\/www.itakaescolapios.org\\\/pt\\\/es\\\/#\\\/schema\\\/logo\\\/image\\\/\",\"url\":\"https:\\\/\\\/www.itakaescolapios.org\\\/wp-content\\\/uploads\\\/2024\\\/04\\\/Logo-itakaescolapios-peque.png\",\"contentUrl\":\"https:\\\/\\\/www.itakaescolapios.org\\\/wp-content\\\/uploads\\\/2024\\\/04\\\/Logo-itakaescolapios-peque.png\",\"width\":500,\"height\":199,\"caption\":\"Fundaci\u00f3 Itaka-Escolapios\"},\"image\":{\"@id\":\"https:\\\/\\\/www.itakaescolapios.org\\\/pt\\\/es\\\/#\\\/schema\\\/logo\\\/image\\\/\"}},{\"@type\":\"Person\",\"@id\":\"https:\\\/\\\/www.itakaescolapios.org\\\/es\\\/#\\\/schema\\\/person\\\/9274f8b80c7385b5aae18a7831c4a9c5\",\"name\":\"cameroun02\",\"url\":\"https:\\\/\\\/www.itakaescolapios.org\\\/pt\\\/author\\\/cameroun02\\\/\"}]}<\/script>\n<!-- \/ Yoast SEO plugin. -->","yoast_head_json":{"title":"Bandjoun- Reuni\u00f3n de la AMPA (APE) del Colegio T\u00e9cnico Calasanz (CTC).","description":"El pasado 13 de octubre tuvo lugar la primera Asamblea General de la AMPA por cuenta del curso escolar 2012-13. Adem\u00e1s de la presentaci\u00f3n a los padres y madres del informe de las actividades actuales y futuras del CTC por parte de la direcci\u00f3n, dos puntos mayores constituyeron el orden del d\u00eda de este encuentro:&hellip;","robots":{"index":"index","follow":"follow","max-snippet":"max-snippet:-1","max-image-preview":"max-image-preview:large","max-video-preview":"max-video-preview:-1"},"canonical":"El pasado 13 de octubre tuvo lugar la primera Asamblea General de la AMPA por cuenta del curso escolar 2012-13. Adem\u00e1s de la presentaci\u00f3n a los padres y madres del informe de las actividades actuales y futuras del CTC por parte de la direcci\u00f3n, dos puntos mayores constituyeron el orden del d\u00eda de este encuentro:&hellip;","og_locale":"pt_BR","og_type":"article","og_title":"Bandjoun- Reuni\u00f3n de la AMPA (APE) del Colegio T\u00e9cnico Calasanz (CTC).","og_description":"El pasado 13 de octubre tuvo lugar la primera Asamblea General de la AMPA por cuenta del curso escolar 2012-13. Adem\u00e1s de la presentaci\u00f3n a los padres y madres del informe de las actividades actuales y futuras del CTC por parte de la direcci\u00f3n, dos puntos mayores constituyeron el orden del d\u00eda de este encuentro:&hellip;","og_url":"https:\/\/www.itakaescolapios.org\/pt\/2012\/11\/bandjoun-reunion-de-la-asociacion-de-los-parientes-de-alumnos-ape-del-colegio-tecnico-calasanz-ctc\/","og_site_name":"Itaka-Escolapios","article_published_time":"2012-11-12T14:12:30+00:00","article_modified_time":"2023-11-28T11:39:34+00:00","og_image":[{"width":314,"height":209,"url":"https:\/\/www.itakaescolapios.org\/wp-content\/uploads\/2012\/11\/IMG_0166.jpg","type":"image\/jpeg"}],"author":"cameroun02","twitter_card":"summary_large_image","twitter_misc":{"Escrito por":"cameroun02","Est. tempo de leitura":"1 minuto"},"schema":{"@context":"https:\/\/schema.org","@graph":[{"@type":"Article","@id":"https:\/\/www.itakaescolapios.org\/pt\/2012\/11\/bandjoun-reunion-de-la-asociacion-de-los-parientes-de-alumnos-ape-del-colegio-tecnico-calasanz-ctc\/#article","isPartOf":{"@id":"https:\/\/www.itakaescolapios.org\/pt\/2012\/11\/bandjoun-reunion-de-la-asociacion-de-los-parientes-de-alumnos-ape-del-colegio-tecnico-calasanz-ctc\/"},"author":{"name":"cameroun02","@id":"https:\/\/www.itakaescolapios.org\/es\/#\/schema\/person\/9274f8b80c7385b5aae18a7831c4a9c5"},"headline":"Bandjoun- Reuni\u00f3n de la AMPA (APE) del Colegio T\u00e9cnico Calasanz (CTC).","datePublished":"2012-11-12T14:12:30+00:00","dateModified":"2023-11-28T11:39:34+00:00","mainEntityOfPage":{"@id":"https:\/\/www.itakaescolapios.org\/pt\/2012\/11\/bandjoun-reunion-de-la-asociacion-de-los-parientes-de-alumnos-ape-del-colegio-tecnico-calasanz-ctc\/"},"wordCount":165,"publisher":{"@id":"https:\/\/www.itakaescolapios.org\/es\/#organization"},"image":{"@id":"https:\/\/www.itakaescolapios.org\/pt\/2012\/11\/bandjoun-reunion-de-la-asociacion-de-los-parientes-de-alumnos-ape-del-colegio-tecnico-calasanz-ctc\/#primaryimage"},"thumbnailUrl":"https:\/\/www.itakaescolapios.org\/wp-content\/uploads\/2012\/11\/IMG_0166.jpg","articleSection":["Camar\u00f5es"],"inLanguage":"pt-BR"},{"@type":"WebPage","@id":"https:\/\/www.itakaescolapios.org\/pt\/2012\/11\/bandjoun-reunion-de-la-asociacion-de-los-parientes-de-alumnos-ape-del-colegio-tecnico-calasanz-ctc\/","url":"https:\/\/www.itakaescolapios.org\/pt\/2012\/11\/bandjoun-reunion-de-la-asociacion-de-los-parientes-de-alumnos-ape-del-colegio-tecnico-calasanz-ctc\/","name":"Bandjoun- Reuni\u00f3n de la AMPA (APE) del Colegio T\u00e9cnico Calasanz (CTC). - Itaka-Escolapios","isPartOf":{"@id":"https:\/\/www.itakaescolapios.org\/es\/#website"},"primaryImageOfPage":{"@id":"https:\/\/www.itakaescolapios.org\/pt\/2012\/11\/bandjoun-reunion-de-la-asociacion-de-los-parientes-de-alumnos-ape-del-colegio-tecnico-calasanz-ctc\/#primaryimage"},"image":{"@id":"https:\/\/www.itakaescolapios.org\/pt\/2012\/11\/bandjoun-reunion-de-la-asociacion-de-los-parientes-de-alumnos-ape-del-colegio-tecnico-calasanz-ctc\/#primaryimage"},"thumbnailUrl":"https:\/\/www.itakaescolapios.org\/wp-content\/uploads\/2012\/11\/IMG_0166.jpg","datePublished":"2012-11-12T14:12:30+00:00","dateModified":"2023-11-28T11:39:34+00:00","breadcrumb":{"@id":"https:\/\/www.itakaescolapios.org\/pt\/2012\/11\/bandjoun-reunion-de-la-asociacion-de-los-parientes-de-alumnos-ape-del-colegio-tecnico-calasanz-ctc\/#breadcrumb"},"inLanguage":"pt-BR","potentialAction":[{"@type":"ReadAction","target":["https:\/\/www.itakaescolapios.org\/pt\/2012\/11\/bandjoun-reunion-de-la-asociacion-de-los-parientes-de-alumnos-ape-del-colegio-tecnico-calasanz-ctc\/"]}]},{"@type":"ImageObject","inLanguage":"pt-BR","@id":"https:\/\/www.itakaescolapios.org\/pt\/2012\/11\/bandjoun-reunion-de-la-asociacion-de-los-parientes-de-alumnos-ape-del-colegio-tecnico-calasanz-ctc\/#primaryimage","url":"https:\/\/www.itakaescolapios.org\/wp-content\/uploads\/2012\/11\/IMG_0166.jpg","contentUrl":"https:\/\/www.itakaescolapios.org\/wp-content\/uploads\/2012\/11\/IMG_0166.jpg","width":"314","height":"209","caption":"Asamblea General de la AMPA del CTC de Bandjoun"},{"@type":"BreadcrumbList","@id":"https:\/\/www.itakaescolapios.org\/pt\/2012\/11\/bandjoun-reunion-de-la-asociacion-de-los-parientes-de-alumnos-ape-del-colegio-tecnico-calasanz-ctc\/#breadcrumb","itemListElement":[{"@type":"ListItem","position":1,"name":"Itaka-Escolapios","item":"https:\/\/www.itakaescolapios.org\/es\/"},{"@type":"ListItem","position":2,"name":"Bandjoun- Reuni\u00f3n de la AMPA (APE) del Colegio T\u00e9cnico Calasanz (CTC)."}]},{"@type":"WebSite","@id":"https:\/\/www.itakaescolapios.org\/pt\/es\/#website","url":"https:\/\/www.itakaescolapios.org\/pt\/es\/","name":"Itaka-Escolapios","description":"Red de Itaka-Escolapios","publisher":{"@id":"https:\/\/www.itakaescolapios.org\/pt\/es\/#organization"},"potentialAction":[{"@type":"SearchAction","target":{"@type":"EntryPoint","urlTemplate":"https:\/\/www.itakaescolapios.org\/pt\/es\/?s={search_term_string}"},"query-input":{"@type":"PropertyValueSpecification","valueRequired":true,"valueName":"search_term_string"}}],"inLanguage":"pt-BR"},{"@type":"Organization","@id":"https:\/\/www.itakaescolapios.org\/pt\/es\/#organization","name":"Fundaci\u00f3 Itaka-Escolapios","url":"https:\/\/www.itakaescolapios.org\/pt\/es\/","logo":{"@type":"ImageObject","inLanguage":"pt-BR","@id":"https:\/\/www.itakaescolapios.org\/pt\/es\/#\/schema\/logo\/image\/","url":"https:\/\/www.itakaescolapios.org\/wp-content\/uploads\/2024\/04\/Logo-itakaescolapios-peque.png","contentUrl":"https:\/\/www.itakaescolapios.org\/wp-content\/uploads\/2024\/04\/Logo-itakaescolapios-peque.png","width":500,"height":199,"caption":"Fundaci\u00f3 Itaka-Escolapios"},"image":{"@id":"https:\/\/www.itakaescolapios.org\/pt\/es\/#\/schema\/logo\/image\/"}},{"@type":"Person","@id":"https:\/\/www.itakaescolapios.org\/es\/#\/schema\/person\/9274f8b80c7385b5aae18a7831c4a9c5","name":"cameroun02","url":"https:\/\/www.itakaescolapios.org\/pt\/author\/cameroun02\/"}]}},"_links":{"self":[{"href":"https:\/\/www.itakaescolapios.org\/pt\/wp-json\/wp\/v2\/posts\/4324","targetHints":{"allow":["GET"]}}],"collection":[{"href":"https:\/\/www.itakaescolapios.org\/pt\/wp-json\/wp\/v2\/posts"}],"about":[{"href":"https:\/\/www.itakaescolapios.org\/pt\/wp-json\/wp\/v2\/types\/post"}],"author":[{"embeddable":true,"href":"https:\/\/www.itakaescolapios.org\/pt\/wp-json\/wp\/v2\/users\/16"}],"replies":[{"embeddable":true,"href":"https:\/\/www.itakaescolapios.org\/pt\/wp-json\/wp\/v2\/comments?post=4324"}],"version-history":[{"count":4,"href":"https:\/\/www.itakaescolapios.org\/pt\/wp-json\/wp\/v2\/posts\/4324\/revisions"}],"predecessor-version":[{"id":49908,"href":"https:\/\/www.itakaescolapios.org\/pt\/wp-json\/wp\/v2\/posts\/4324\/revisions\/49908"}],"wp:featuredmedia":[{"embeddable":true,"href":"https:\/\/www.itakaescolapios.org\/pt\/wp-json\/wp\/v2\/media\/4325"}],"wp:attachment":[{"href":"https:\/\/www.itakaescolapios.org\/pt\/wp-json\/wp\/v2\/media?parent=4324"}],"wp:term":[{"taxonomy":"category","embeddable":true,"href":"https:\/\/www.itakaescolapios.org\/pt\/wp-json\/wp\/v2\/categories?post=4324"},{"taxonomy":"post_tag","embeddable":true,"href":"https:\/\/www.itakaescolapios.org\/pt\/wp-json\/wp\/v2\/tags?post=4324"}],"curies":[{"name":"wp","href":"https:\/\/api.w.org\/{rel}","templated":true}]}}