{"id":6172,"date":"2013-03-14T09:34:20","date_gmt":"2013-03-14T08:34:20","guid":{"rendered":"https:\/\/www.itakaescolapios.org\/?p=6172"},"modified":"2023-11-28T12:39:26","modified_gmt":"2023-11-28T11:39:26","slug":"encuentro-de-agentes-de-pastoral","status":"publish","type":"post","link":"https:\/\/www.itakaescolapios.org\/pt\/2013\/03\/encuentro-de-agentes-de-pastoral\/","title":{"rendered":"Encuentro de agentes de pastoral"},"content":{"rendered":"<p>El 8 de marzo tuvo lugar en el colegio Cristo Rey de Zaragoza un encuentro de ministros de pastoral de la nueva Provincia Ema\u00fas para dar un buen repaso a nuestra acci\u00f3n educativa y evangelizadora.<\/p>\n<p>El s\u00e1bado, 9 de marzo, continu\u00f3 con nuevos asistentes que se sumaron a este momento desde las distintas presencias de Arag\u00f3n, Vasconia y Andaluc\u00eda para conocer la marcha del Movimiento Calasanz, reflexionar con los datos de la encuesta pasada a los colegios en diciembre de este curso y para apuntar algunas l\u00edneas de futuro en nuestra acci\u00f3n pastoral.<\/p>\n<p>Un grato momento de encuentro y de avance en nuestra labor escolapia.<!--more--><\/p>\n","protected":false},"excerpt":{"rendered":"<p>El 8 de marzo tuvo lugar en el colegio Cristo Rey de Zaragoza un encuentro de ministros de pastoral de la nueva Provincia Ema\u00fas para dar un buen repaso a [&hellip;]<\/p>\n","protected":false},"author":4,"featured_media":6173,"comment_status":"closed","ping_status":"closed","sticky":false,"template":"","format":"standard","meta":{"_et_pb_use_builder":"","_et_pb_old_content":"","_et_gb_content_width":"","footnotes":""},"categories":[9,18,11,30,21,23,13],"tags":[],"class_list":["post-6172","post","type-post","status-publish","format-standard","has-post-thumbnail","hentry","category-bilbao","category-cordoba","category-granada","category-itaka-escolapios","category-sevilla","category-tafalla","category-vitoria"],"yoast_head":"<!-- This site is optimized with the Yoast SEO plugin v27.4 - https:\/\/yoast.com\/product\/yoast-seo-wordpress\/ -->\n<title>Encuentro de agentes de pastoral<\/title>\n<meta name=\"description\" content=\"El 8 de marzo tuvo lugar en el colegio Cristo Rey de Zaragoza un encuentro de ministros de pastoral de la nueva Provincia Ema\u00fas para dar un buen repaso a nuestra acci\u00f3n educativa y evangelizadora. El s\u00e1bado, 9 de marzo, continu\u00f3 con nuevos asistentes que se sumaron a este momento desde las distintas presencias de&hellip;\" \/>\n<meta name=\"robots\" content=\"index, follow, max-snippet:-1, max-image-preview:large, max-video-preview:-1\" \/>\n<link rel=\"canonical\" href=\"http:\/\/El%208%20de%20marzo%20tuvo%20lugar%20en%20el%20colegio%20Cristo%20Rey%20de%20Zaragoza%20un%20encuentro%20de%20ministros%20de%20pastoral%20de%20la%20nueva%20Provincia%20Ema\u00fas%20para%20dar%20un%20buen%20repaso%20a%20nuestra%20acci\u00f3n%20educativa%20y%20evangelizadora.%20El%20s\u00e1bado,%209%20de%20marzo,%20continu\u00f3%20con%20nuevos%20asistentes%20que%20se%20sumaron%20a%20este%20momento%20desde%20las%20distintas%20presencias%20de&hellip;\" \/>\n<meta property=\"og:locale\" content=\"pt_BR\" \/>\n<meta property=\"og:type\" content=\"article\" \/>\n<meta property=\"og:title\" content=\"Encuentro de agentes de pastoral\" \/>\n<meta property=\"og:description\" content=\"El 8 de marzo tuvo lugar en el colegio Cristo Rey de Zaragoza un encuentro de ministros de pastoral de la nueva Provincia Ema\u00fas para dar un buen repaso a nuestra acci\u00f3n educativa y evangelizadora. El s\u00e1bado, 9 de marzo, continu\u00f3 con nuevos asistentes que se sumaron a este momento desde las distintas presencias de&hellip;\" \/>\n<meta property=\"og:url\" content=\"https:\/\/www.itakaescolapios.org\/pt\/2013\/03\/encuentro-de-agentes-de-pastoral\/\" \/>\n<meta property=\"og:site_name\" content=\"Itaka-Escolapios\" \/>\n<meta property=\"article:published_time\" content=\"2013-03-14T08:34:20+00:00\" \/>\n<meta property=\"article:modified_time\" content=\"2023-11-28T11:39:26+00:00\" \/>\n<meta property=\"og:image\" content=\"https:\/\/www.itakaescolapios.org\/wp-content\/uploads\/2013\/03\/agentes-pastoral-130309.jpg\" \/>\n\t<meta property=\"og:image:width\" content=\"2000\" \/>\n\t<meta property=\"og:image:height\" content=\"431\" \/>\n\t<meta property=\"og:image:type\" content=\"image\/jpeg\" \/>\n<meta name=\"author\" content=\"itaka\" \/>\n<meta name=\"twitter:card\" content=\"summary_large_image\" \/>\n<meta name=\"twitter:label1\" content=\"Escrito por\" \/>\n\t<meta name=\"twitter:data1\" content=\"itaka\" \/>\n\t<meta name=\"twitter:label2\" content=\"Est. tempo de leitura\" \/>\n\t<meta name=\"twitter:data2\" content=\"1 minuto\" \/>\n<script type=\"application\/ld+json\" class=\"yoast-schema-graph\">{\"@context\":\"https:\\\/\\\/schema.org\",\"@graph\":[{\"@type\":\"Article\",\"@id\":\"https:\\\/\\\/www.itakaescolapios.org\\\/pt\\\/2013\\\/03\\\/encuentro-de-agentes-de-pastoral\\\/#article\",\"isPartOf\":{\"@id\":\"https:\\\/\\\/www.itakaescolapios.org\\\/pt\\\/2013\\\/03\\\/encuentro-de-agentes-de-pastoral\\\/\"},\"author\":{\"name\":\"itaka\",\"@id\":\"https:\\\/\\\/www.itakaescolapios.org\\\/es\\\/#\\\/schema\\\/person\\\/670123daeb1cc31cae1b106740036ccb\"},\"headline\":\"Encuentro de agentes de pastoral\",\"datePublished\":\"2013-03-14T08:34:20+00:00\",\"dateModified\":\"2023-11-28T11:39:26+00:00\",\"mainEntityOfPage\":{\"@id\":\"https:\\\/\\\/www.itakaescolapios.org\\\/pt\\\/2013\\\/03\\\/encuentro-de-agentes-de-pastoral\\\/\"},\"wordCount\":115,\"publisher\":{\"@id\":\"https:\\\/\\\/www.itakaescolapios.org\\\/es\\\/#organization\"},\"image\":{\"@id\":\"https:\\\/\\\/www.itakaescolapios.org\\\/pt\\\/2013\\\/03\\\/encuentro-de-agentes-de-pastoral\\\/#primaryimage\"},\"thumbnailUrl\":\"https:\\\/\\\/www.itakaescolapios.org\\\/wp-content\\\/uploads\\\/2013\\\/03\\\/agentes-pastoral-130309.jpg\",\"articleSection\":[\"Bilbao\",\"C\u00f3rdoba\",\"Granada\",\"Itaka Escolapios\",\"Sevilla\",\"Tafalla\",\"Vitoria-Gasteiz\"],\"inLanguage\":\"pt-BR\"},{\"@type\":\"WebPage\",\"@id\":\"https:\\\/\\\/www.itakaescolapios.org\\\/pt\\\/2013\\\/03\\\/encuentro-de-agentes-de-pastoral\\\/\",\"url\":\"https:\\\/\\\/www.itakaescolapios.org\\\/pt\\\/2013\\\/03\\\/encuentro-de-agentes-de-pastoral\\\/\",\"name\":\"Encuentro de agentes de pastoral - Itaka-Escolapios\",\"isPartOf\":{\"@id\":\"https:\\\/\\\/www.itakaescolapios.org\\\/es\\\/#website\"},\"primaryImageOfPage\":{\"@id\":\"https:\\\/\\\/www.itakaescolapios.org\\\/pt\\\/2013\\\/03\\\/encuentro-de-agentes-de-pastoral\\\/#primaryimage\"},\"image\":{\"@id\":\"https:\\\/\\\/www.itakaescolapios.org\\\/pt\\\/2013\\\/03\\\/encuentro-de-agentes-de-pastoral\\\/#primaryimage\"},\"thumbnailUrl\":\"https:\\\/\\\/www.itakaescolapios.org\\\/wp-content\\\/uploads\\\/2013\\\/03\\\/agentes-pastoral-130309.jpg\",\"datePublished\":\"2013-03-14T08:34:20+00:00\",\"dateModified\":\"2023-11-28T11:39:26+00:00\",\"breadcrumb\":{\"@id\":\"https:\\\/\\\/www.itakaescolapios.org\\\/pt\\\/2013\\\/03\\\/encuentro-de-agentes-de-pastoral\\\/#breadcrumb\"},\"inLanguage\":\"pt-BR\",\"potentialAction\":[{\"@type\":\"ReadAction\",\"target\":[\"https:\\\/\\\/www.itakaescolapios.org\\\/pt\\\/2013\\\/03\\\/encuentro-de-agentes-de-pastoral\\\/\"]}]},{\"@type\":\"ImageObject\",\"inLanguage\":\"pt-BR\",\"@id\":\"https:\\\/\\\/www.itakaescolapios.org\\\/pt\\\/2013\\\/03\\\/encuentro-de-agentes-de-pastoral\\\/#primaryimage\",\"url\":\"https:\\\/\\\/www.itakaescolapios.org\\\/wp-content\\\/uploads\\\/2013\\\/03\\\/agentes-pastoral-130309.jpg\",\"contentUrl\":\"https:\\\/\\\/www.itakaescolapios.org\\\/wp-content\\\/uploads\\\/2013\\\/03\\\/agentes-pastoral-130309.jpg\",\"width\":2000,\"height\":431},{\"@type\":\"BreadcrumbList\",\"@id\":\"https:\\\/\\\/www.itakaescolapios.org\\\/pt\\\/2013\\\/03\\\/encuentro-de-agentes-de-pastoral\\\/#breadcrumb\",\"itemListElement\":[{\"@type\":\"ListItem\",\"position\":1,\"name\":\"Itaka-Escolapios\",\"item\":\"https:\\\/\\\/www.itakaescolapios.org\\\/es\\\/\"},{\"@type\":\"ListItem\",\"position\":2,\"name\":\"Encuentro de agentes de pastoral\"}]},{\"@type\":\"WebSite\",\"@id\":\"https:\\\/\\\/www.itakaescolapios.org\\\/pt\\\/es\\\/#website\",\"url\":\"https:\\\/\\\/www.itakaescolapios.org\\\/pt\\\/es\\\/\",\"name\":\"Itaka-Escolapios\",\"description\":\"Red de Itaka-Escolapios\",\"publisher\":{\"@id\":\"https:\\\/\\\/www.itakaescolapios.org\\\/pt\\\/es\\\/#organization\"},\"potentialAction\":[{\"@type\":\"SearchAction\",\"target\":{\"@type\":\"EntryPoint\",\"urlTemplate\":\"https:\\\/\\\/www.itakaescolapios.org\\\/pt\\\/es\\\/?s={search_term_string}\"},\"query-input\":{\"@type\":\"PropertyValueSpecification\",\"valueRequired\":true,\"valueName\":\"search_term_string\"}}],\"inLanguage\":\"pt-BR\"},{\"@type\":\"Organization\",\"@id\":\"https:\\\/\\\/www.itakaescolapios.org\\\/pt\\\/es\\\/#organization\",\"name\":\"Fundaci\u00f3 Itaka-Escolapios\",\"url\":\"https:\\\/\\\/www.itakaescolapios.org\\\/pt\\\/es\\\/\",\"logo\":{\"@type\":\"ImageObject\",\"inLanguage\":\"pt-BR\",\"@id\":\"https:\\\/\\\/www.itakaescolapios.org\\\/pt\\\/es\\\/#\\\/schema\\\/logo\\\/image\\\/\",\"url\":\"https:\\\/\\\/www.itakaescolapios.org\\\/wp-content\\\/uploads\\\/2024\\\/04\\\/Logo-itakaescolapios-peque.png\",\"contentUrl\":\"https:\\\/\\\/www.itakaescolapios.org\\\/wp-content\\\/uploads\\\/2024\\\/04\\\/Logo-itakaescolapios-peque.png\",\"width\":500,\"height\":199,\"caption\":\"Fundaci\u00f3 Itaka-Escolapios\"},\"image\":{\"@id\":\"https:\\\/\\\/www.itakaescolapios.org\\\/pt\\\/es\\\/#\\\/schema\\\/logo\\\/image\\\/\"}},{\"@type\":\"Person\",\"@id\":\"https:\\\/\\\/www.itakaescolapios.org\\\/es\\\/#\\\/schema\\\/person\\\/670123daeb1cc31cae1b106740036ccb\",\"name\":\"itaka\",\"url\":\"https:\\\/\\\/www.itakaescolapios.org\\\/pt\\\/author\\\/itaka\\\/\"}]}<\/script>\n<!-- \/ Yoast SEO plugin. -->","yoast_head_json":{"title":"Encuentro de agentes de pastoral","description":"El 8 de marzo tuvo lugar en el colegio Cristo Rey de Zaragoza un encuentro de ministros de pastoral de la nueva Provincia Ema\u00fas para dar un buen repaso a nuestra acci\u00f3n educativa y evangelizadora. El s\u00e1bado, 9 de marzo, continu\u00f3 con nuevos asistentes que se sumaron a este momento desde las distintas presencias de&hellip;","robots":{"index":"index","follow":"follow","max-snippet":"max-snippet:-1","max-image-preview":"max-image-preview:large","max-video-preview":"max-video-preview:-1"},"canonical":"El 8 de marzo tuvo lugar en el colegio Cristo Rey de Zaragoza un encuentro de ministros de pastoral de la nueva Provincia Ema\u00fas para dar un buen repaso a nuestra acci\u00f3n educativa y evangelizadora. El s\u00e1bado, 9 de marzo, continu\u00f3 con nuevos asistentes que se sumaron a este momento desde las distintas presencias de&hellip;","og_locale":"pt_BR","og_type":"article","og_title":"Encuentro de agentes de pastoral","og_description":"El 8 de marzo tuvo lugar en el colegio Cristo Rey de Zaragoza un encuentro de ministros de pastoral de la nueva Provincia Ema\u00fas para dar un buen repaso a nuestra acci\u00f3n educativa y evangelizadora. El s\u00e1bado, 9 de marzo, continu\u00f3 con nuevos asistentes que se sumaron a este momento desde las distintas presencias de&hellip;","og_url":"https:\/\/www.itakaescolapios.org\/pt\/2013\/03\/encuentro-de-agentes-de-pastoral\/","og_site_name":"Itaka-Escolapios","article_published_time":"2013-03-14T08:34:20+00:00","article_modified_time":"2023-11-28T11:39:26+00:00","og_image":[{"width":2000,"height":431,"url":"https:\/\/www.itakaescolapios.org\/wp-content\/uploads\/2013\/03\/agentes-pastoral-130309.jpg","type":"image\/jpeg"}],"author":"itaka","twitter_card":"summary_large_image","twitter_misc":{"Escrito por":"itaka","Est. tempo de leitura":"1 minuto"},"schema":{"@context":"https:\/\/schema.org","@graph":[{"@type":"Article","@id":"https:\/\/www.itakaescolapios.org\/pt\/2013\/03\/encuentro-de-agentes-de-pastoral\/#article","isPartOf":{"@id":"https:\/\/www.itakaescolapios.org\/pt\/2013\/03\/encuentro-de-agentes-de-pastoral\/"},"author":{"name":"itaka","@id":"https:\/\/www.itakaescolapios.org\/es\/#\/schema\/person\/670123daeb1cc31cae1b106740036ccb"},"headline":"Encuentro de agentes de pastoral","datePublished":"2013-03-14T08:34:20+00:00","dateModified":"2023-11-28T11:39:26+00:00","mainEntityOfPage":{"@id":"https:\/\/www.itakaescolapios.org\/pt\/2013\/03\/encuentro-de-agentes-de-pastoral\/"},"wordCount":115,"publisher":{"@id":"https:\/\/www.itakaescolapios.org\/es\/#organization"},"image":{"@id":"https:\/\/www.itakaescolapios.org\/pt\/2013\/03\/encuentro-de-agentes-de-pastoral\/#primaryimage"},"thumbnailUrl":"https:\/\/www.itakaescolapios.org\/wp-content\/uploads\/2013\/03\/agentes-pastoral-130309.jpg","articleSection":["Bilbao","C\u00f3rdoba","Granada","Itaka Escolapios","Sevilla","Tafalla","Vitoria-Gasteiz"],"inLanguage":"pt-BR"},{"@type":"WebPage","@id":"https:\/\/www.itakaescolapios.org\/pt\/2013\/03\/encuentro-de-agentes-de-pastoral\/","url":"https:\/\/www.itakaescolapios.org\/pt\/2013\/03\/encuentro-de-agentes-de-pastoral\/","name":"Encuentro de agentes de pastoral - Itaka-Escolapios","isPartOf":{"@id":"https:\/\/www.itakaescolapios.org\/es\/#website"},"primaryImageOfPage":{"@id":"https:\/\/www.itakaescolapios.org\/pt\/2013\/03\/encuentro-de-agentes-de-pastoral\/#primaryimage"},"image":{"@id":"https:\/\/www.itakaescolapios.org\/pt\/2013\/03\/encuentro-de-agentes-de-pastoral\/#primaryimage"},"thumbnailUrl":"https:\/\/www.itakaescolapios.org\/wp-content\/uploads\/2013\/03\/agentes-pastoral-130309.jpg","datePublished":"2013-03-14T08:34:20+00:00","dateModified":"2023-11-28T11:39:26+00:00","breadcrumb":{"@id":"https:\/\/www.itakaescolapios.org\/pt\/2013\/03\/encuentro-de-agentes-de-pastoral\/#breadcrumb"},"inLanguage":"pt-BR","potentialAction":[{"@type":"ReadAction","target":["https:\/\/www.itakaescolapios.org\/pt\/2013\/03\/encuentro-de-agentes-de-pastoral\/"]}]},{"@type":"ImageObject","inLanguage":"pt-BR","@id":"https:\/\/www.itakaescolapios.org\/pt\/2013\/03\/encuentro-de-agentes-de-pastoral\/#primaryimage","url":"https:\/\/www.itakaescolapios.org\/wp-content\/uploads\/2013\/03\/agentes-pastoral-130309.jpg","contentUrl":"https:\/\/www.itakaescolapios.org\/wp-content\/uploads\/2013\/03\/agentes-pastoral-130309.jpg","width":2000,"height":431},{"@type":"BreadcrumbList","@id":"https:\/\/www.itakaescolapios.org\/pt\/2013\/03\/encuentro-de-agentes-de-pastoral\/#breadcrumb","itemListElement":[{"@type":"ListItem","position":1,"name":"Itaka-Escolapios","item":"https:\/\/www.itakaescolapios.org\/es\/"},{"@type":"ListItem","position":2,"name":"Encuentro de agentes de pastoral"}]},{"@type":"WebSite","@id":"https:\/\/www.itakaescolapios.org\/pt\/es\/#website","url":"https:\/\/www.itakaescolapios.org\/pt\/es\/","name":"Itaka-Escolapios","description":"Red de Itaka-Escolapios","publisher":{"@id":"https:\/\/www.itakaescolapios.org\/pt\/es\/#organization"},"potentialAction":[{"@type":"SearchAction","target":{"@type":"EntryPoint","urlTemplate":"https:\/\/www.itakaescolapios.org\/pt\/es\/?s={search_term_string}"},"query-input":{"@type":"PropertyValueSpecification","valueRequired":true,"valueName":"search_term_string"}}],"inLanguage":"pt-BR"},{"@type":"Organization","@id":"https:\/\/www.itakaescolapios.org\/pt\/es\/#organization","name":"Fundaci\u00f3 Itaka-Escolapios","url":"https:\/\/www.itakaescolapios.org\/pt\/es\/","logo":{"@type":"ImageObject","inLanguage":"pt-BR","@id":"https:\/\/www.itakaescolapios.org\/pt\/es\/#\/schema\/logo\/image\/","url":"https:\/\/www.itakaescolapios.org\/wp-content\/uploads\/2024\/04\/Logo-itakaescolapios-peque.png","contentUrl":"https:\/\/www.itakaescolapios.org\/wp-content\/uploads\/2024\/04\/Logo-itakaescolapios-peque.png","width":500,"height":199,"caption":"Fundaci\u00f3 Itaka-Escolapios"},"image":{"@id":"https:\/\/www.itakaescolapios.org\/pt\/es\/#\/schema\/logo\/image\/"}},{"@type":"Person","@id":"https:\/\/www.itakaescolapios.org\/es\/#\/schema\/person\/670123daeb1cc31cae1b106740036ccb","name":"itaka","url":"https:\/\/www.itakaescolapios.org\/pt\/author\/itaka\/"}]}},"_links":{"self":[{"href":"https:\/\/www.itakaescolapios.org\/pt\/wp-json\/wp\/v2\/posts\/6172","targetHints":{"allow":["GET"]}}],"collection":[{"href":"https:\/\/www.itakaescolapios.org\/pt\/wp-json\/wp\/v2\/posts"}],"about":[{"href":"https:\/\/www.itakaescolapios.org\/pt\/wp-json\/wp\/v2\/types\/post"}],"author":[{"embeddable":true,"href":"https:\/\/www.itakaescolapios.org\/pt\/wp-json\/wp\/v2\/users\/4"}],"replies":[{"embeddable":true,"href":"https:\/\/www.itakaescolapios.org\/pt\/wp-json\/wp\/v2\/comments?post=6172"}],"version-history":[{"count":6,"href":"https:\/\/www.itakaescolapios.org\/pt\/wp-json\/wp\/v2\/posts\/6172\/revisions"}],"predecessor-version":[{"id":49686,"href":"https:\/\/www.itakaescolapios.org\/pt\/wp-json\/wp\/v2\/posts\/6172\/revisions\/49686"}],"wp:featuredmedia":[{"embeddable":true,"href":"https:\/\/www.itakaescolapios.org\/pt\/wp-json\/wp\/v2\/media\/6173"}],"wp:attachment":[{"href":"https:\/\/www.itakaescolapios.org\/pt\/wp-json\/wp\/v2\/media?parent=6172"}],"wp:term":[{"taxonomy":"category","embeddable":true,"href":"https:\/\/www.itakaescolapios.org\/pt\/wp-json\/wp\/v2\/categories?post=6172"},{"taxonomy":"post_tag","embeddable":true,"href":"https:\/\/www.itakaescolapios.org\/pt\/wp-json\/wp\/v2\/tags?post=6172"}],"curies":[{"name":"wp","href":"https:\/\/api.w.org\/{rel}","templated":true}]}}