{"id":6344,"date":"2013-04-08T22:29:25","date_gmt":"2013-04-08T21:29:25","guid":{"rendered":"https:\/\/www.itakaescolapios.org\/?p=6344"},"modified":"2023-11-28T12:39:24","modified_gmt":"2023-11-28T11:39:24","slug":"encuentro-de-caminantes-ii-en-cordoba","status":"publish","type":"post","link":"https:\/\/www.itakaescolapios.org\/pt\/2013\/04\/encuentro-de-caminantes-ii-en-cordoba\/","title":{"rendered":"ENCUENTRO DE CAMINANTES II EN C\u00d3RDOBA"},"content":{"rendered":"<p>El pasado fin de semana tuvo lugar el ENCUENTRO DE CAMINANTES II en el Colegio RREE P\u00edas de la Inmaculada Concepci\u00f3n de C\u00f3rdoba. Dos d\u00edas intensos en los que, nuestros caminantes de Sevilla, Granada y C\u00f3rdoba, junto a sus catequistas y voluntarios, y bajo el lema  &#8220;Buscando a Jes\u00fas&#8221; pudieron descubrir c\u00f3mo y donde pueden buscarlo y experimentarlo. Una experiencia que ha supuesto un avance importante en su CAMINO.<\/p>\n","protected":false},"excerpt":{"rendered":"<p>El pasado fin de semana tuvo lugar el ENCUENTRO DE CAMINANTES II en el Colegio RREE P\u00edas de la Inmaculada Concepci\u00f3n de C\u00f3rdoba. Dos d\u00edas intensos en los que, nuestros [&hellip;]<\/p>\n","protected":false},"author":23,"featured_media":6345,"comment_status":"closed","ping_status":"closed","sticky":false,"template":"","format":"standard","meta":{"_et_pb_use_builder":"","_et_pb_old_content":"","_et_gb_content_width":"","footnotes":""},"categories":[18],"tags":[],"class_list":["post-6344","post","type-post","status-publish","format-standard","has-post-thumbnail","hentry","category-cordoba"],"yoast_head":"<!-- This site is optimized with the Yoast SEO plugin v27.4 - https:\/\/yoast.com\/product\/yoast-seo-wordpress\/ -->\n<title>ENCUENTRO DE CAMINANTES II EN C\u00d3RDOBA<\/title>\n<meta name=\"description\" content=\"El pasado fin de semana tuvo lugar el ENCUENTRO DE CAMINANTES II en el Colegio RREE P\u00edas de la Inmaculada Concepci\u00f3n de C\u00f3rdoba. Dos d\u00edas intensos en los que, nuestros caminantes de Sevilla, Granada y C\u00f3rdoba, junto a sus catequistas y voluntarios, y bajo el lema &quot;Buscando a Jes\u00fas&quot; pudieron descubrir c\u00f3mo y donde pueden&hellip;\" \/>\n<meta name=\"robots\" content=\"index, follow, max-snippet:-1, max-image-preview:large, max-video-preview:-1\" \/>\n<link rel=\"canonical\" href=\"http:\/\/El%20pasado%20fin%20de%20semana%20tuvo%20lugar%20el%20ENCUENTRO%20DE%20CAMINANTES%20II%20en%20el%20Colegio%20RREE%20P\u00edas%20de%20la%20Inmaculada%20Concepci\u00f3n%20de%20C\u00f3rdoba.%20Dos%20d\u00edas%20intensos%20en%20los%20que,%20nuestros%20caminantes%20de%20Sevilla,%20Granada%20y%20C\u00f3rdoba,%20junto%20a%20sus%20catequistas%20y%20voluntarios,%20y%20bajo%20el%20lema%20Buscando%20a%20Jes\u00fas%20pudieron%20descubrir%20c\u00f3mo%20y%20donde%20pueden&hellip;\" \/>\n<meta property=\"og:locale\" content=\"pt_BR\" \/>\n<meta property=\"og:type\" content=\"article\" \/>\n<meta property=\"og:title\" content=\"ENCUENTRO DE CAMINANTES II EN C\u00d3RDOBA\" \/>\n<meta property=\"og:description\" content=\"El pasado fin de semana tuvo lugar el ENCUENTRO DE CAMINANTES II en el Colegio RREE P\u00edas de la Inmaculada Concepci\u00f3n de C\u00f3rdoba. Dos d\u00edas intensos en los que, nuestros caminantes de Sevilla, Granada y C\u00f3rdoba, junto a sus catequistas y voluntarios, y bajo el lema &quot;Buscando a Jes\u00fas&quot; pudieron descubrir c\u00f3mo y donde pueden&hellip;\" \/>\n<meta property=\"og:url\" content=\"https:\/\/www.itakaescolapios.org\/pt\/2013\/04\/encuentro-de-caminantes-ii-en-cordoba\/\" \/>\n<meta property=\"og:site_name\" content=\"Itaka-Escolapios\" \/>\n<meta property=\"article:published_time\" content=\"2013-04-08T21:29:25+00:00\" \/>\n<meta property=\"article:modified_time\" content=\"2023-11-28T11:39:24+00:00\" \/>\n<meta property=\"og:image\" content=\"https:\/\/www.itakaescolapios.org\/wp-content\/uploads\/2013\/04\/encuentro.jpg\" \/>\n\t<meta property=\"og:image:width\" content=\"2000\" \/>\n\t<meta property=\"og:image:height\" content=\"1500\" \/>\n\t<meta property=\"og:image:type\" content=\"image\/jpeg\" \/>\n<meta name=\"author\" content=\"cordoba01\" \/>\n<meta name=\"twitter:card\" content=\"summary_large_image\" \/>\n<meta name=\"twitter:label1\" content=\"Escrito por\" \/>\n\t<meta name=\"twitter:data1\" content=\"cordoba01\" \/>\n<script type=\"application\/ld+json\" class=\"yoast-schema-graph\">{\"@context\":\"https:\\\/\\\/schema.org\",\"@graph\":[{\"@type\":\"Article\",\"@id\":\"https:\\\/\\\/www.itakaescolapios.org\\\/pt\\\/2013\\\/04\\\/encuentro-de-caminantes-ii-en-cordoba\\\/#article\",\"isPartOf\":{\"@id\":\"https:\\\/\\\/www.itakaescolapios.org\\\/pt\\\/2013\\\/04\\\/encuentro-de-caminantes-ii-en-cordoba\\\/\"},\"author\":{\"name\":\"cordoba01\",\"@id\":\"https:\\\/\\\/www.itakaescolapios.org\\\/es\\\/#\\\/schema\\\/person\\\/2393782712fccfca7107fe982babfe79\"},\"headline\":\"ENCUENTRO DE CAMINANTES II EN C\u00d3RDOBA\",\"datePublished\":\"2013-04-08T21:29:25+00:00\",\"dateModified\":\"2023-11-28T11:39:24+00:00\",\"mainEntityOfPage\":{\"@id\":\"https:\\\/\\\/www.itakaescolapios.org\\\/pt\\\/2013\\\/04\\\/encuentro-de-caminantes-ii-en-cordoba\\\/\"},\"wordCount\":83,\"publisher\":{\"@id\":\"https:\\\/\\\/www.itakaescolapios.org\\\/es\\\/#organization\"},\"image\":{\"@id\":\"https:\\\/\\\/www.itakaescolapios.org\\\/pt\\\/2013\\\/04\\\/encuentro-de-caminantes-ii-en-cordoba\\\/#primaryimage\"},\"thumbnailUrl\":\"https:\\\/\\\/www.itakaescolapios.org\\\/wp-content\\\/uploads\\\/2013\\\/04\\\/encuentro.jpg\",\"articleSection\":[\"C\u00f3rdoba\"],\"inLanguage\":\"pt-BR\"},{\"@type\":\"WebPage\",\"@id\":\"https:\\\/\\\/www.itakaescolapios.org\\\/pt\\\/2013\\\/04\\\/encuentro-de-caminantes-ii-en-cordoba\\\/\",\"url\":\"https:\\\/\\\/www.itakaescolapios.org\\\/pt\\\/2013\\\/04\\\/encuentro-de-caminantes-ii-en-cordoba\\\/\",\"name\":\"ENCUENTRO DE CAMINANTES II EN C\u00d3RDOBA - Itaka-Escolapios\",\"isPartOf\":{\"@id\":\"https:\\\/\\\/www.itakaescolapios.org\\\/es\\\/#website\"},\"primaryImageOfPage\":{\"@id\":\"https:\\\/\\\/www.itakaescolapios.org\\\/pt\\\/2013\\\/04\\\/encuentro-de-caminantes-ii-en-cordoba\\\/#primaryimage\"},\"image\":{\"@id\":\"https:\\\/\\\/www.itakaescolapios.org\\\/pt\\\/2013\\\/04\\\/encuentro-de-caminantes-ii-en-cordoba\\\/#primaryimage\"},\"thumbnailUrl\":\"https:\\\/\\\/www.itakaescolapios.org\\\/wp-content\\\/uploads\\\/2013\\\/04\\\/encuentro.jpg\",\"datePublished\":\"2013-04-08T21:29:25+00:00\",\"dateModified\":\"2023-11-28T11:39:24+00:00\",\"breadcrumb\":{\"@id\":\"https:\\\/\\\/www.itakaescolapios.org\\\/pt\\\/2013\\\/04\\\/encuentro-de-caminantes-ii-en-cordoba\\\/#breadcrumb\"},\"inLanguage\":\"pt-BR\",\"potentialAction\":[{\"@type\":\"ReadAction\",\"target\":[\"https:\\\/\\\/www.itakaescolapios.org\\\/pt\\\/2013\\\/04\\\/encuentro-de-caminantes-ii-en-cordoba\\\/\"]}]},{\"@type\":\"ImageObject\",\"inLanguage\":\"pt-BR\",\"@id\":\"https:\\\/\\\/www.itakaescolapios.org\\\/pt\\\/2013\\\/04\\\/encuentro-de-caminantes-ii-en-cordoba\\\/#primaryimage\",\"url\":\"https:\\\/\\\/www.itakaescolapios.org\\\/wp-content\\\/uploads\\\/2013\\\/04\\\/encuentro.jpg\",\"contentUrl\":\"https:\\\/\\\/www.itakaescolapios.org\\\/wp-content\\\/uploads\\\/2013\\\/04\\\/encuentro.jpg\",\"width\":2000,\"height\":1500},{\"@type\":\"BreadcrumbList\",\"@id\":\"https:\\\/\\\/www.itakaescolapios.org\\\/pt\\\/2013\\\/04\\\/encuentro-de-caminantes-ii-en-cordoba\\\/#breadcrumb\",\"itemListElement\":[{\"@type\":\"ListItem\",\"position\":1,\"name\":\"Itaka-Escolapios\",\"item\":\"https:\\\/\\\/www.itakaescolapios.org\\\/es\\\/\"},{\"@type\":\"ListItem\",\"position\":2,\"name\":\"ENCUENTRO DE CAMINANTES II EN C\u00d3RDOBA\"}]},{\"@type\":\"WebSite\",\"@id\":\"https:\\\/\\\/www.itakaescolapios.org\\\/pt\\\/es\\\/#website\",\"url\":\"https:\\\/\\\/www.itakaescolapios.org\\\/pt\\\/es\\\/\",\"name\":\"Itaka-Escolapios\",\"description\":\"Red de Itaka-Escolapios\",\"publisher\":{\"@id\":\"https:\\\/\\\/www.itakaescolapios.org\\\/pt\\\/es\\\/#organization\"},\"potentialAction\":[{\"@type\":\"SearchAction\",\"target\":{\"@type\":\"EntryPoint\",\"urlTemplate\":\"https:\\\/\\\/www.itakaescolapios.org\\\/pt\\\/es\\\/?s={search_term_string}\"},\"query-input\":{\"@type\":\"PropertyValueSpecification\",\"valueRequired\":true,\"valueName\":\"search_term_string\"}}],\"inLanguage\":\"pt-BR\"},{\"@type\":\"Organization\",\"@id\":\"https:\\\/\\\/www.itakaescolapios.org\\\/pt\\\/es\\\/#organization\",\"name\":\"Fundaci\u00f3 Itaka-Escolapios\",\"url\":\"https:\\\/\\\/www.itakaescolapios.org\\\/pt\\\/es\\\/\",\"logo\":{\"@type\":\"ImageObject\",\"inLanguage\":\"pt-BR\",\"@id\":\"https:\\\/\\\/www.itakaescolapios.org\\\/pt\\\/es\\\/#\\\/schema\\\/logo\\\/image\\\/\",\"url\":\"https:\\\/\\\/www.itakaescolapios.org\\\/wp-content\\\/uploads\\\/2024\\\/04\\\/Logo-itakaescolapios-peque.png\",\"contentUrl\":\"https:\\\/\\\/www.itakaescolapios.org\\\/wp-content\\\/uploads\\\/2024\\\/04\\\/Logo-itakaescolapios-peque.png\",\"width\":500,\"height\":199,\"caption\":\"Fundaci\u00f3 Itaka-Escolapios\"},\"image\":{\"@id\":\"https:\\\/\\\/www.itakaescolapios.org\\\/pt\\\/es\\\/#\\\/schema\\\/logo\\\/image\\\/\"}},{\"@type\":\"Person\",\"@id\":\"https:\\\/\\\/www.itakaescolapios.org\\\/es\\\/#\\\/schema\\\/person\\\/2393782712fccfca7107fe982babfe79\",\"name\":\"cordoba01\",\"url\":\"https:\\\/\\\/www.itakaescolapios.org\\\/pt\\\/author\\\/cordoba01\\\/\"}]}<\/script>\n<!-- \/ Yoast SEO plugin. -->","yoast_head_json":{"title":"ENCUENTRO DE CAMINANTES II EN C\u00d3RDOBA","description":"El pasado fin de semana tuvo lugar el ENCUENTRO DE CAMINANTES II en el Colegio RREE P\u00edas de la Inmaculada Concepci\u00f3n de C\u00f3rdoba. Dos d\u00edas intensos en los que, nuestros caminantes de Sevilla, Granada y C\u00f3rdoba, junto a sus catequistas y voluntarios, y bajo el lema \"Buscando a Jes\u00fas\" pudieron descubrir c\u00f3mo y donde pueden&hellip;","robots":{"index":"index","follow":"follow","max-snippet":"max-snippet:-1","max-image-preview":"max-image-preview:large","max-video-preview":"max-video-preview:-1"},"canonical":"El pasado fin de semana tuvo lugar el ENCUENTRO DE CAMINANTES II en el Colegio RREE P\u00edas de la Inmaculada Concepci\u00f3n de C\u00f3rdoba. Dos d\u00edas intensos en los que, nuestros caminantes de Sevilla, Granada y C\u00f3rdoba, junto a sus catequistas y voluntarios, y bajo el lema \"Buscando a Jes\u00fas\" pudieron descubrir c\u00f3mo y donde pueden&hellip;","og_locale":"pt_BR","og_type":"article","og_title":"ENCUENTRO DE CAMINANTES II EN C\u00d3RDOBA","og_description":"El pasado fin de semana tuvo lugar el ENCUENTRO DE CAMINANTES II en el Colegio RREE P\u00edas de la Inmaculada Concepci\u00f3n de C\u00f3rdoba. Dos d\u00edas intensos en los que, nuestros caminantes de Sevilla, Granada y C\u00f3rdoba, junto a sus catequistas y voluntarios, y bajo el lema \"Buscando a Jes\u00fas\" pudieron descubrir c\u00f3mo y donde pueden&hellip;","og_url":"https:\/\/www.itakaescolapios.org\/pt\/2013\/04\/encuentro-de-caminantes-ii-en-cordoba\/","og_site_name":"Itaka-Escolapios","article_published_time":"2013-04-08T21:29:25+00:00","article_modified_time":"2023-11-28T11:39:24+00:00","og_image":[{"width":2000,"height":1500,"url":"https:\/\/www.itakaescolapios.org\/wp-content\/uploads\/2013\/04\/encuentro.jpg","type":"image\/jpeg"}],"author":"cordoba01","twitter_card":"summary_large_image","twitter_misc":{"Escrito por":"cordoba01"},"schema":{"@context":"https:\/\/schema.org","@graph":[{"@type":"Article","@id":"https:\/\/www.itakaescolapios.org\/pt\/2013\/04\/encuentro-de-caminantes-ii-en-cordoba\/#article","isPartOf":{"@id":"https:\/\/www.itakaescolapios.org\/pt\/2013\/04\/encuentro-de-caminantes-ii-en-cordoba\/"},"author":{"name":"cordoba01","@id":"https:\/\/www.itakaescolapios.org\/es\/#\/schema\/person\/2393782712fccfca7107fe982babfe79"},"headline":"ENCUENTRO DE CAMINANTES II EN C\u00d3RDOBA","datePublished":"2013-04-08T21:29:25+00:00","dateModified":"2023-11-28T11:39:24+00:00","mainEntityOfPage":{"@id":"https:\/\/www.itakaescolapios.org\/pt\/2013\/04\/encuentro-de-caminantes-ii-en-cordoba\/"},"wordCount":83,"publisher":{"@id":"https:\/\/www.itakaescolapios.org\/es\/#organization"},"image":{"@id":"https:\/\/www.itakaescolapios.org\/pt\/2013\/04\/encuentro-de-caminantes-ii-en-cordoba\/#primaryimage"},"thumbnailUrl":"https:\/\/www.itakaescolapios.org\/wp-content\/uploads\/2013\/04\/encuentro.jpg","articleSection":["C\u00f3rdoba"],"inLanguage":"pt-BR"},{"@type":"WebPage","@id":"https:\/\/www.itakaescolapios.org\/pt\/2013\/04\/encuentro-de-caminantes-ii-en-cordoba\/","url":"https:\/\/www.itakaescolapios.org\/pt\/2013\/04\/encuentro-de-caminantes-ii-en-cordoba\/","name":"ENCUENTRO DE CAMINANTES II EN C\u00d3RDOBA - Itaka-Escolapios","isPartOf":{"@id":"https:\/\/www.itakaescolapios.org\/es\/#website"},"primaryImageOfPage":{"@id":"https:\/\/www.itakaescolapios.org\/pt\/2013\/04\/encuentro-de-caminantes-ii-en-cordoba\/#primaryimage"},"image":{"@id":"https:\/\/www.itakaescolapios.org\/pt\/2013\/04\/encuentro-de-caminantes-ii-en-cordoba\/#primaryimage"},"thumbnailUrl":"https:\/\/www.itakaescolapios.org\/wp-content\/uploads\/2013\/04\/encuentro.jpg","datePublished":"2013-04-08T21:29:25+00:00","dateModified":"2023-11-28T11:39:24+00:00","breadcrumb":{"@id":"https:\/\/www.itakaescolapios.org\/pt\/2013\/04\/encuentro-de-caminantes-ii-en-cordoba\/#breadcrumb"},"inLanguage":"pt-BR","potentialAction":[{"@type":"ReadAction","target":["https:\/\/www.itakaescolapios.org\/pt\/2013\/04\/encuentro-de-caminantes-ii-en-cordoba\/"]}]},{"@type":"ImageObject","inLanguage":"pt-BR","@id":"https:\/\/www.itakaescolapios.org\/pt\/2013\/04\/encuentro-de-caminantes-ii-en-cordoba\/#primaryimage","url":"https:\/\/www.itakaescolapios.org\/wp-content\/uploads\/2013\/04\/encuentro.jpg","contentUrl":"https:\/\/www.itakaescolapios.org\/wp-content\/uploads\/2013\/04\/encuentro.jpg","width":2000,"height":1500},{"@type":"BreadcrumbList","@id":"https:\/\/www.itakaescolapios.org\/pt\/2013\/04\/encuentro-de-caminantes-ii-en-cordoba\/#breadcrumb","itemListElement":[{"@type":"ListItem","position":1,"name":"Itaka-Escolapios","item":"https:\/\/www.itakaescolapios.org\/es\/"},{"@type":"ListItem","position":2,"name":"ENCUENTRO DE CAMINANTES II EN C\u00d3RDOBA"}]},{"@type":"WebSite","@id":"https:\/\/www.itakaescolapios.org\/pt\/es\/#website","url":"https:\/\/www.itakaescolapios.org\/pt\/es\/","name":"Itaka-Escolapios","description":"Red de Itaka-Escolapios","publisher":{"@id":"https:\/\/www.itakaescolapios.org\/pt\/es\/#organization"},"potentialAction":[{"@type":"SearchAction","target":{"@type":"EntryPoint","urlTemplate":"https:\/\/www.itakaescolapios.org\/pt\/es\/?s={search_term_string}"},"query-input":{"@type":"PropertyValueSpecification","valueRequired":true,"valueName":"search_term_string"}}],"inLanguage":"pt-BR"},{"@type":"Organization","@id":"https:\/\/www.itakaescolapios.org\/pt\/es\/#organization","name":"Fundaci\u00f3 Itaka-Escolapios","url":"https:\/\/www.itakaescolapios.org\/pt\/es\/","logo":{"@type":"ImageObject","inLanguage":"pt-BR","@id":"https:\/\/www.itakaescolapios.org\/pt\/es\/#\/schema\/logo\/image\/","url":"https:\/\/www.itakaescolapios.org\/wp-content\/uploads\/2024\/04\/Logo-itakaescolapios-peque.png","contentUrl":"https:\/\/www.itakaescolapios.org\/wp-content\/uploads\/2024\/04\/Logo-itakaescolapios-peque.png","width":500,"height":199,"caption":"Fundaci\u00f3 Itaka-Escolapios"},"image":{"@id":"https:\/\/www.itakaescolapios.org\/pt\/es\/#\/schema\/logo\/image\/"}},{"@type":"Person","@id":"https:\/\/www.itakaescolapios.org\/es\/#\/schema\/person\/2393782712fccfca7107fe982babfe79","name":"cordoba01","url":"https:\/\/www.itakaescolapios.org\/pt\/author\/cordoba01\/"}]}},"_links":{"self":[{"href":"https:\/\/www.itakaescolapios.org\/pt\/wp-json\/wp\/v2\/posts\/6344","targetHints":{"allow":["GET"]}}],"collection":[{"href":"https:\/\/www.itakaescolapios.org\/pt\/wp-json\/wp\/v2\/posts"}],"about":[{"href":"https:\/\/www.itakaescolapios.org\/pt\/wp-json\/wp\/v2\/types\/post"}],"author":[{"embeddable":true,"href":"https:\/\/www.itakaescolapios.org\/pt\/wp-json\/wp\/v2\/users\/23"}],"replies":[{"embeddable":true,"href":"https:\/\/www.itakaescolapios.org\/pt\/wp-json\/wp\/v2\/comments?post=6344"}],"version-history":[{"count":4,"href":"https:\/\/www.itakaescolapios.org\/pt\/wp-json\/wp\/v2\/posts\/6344\/revisions"}],"predecessor-version":[{"id":49646,"href":"https:\/\/www.itakaescolapios.org\/pt\/wp-json\/wp\/v2\/posts\/6344\/revisions\/49646"}],"wp:featuredmedia":[{"embeddable":true,"href":"https:\/\/www.itakaescolapios.org\/pt\/wp-json\/wp\/v2\/media\/6345"}],"wp:attachment":[{"href":"https:\/\/www.itakaescolapios.org\/pt\/wp-json\/wp\/v2\/media?parent=6344"}],"wp:term":[{"taxonomy":"category","embeddable":true,"href":"https:\/\/www.itakaescolapios.org\/pt\/wp-json\/wp\/v2\/categories?post=6344"},{"taxonomy":"post_tag","embeddable":true,"href":"https:\/\/www.itakaescolapios.org\/pt\/wp-json\/wp\/v2\/tags?post=6344"}],"curies":[{"name":"wp","href":"https:\/\/api.w.org\/{rel}","templated":true}]}}