{"id":6571,"date":"2013-04-26T13:05:31","date_gmt":"2013-04-26T12:05:31","guid":{"rendered":"https:\/\/www.itakaescolapios.org\/?p=6571"},"modified":"2023-11-28T12:39:23","modified_gmt":"2023-11-28T11:39:23","slug":"celebramos-la-xvi-caminhada-en-pamplona-iruna","status":"publish","type":"post","link":"https:\/\/www.itakaescolapios.org\/pt\/2013\/04\/celebramos-la-xvi-caminhada-en-pamplona-iruna\/","title":{"rendered":"Celebramos la XVI Caminhada en Pamplona-Iru\u00f1a"},"content":{"rendered":"<div>\n<div>\n<p><strong>El s\u00e1bado 27 de abril, desde las 1O h y durante toda la ma\u00f1ana,<\/strong> celebramos en los dos coles escolapios (Calasanz y la Compasi\u00f3n) la <strong><span style=\"text-decoration: underline;\">XVI Caminhada<\/span><\/strong>, organizada por Fundaci\u00f3n Itaka-Escolapios<\/p>\n<p>Se trata de una fiesta solidaria que tiene el objetivo de sensibilizarnos sobre la situaci\u00f3n de injusticia y desigualdad de nuestro mundo y hacernos conscientes de todo el potencial que las personas tenemos para cambiar esta situaci\u00f3n. Este a\u00f1o el lema es <strong>&#8220;La educaci\u00f3n multiplica el futuro&#8221;<\/strong> y queremos reclamar el cumplimiento del segundo Objetivo del Milenio: la universalizaci\u00f3n de la educaci\u00f3n primaria. En consonancia con este reclamo, los fondos recogidos durante la fiesta ser\u00e1n enviados a las escuelas m\u00e1s necesitadas de Bolivia, India y Camer\u00fan.<\/p>\n<p>Estamos todos invitados.<\/p>\n<p>Los horarios son los siguientes:<\/p>\n<ul>\n<li>10 h, comienza la venta en los puestos de los patios.<\/li>\n<li>de 11 a 12 h aproximadamente, se hace un recorrido corto caminando, hasta el Puente de la Magdalena, donde nos encontraremos la gente que sale de ambos colegios.<\/li>\n<li>de 12 a 14 h aproximadamente, se regresa a los patios de los coles, donde estar\u00e1n de nuevo abiertos los puestos, bar, actuaciones, etc.<\/li>\n<\/ul>\n<p>Os dejamos el video de invitaci\u00f3n que hemos grabado: <a href=\"http:\/\/www.youtube.com\/watch?v=nUQDzjs6qQM\">www.youtube.com\/watch?v=nUQDzjs6qQM<\/a><\/p>\n<p>\u00a1Nos vemos!<\/p>\n<\/div>\n<\/div>\n<p><!--more--><\/p>\n","protected":false},"excerpt":{"rendered":"<p>El s\u00e1bado 27 de abril, desde las 1O h y durante toda la ma\u00f1ana, celebramos en los dos coles escolapios (Calasanz y la Compasi\u00f3n) la XVI Caminhada, organizada por Fundaci\u00f3n [&hellip;]<\/p>\n","protected":false},"author":29,"featured_media":6579,"comment_status":"closed","ping_status":"closed","sticky":false,"template":"","format":"standard","meta":{"_et_pb_use_builder":"","_et_pb_old_content":"","_et_gb_content_width":"","footnotes":""},"categories":[20],"tags":[],"class_list":["post-6571","post","type-post","status-publish","format-standard","has-post-thumbnail","hentry","category-pamplona-iruna"],"yoast_head":"<!-- This site is optimized with the Yoast SEO plugin v27.4 - https:\/\/yoast.com\/product\/yoast-seo-wordpress\/ -->\n<title>Celebramos la XVI Caminhada en Pamplona-Iru\u00f1a<\/title>\n<meta name=\"description\" content=\"El s\u00e1bado 27 de abril, desde las 1O h y durante toda la ma\u00f1ana, celebramos en los dos coles escolapios (Calasanz y la Compasi\u00f3n) la XVI Caminhada, organizada por Fundaci\u00f3n Itaka-Escolapios Se trata de una fiesta solidaria que tiene el objetivo de sensibilizarnos sobre la situaci\u00f3n de injusticia y desigualdad de nuestro mundo y hacernos&hellip;\" \/>\n<meta name=\"robots\" content=\"index, follow, max-snippet:-1, max-image-preview:large, max-video-preview:-1\" \/>\n<link rel=\"canonical\" href=\"http:\/\/El%20s\u00e1bado%2027%20de%20abril,%20desde%20las%201O%20h%20y%20durante%20toda%20la%20ma\u00f1ana,%20celebramos%20en%20los%20dos%20coles%20escolapios%20(Calasanz%20y%20la%20Compasi\u00f3n)%20la%20XVI%20Caminhada,%20organizada%20por%20Fundaci\u00f3n%20Itaka-Escolapios%20Se%20trata%20de%20una%20fiesta%20solidaria%20que%20tiene%20el%20objetivo%20de%20sensibilizarnos%20sobre%20la%20situaci\u00f3n%20de%20injusticia%20y%20desigualdad%20de%20nuestro%20mundo%20y%20hacernos&hellip;\" \/>\n<meta property=\"og:locale\" content=\"pt_BR\" \/>\n<meta property=\"og:type\" content=\"article\" \/>\n<meta property=\"og:title\" content=\"Celebramos la XVI Caminhada en Pamplona-Iru\u00f1a\" \/>\n<meta property=\"og:description\" content=\"El s\u00e1bado 27 de abril, desde las 1O h y durante toda la ma\u00f1ana, celebramos en los dos coles escolapios (Calasanz y la Compasi\u00f3n) la XVI Caminhada, organizada por Fundaci\u00f3n Itaka-Escolapios Se trata de una fiesta solidaria que tiene el objetivo de sensibilizarnos sobre la situaci\u00f3n de injusticia y desigualdad de nuestro mundo y hacernos&hellip;\" \/>\n<meta property=\"og:url\" content=\"https:\/\/www.itakaescolapios.org\/pt\/2013\/04\/celebramos-la-xvi-caminhada-en-pamplona-iruna\/\" \/>\n<meta property=\"og:site_name\" content=\"Itaka-Escolapios\" \/>\n<meta property=\"article:published_time\" content=\"2013-04-26T12:05:31+00:00\" \/>\n<meta property=\"article:modified_time\" content=\"2023-11-28T11:39:23+00:00\" \/>\n<meta property=\"og:image\" content=\"https:\/\/www.itakaescolapios.org\/wp-content\/uploads\/2013\/04\/Caminhada.png\" \/>\n\t<meta property=\"og:image:width\" content=\"948\" \/>\n\t<meta property=\"og:image:height\" content=\"503\" \/>\n\t<meta property=\"og:image:type\" content=\"image\/png\" \/>\n<meta name=\"author\" content=\"pamplona01\" \/>\n<meta name=\"twitter:card\" content=\"summary_large_image\" \/>\n<meta name=\"twitter:label1\" content=\"Escrito por\" \/>\n\t<meta name=\"twitter:data1\" content=\"pamplona01\" \/>\n\t<meta name=\"twitter:label2\" content=\"Est. tempo de leitura\" \/>\n\t<meta name=\"twitter:data2\" content=\"1 minuto\" \/>\n<script type=\"application\/ld+json\" class=\"yoast-schema-graph\">{\"@context\":\"https:\\\/\\\/schema.org\",\"@graph\":[{\"@type\":\"Article\",\"@id\":\"https:\\\/\\\/www.itakaescolapios.org\\\/pt\\\/2013\\\/04\\\/celebramos-la-xvi-caminhada-en-pamplona-iruna\\\/#article\",\"isPartOf\":{\"@id\":\"https:\\\/\\\/www.itakaescolapios.org\\\/pt\\\/2013\\\/04\\\/celebramos-la-xvi-caminhada-en-pamplona-iruna\\\/\"},\"author\":{\"name\":\"pamplona01\",\"@id\":\"https:\\\/\\\/www.itakaescolapios.org\\\/es\\\/#\\\/schema\\\/person\\\/a44de70f9a43a90c3e0f59aaaffd61f3\"},\"headline\":\"Celebramos la XVI Caminhada en Pamplona-Iru\u00f1a\",\"datePublished\":\"2013-04-26T12:05:31+00:00\",\"dateModified\":\"2023-11-28T11:39:23+00:00\",\"mainEntityOfPage\":{\"@id\":\"https:\\\/\\\/www.itakaescolapios.org\\\/pt\\\/2013\\\/04\\\/celebramos-la-xvi-caminhada-en-pamplona-iruna\\\/\"},\"wordCount\":222,\"publisher\":{\"@id\":\"https:\\\/\\\/www.itakaescolapios.org\\\/es\\\/#organization\"},\"image\":{\"@id\":\"https:\\\/\\\/www.itakaescolapios.org\\\/pt\\\/2013\\\/04\\\/celebramos-la-xvi-caminhada-en-pamplona-iruna\\\/#primaryimage\"},\"thumbnailUrl\":\"https:\\\/\\\/www.itakaescolapios.org\\\/wp-content\\\/uploads\\\/2013\\\/04\\\/Caminhada.png\",\"articleSection\":[\"Pamplona-Iru\u00f1a\"],\"inLanguage\":\"pt-BR\"},{\"@type\":\"WebPage\",\"@id\":\"https:\\\/\\\/www.itakaescolapios.org\\\/pt\\\/2013\\\/04\\\/celebramos-la-xvi-caminhada-en-pamplona-iruna\\\/\",\"url\":\"https:\\\/\\\/www.itakaescolapios.org\\\/pt\\\/2013\\\/04\\\/celebramos-la-xvi-caminhada-en-pamplona-iruna\\\/\",\"name\":\"Celebramos la XVI Caminhada en Pamplona-Iru\u00f1a - Itaka-Escolapios\",\"isPartOf\":{\"@id\":\"https:\\\/\\\/www.itakaescolapios.org\\\/es\\\/#website\"},\"primaryImageOfPage\":{\"@id\":\"https:\\\/\\\/www.itakaescolapios.org\\\/pt\\\/2013\\\/04\\\/celebramos-la-xvi-caminhada-en-pamplona-iruna\\\/#primaryimage\"},\"image\":{\"@id\":\"https:\\\/\\\/www.itakaescolapios.org\\\/pt\\\/2013\\\/04\\\/celebramos-la-xvi-caminhada-en-pamplona-iruna\\\/#primaryimage\"},\"thumbnailUrl\":\"https:\\\/\\\/www.itakaescolapios.org\\\/wp-content\\\/uploads\\\/2013\\\/04\\\/Caminhada.png\",\"datePublished\":\"2013-04-26T12:05:31+00:00\",\"dateModified\":\"2023-11-28T11:39:23+00:00\",\"breadcrumb\":{\"@id\":\"https:\\\/\\\/www.itakaescolapios.org\\\/pt\\\/2013\\\/04\\\/celebramos-la-xvi-caminhada-en-pamplona-iruna\\\/#breadcrumb\"},\"inLanguage\":\"pt-BR\",\"potentialAction\":[{\"@type\":\"ReadAction\",\"target\":[\"https:\\\/\\\/www.itakaescolapios.org\\\/pt\\\/2013\\\/04\\\/celebramos-la-xvi-caminhada-en-pamplona-iruna\\\/\"]}]},{\"@type\":\"ImageObject\",\"inLanguage\":\"pt-BR\",\"@id\":\"https:\\\/\\\/www.itakaescolapios.org\\\/pt\\\/2013\\\/04\\\/celebramos-la-xvi-caminhada-en-pamplona-iruna\\\/#primaryimage\",\"url\":\"https:\\\/\\\/www.itakaescolapios.org\\\/wp-content\\\/uploads\\\/2013\\\/04\\\/Caminhada.png\",\"contentUrl\":\"https:\\\/\\\/www.itakaescolapios.org\\\/wp-content\\\/uploads\\\/2013\\\/04\\\/Caminhada.png\",\"width\":\"948\",\"height\":\"503\"},{\"@type\":\"BreadcrumbList\",\"@id\":\"https:\\\/\\\/www.itakaescolapios.org\\\/pt\\\/2013\\\/04\\\/celebramos-la-xvi-caminhada-en-pamplona-iruna\\\/#breadcrumb\",\"itemListElement\":[{\"@type\":\"ListItem\",\"position\":1,\"name\":\"Itaka-Escolapios\",\"item\":\"https:\\\/\\\/www.itakaescolapios.org\\\/es\\\/\"},{\"@type\":\"ListItem\",\"position\":2,\"name\":\"Celebramos la XVI Caminhada en Pamplona-Iru\u00f1a\"}]},{\"@type\":\"WebSite\",\"@id\":\"https:\\\/\\\/www.itakaescolapios.org\\\/pt\\\/es\\\/#website\",\"url\":\"https:\\\/\\\/www.itakaescolapios.org\\\/pt\\\/es\\\/\",\"name\":\"Itaka-Escolapios\",\"description\":\"Red de Itaka-Escolapios\",\"publisher\":{\"@id\":\"https:\\\/\\\/www.itakaescolapios.org\\\/pt\\\/es\\\/#organization\"},\"potentialAction\":[{\"@type\":\"SearchAction\",\"target\":{\"@type\":\"EntryPoint\",\"urlTemplate\":\"https:\\\/\\\/www.itakaescolapios.org\\\/pt\\\/es\\\/?s={search_term_string}\"},\"query-input\":{\"@type\":\"PropertyValueSpecification\",\"valueRequired\":true,\"valueName\":\"search_term_string\"}}],\"inLanguage\":\"pt-BR\"},{\"@type\":\"Organization\",\"@id\":\"https:\\\/\\\/www.itakaescolapios.org\\\/pt\\\/es\\\/#organization\",\"name\":\"Fundaci\u00f3 Itaka-Escolapios\",\"url\":\"https:\\\/\\\/www.itakaescolapios.org\\\/pt\\\/es\\\/\",\"logo\":{\"@type\":\"ImageObject\",\"inLanguage\":\"pt-BR\",\"@id\":\"https:\\\/\\\/www.itakaescolapios.org\\\/pt\\\/es\\\/#\\\/schema\\\/logo\\\/image\\\/\",\"url\":\"https:\\\/\\\/www.itakaescolapios.org\\\/wp-content\\\/uploads\\\/2024\\\/04\\\/Logo-itakaescolapios-peque.png\",\"contentUrl\":\"https:\\\/\\\/www.itakaescolapios.org\\\/wp-content\\\/uploads\\\/2024\\\/04\\\/Logo-itakaescolapios-peque.png\",\"width\":500,\"height\":199,\"caption\":\"Fundaci\u00f3 Itaka-Escolapios\"},\"image\":{\"@id\":\"https:\\\/\\\/www.itakaescolapios.org\\\/pt\\\/es\\\/#\\\/schema\\\/logo\\\/image\\\/\"}},{\"@type\":\"Person\",\"@id\":\"https:\\\/\\\/www.itakaescolapios.org\\\/es\\\/#\\\/schema\\\/person\\\/a44de70f9a43a90c3e0f59aaaffd61f3\",\"name\":\"pamplona01\",\"url\":\"https:\\\/\\\/www.itakaescolapios.org\\\/pt\\\/author\\\/pamplona01\\\/\"}]}<\/script>\n<!-- \/ Yoast SEO plugin. -->","yoast_head_json":{"title":"Celebramos la XVI Caminhada en Pamplona-Iru\u00f1a","description":"El s\u00e1bado 27 de abril, desde las 1O h y durante toda la ma\u00f1ana, celebramos en los dos coles escolapios (Calasanz y la Compasi\u00f3n) la XVI Caminhada, organizada por Fundaci\u00f3n Itaka-Escolapios Se trata de una fiesta solidaria que tiene el objetivo de sensibilizarnos sobre la situaci\u00f3n de injusticia y desigualdad de nuestro mundo y hacernos&hellip;","robots":{"index":"index","follow":"follow","max-snippet":"max-snippet:-1","max-image-preview":"max-image-preview:large","max-video-preview":"max-video-preview:-1"},"canonical":"El s\u00e1bado 27 de abril, desde las 1O h y durante toda la ma\u00f1ana, celebramos en los dos coles escolapios (Calasanz y la Compasi\u00f3n) la XVI Caminhada, organizada por Fundaci\u00f3n Itaka-Escolapios Se trata de una fiesta solidaria que tiene el objetivo de sensibilizarnos sobre la situaci\u00f3n de injusticia y desigualdad de nuestro mundo y hacernos&hellip;","og_locale":"pt_BR","og_type":"article","og_title":"Celebramos la XVI Caminhada en Pamplona-Iru\u00f1a","og_description":"El s\u00e1bado 27 de abril, desde las 1O h y durante toda la ma\u00f1ana, celebramos en los dos coles escolapios (Calasanz y la Compasi\u00f3n) la XVI Caminhada, organizada por Fundaci\u00f3n Itaka-Escolapios Se trata de una fiesta solidaria que tiene el objetivo de sensibilizarnos sobre la situaci\u00f3n de injusticia y desigualdad de nuestro mundo y hacernos&hellip;","og_url":"https:\/\/www.itakaescolapios.org\/pt\/2013\/04\/celebramos-la-xvi-caminhada-en-pamplona-iruna\/","og_site_name":"Itaka-Escolapios","article_published_time":"2013-04-26T12:05:31+00:00","article_modified_time":"2023-11-28T11:39:23+00:00","og_image":[{"width":948,"height":503,"url":"https:\/\/www.itakaescolapios.org\/wp-content\/uploads\/2013\/04\/Caminhada.png","type":"image\/png"}],"author":"pamplona01","twitter_card":"summary_large_image","twitter_misc":{"Escrito por":"pamplona01","Est. tempo de leitura":"1 minuto"},"schema":{"@context":"https:\/\/schema.org","@graph":[{"@type":"Article","@id":"https:\/\/www.itakaescolapios.org\/pt\/2013\/04\/celebramos-la-xvi-caminhada-en-pamplona-iruna\/#article","isPartOf":{"@id":"https:\/\/www.itakaescolapios.org\/pt\/2013\/04\/celebramos-la-xvi-caminhada-en-pamplona-iruna\/"},"author":{"name":"pamplona01","@id":"https:\/\/www.itakaescolapios.org\/es\/#\/schema\/person\/a44de70f9a43a90c3e0f59aaaffd61f3"},"headline":"Celebramos la XVI Caminhada en Pamplona-Iru\u00f1a","datePublished":"2013-04-26T12:05:31+00:00","dateModified":"2023-11-28T11:39:23+00:00","mainEntityOfPage":{"@id":"https:\/\/www.itakaescolapios.org\/pt\/2013\/04\/celebramos-la-xvi-caminhada-en-pamplona-iruna\/"},"wordCount":222,"publisher":{"@id":"https:\/\/www.itakaescolapios.org\/es\/#organization"},"image":{"@id":"https:\/\/www.itakaescolapios.org\/pt\/2013\/04\/celebramos-la-xvi-caminhada-en-pamplona-iruna\/#primaryimage"},"thumbnailUrl":"https:\/\/www.itakaescolapios.org\/wp-content\/uploads\/2013\/04\/Caminhada.png","articleSection":["Pamplona-Iru\u00f1a"],"inLanguage":"pt-BR"},{"@type":"WebPage","@id":"https:\/\/www.itakaescolapios.org\/pt\/2013\/04\/celebramos-la-xvi-caminhada-en-pamplona-iruna\/","url":"https:\/\/www.itakaescolapios.org\/pt\/2013\/04\/celebramos-la-xvi-caminhada-en-pamplona-iruna\/","name":"Celebramos la XVI Caminhada en Pamplona-Iru\u00f1a - Itaka-Escolapios","isPartOf":{"@id":"https:\/\/www.itakaescolapios.org\/es\/#website"},"primaryImageOfPage":{"@id":"https:\/\/www.itakaescolapios.org\/pt\/2013\/04\/celebramos-la-xvi-caminhada-en-pamplona-iruna\/#primaryimage"},"image":{"@id":"https:\/\/www.itakaescolapios.org\/pt\/2013\/04\/celebramos-la-xvi-caminhada-en-pamplona-iruna\/#primaryimage"},"thumbnailUrl":"https:\/\/www.itakaescolapios.org\/wp-content\/uploads\/2013\/04\/Caminhada.png","datePublished":"2013-04-26T12:05:31+00:00","dateModified":"2023-11-28T11:39:23+00:00","breadcrumb":{"@id":"https:\/\/www.itakaescolapios.org\/pt\/2013\/04\/celebramos-la-xvi-caminhada-en-pamplona-iruna\/#breadcrumb"},"inLanguage":"pt-BR","potentialAction":[{"@type":"ReadAction","target":["https:\/\/www.itakaescolapios.org\/pt\/2013\/04\/celebramos-la-xvi-caminhada-en-pamplona-iruna\/"]}]},{"@type":"ImageObject","inLanguage":"pt-BR","@id":"https:\/\/www.itakaescolapios.org\/pt\/2013\/04\/celebramos-la-xvi-caminhada-en-pamplona-iruna\/#primaryimage","url":"https:\/\/www.itakaescolapios.org\/wp-content\/uploads\/2013\/04\/Caminhada.png","contentUrl":"https:\/\/www.itakaescolapios.org\/wp-content\/uploads\/2013\/04\/Caminhada.png","width":"948","height":"503"},{"@type":"BreadcrumbList","@id":"https:\/\/www.itakaescolapios.org\/pt\/2013\/04\/celebramos-la-xvi-caminhada-en-pamplona-iruna\/#breadcrumb","itemListElement":[{"@type":"ListItem","position":1,"name":"Itaka-Escolapios","item":"https:\/\/www.itakaescolapios.org\/es\/"},{"@type":"ListItem","position":2,"name":"Celebramos la XVI Caminhada en Pamplona-Iru\u00f1a"}]},{"@type":"WebSite","@id":"https:\/\/www.itakaescolapios.org\/pt\/es\/#website","url":"https:\/\/www.itakaescolapios.org\/pt\/es\/","name":"Itaka-Escolapios","description":"Red de Itaka-Escolapios","publisher":{"@id":"https:\/\/www.itakaescolapios.org\/pt\/es\/#organization"},"potentialAction":[{"@type":"SearchAction","target":{"@type":"EntryPoint","urlTemplate":"https:\/\/www.itakaescolapios.org\/pt\/es\/?s={search_term_string}"},"query-input":{"@type":"PropertyValueSpecification","valueRequired":true,"valueName":"search_term_string"}}],"inLanguage":"pt-BR"},{"@type":"Organization","@id":"https:\/\/www.itakaescolapios.org\/pt\/es\/#organization","name":"Fundaci\u00f3 Itaka-Escolapios","url":"https:\/\/www.itakaescolapios.org\/pt\/es\/","logo":{"@type":"ImageObject","inLanguage":"pt-BR","@id":"https:\/\/www.itakaescolapios.org\/pt\/es\/#\/schema\/logo\/image\/","url":"https:\/\/www.itakaescolapios.org\/wp-content\/uploads\/2024\/04\/Logo-itakaescolapios-peque.png","contentUrl":"https:\/\/www.itakaescolapios.org\/wp-content\/uploads\/2024\/04\/Logo-itakaescolapios-peque.png","width":500,"height":199,"caption":"Fundaci\u00f3 Itaka-Escolapios"},"image":{"@id":"https:\/\/www.itakaescolapios.org\/pt\/es\/#\/schema\/logo\/image\/"}},{"@type":"Person","@id":"https:\/\/www.itakaescolapios.org\/es\/#\/schema\/person\/a44de70f9a43a90c3e0f59aaaffd61f3","name":"pamplona01","url":"https:\/\/www.itakaescolapios.org\/pt\/author\/pamplona01\/"}]}},"_links":{"self":[{"href":"https:\/\/www.itakaescolapios.org\/pt\/wp-json\/wp\/v2\/posts\/6571","targetHints":{"allow":["GET"]}}],"collection":[{"href":"https:\/\/www.itakaescolapios.org\/pt\/wp-json\/wp\/v2\/posts"}],"about":[{"href":"https:\/\/www.itakaescolapios.org\/pt\/wp-json\/wp\/v2\/types\/post"}],"author":[{"embeddable":true,"href":"https:\/\/www.itakaescolapios.org\/pt\/wp-json\/wp\/v2\/users\/29"}],"replies":[{"embeddable":true,"href":"https:\/\/www.itakaescolapios.org\/pt\/wp-json\/wp\/v2\/comments?post=6571"}],"version-history":[{"count":12,"href":"https:\/\/www.itakaescolapios.org\/pt\/wp-json\/wp\/v2\/posts\/6571\/revisions"}],"predecessor-version":[{"id":49602,"href":"https:\/\/www.itakaescolapios.org\/pt\/wp-json\/wp\/v2\/posts\/6571\/revisions\/49602"}],"wp:featuredmedia":[{"embeddable":true,"href":"https:\/\/www.itakaescolapios.org\/pt\/wp-json\/wp\/v2\/media\/6579"}],"wp:attachment":[{"href":"https:\/\/www.itakaescolapios.org\/pt\/wp-json\/wp\/v2\/media?parent=6571"}],"wp:term":[{"taxonomy":"category","embeddable":true,"href":"https:\/\/www.itakaescolapios.org\/pt\/wp-json\/wp\/v2\/categories?post=6571"},{"taxonomy":"post_tag","embeddable":true,"href":"https:\/\/www.itakaescolapios.org\/pt\/wp-json\/wp\/v2\/tags?post=6571"}],"curies":[{"name":"wp","href":"https:\/\/api.w.org\/{rel}","templated":true}]}}