{"id":6609,"date":"2013-05-02T13:01:17","date_gmt":"2013-05-02T12:01:17","guid":{"rendered":"https:\/\/www.itakaescolapios.org\/?p=6609"},"modified":"2023-11-28T12:39:22","modified_gmt":"2023-11-28T11:39:22","slug":"comienza-la-matriculacion-para-el-curso-intensivo-de-monitora-de-tiempo-libre-en-pamplona","status":"publish","type":"post","link":"https:\/\/www.itakaescolapios.org\/pt\/2013\/05\/comienza-la-matriculacion-para-el-curso-intensivo-de-monitora-de-tiempo-libre-en-pamplona\/","title":{"rendered":"Comienza la matriculaci\u00f3n para el curso intensivo de Monitor\/a de Tiempo Libre en Pamplona"},"content":{"rendered":"<p>Hoy comienza la matriculaci\u00f3n para el nuevo curso de Monitor\/a de Tiempo Libre en Pamplona. El curso se realizar\u00e1 del 13 de junio al 3 de julio con car\u00e1cter intensivo, de lunes a viernes en horario de ma\u00f1ana y tarde. \u00a1Si a\u00fan no tienes el t\u00edtulo esta puede ser tu ocasi\u00f3n!<!--more--><\/p>\n","protected":false},"excerpt":{"rendered":"<p>Hoy comienza la matriculaci\u00f3n para el nuevo curso de Monitor\/a de Tiempo Libre en Pamplona. El curso se realizar\u00e1 del 13 de junio al 3 de julio con car\u00e1cter intensivo, [&hellip;]<\/p>\n","protected":false},"author":29,"featured_media":6610,"comment_status":"closed","ping_status":"closed","sticky":false,"template":"","format":"standard","meta":{"_et_pb_use_builder":"","_et_pb_old_content":"","_et_gb_content_width":"","footnotes":""},"categories":[20],"tags":[],"class_list":["post-6609","post","type-post","status-publish","format-standard","has-post-thumbnail","hentry","category-pamplona-iruna"],"yoast_head":"<!-- This site is optimized with the Yoast SEO plugin v27.4 - https:\/\/yoast.com\/product\/yoast-seo-wordpress\/ -->\n<title>Comienza la matriculaci\u00f3n para el curso intensivo de Monitor\/a de Tiempo Libre en Pamplona<\/title>\n<meta name=\"description\" content=\"Hoy comienza la matriculaci\u00f3n para el nuevo curso de Monitor\/a de Tiempo Libre en Pamplona. El curso se realizar\u00e1 del 13 de junio al 3 de julio con car\u00e1cter intensivo, de lunes a viernes en horario de ma\u00f1ana y tarde. \u00a1Si a\u00fan no tienes el t\u00edtulo esta puede ser tu ocasi\u00f3n!\" \/>\n<meta name=\"robots\" content=\"index, follow, max-snippet:-1, max-image-preview:large, max-video-preview:-1\" \/>\n<link rel=\"canonical\" href=\"http:\/\/Hoy%20comienza%20la%20matriculaci\u00f3n%20para%20el%20nuevo%20curso%20de%20Monitor\/a%20de%20Tiempo%20Libre%20en%20Pamplona.%20El%20curso%20se%20realizar\u00e1%20del%2013%20de%20junio%20al%203%20de%20julio%20con%20car\u00e1cter%20intensivo,%20de%20lunes%20a%20viernes%20en%20horario%20de%20ma\u00f1ana%20y%20tarde.%20\u00a1Si%20a\u00fan%20no%20tienes%20el%20t\u00edtulo%20esta%20puede%20ser%20tu%20ocasi\u00f3n!\" \/>\n<meta property=\"og:locale\" content=\"pt_BR\" \/>\n<meta property=\"og:type\" content=\"article\" \/>\n<meta property=\"og:title\" content=\"Comienza la matriculaci\u00f3n para el curso intensivo de Monitor\/a de Tiempo Libre en Pamplona\" \/>\n<meta property=\"og:description\" content=\"Hoy comienza la matriculaci\u00f3n para el nuevo curso de Monitor\/a de Tiempo Libre en Pamplona. El curso se realizar\u00e1 del 13 de junio al 3 de julio con car\u00e1cter intensivo, de lunes a viernes en horario de ma\u00f1ana y tarde. \u00a1Si a\u00fan no tienes el t\u00edtulo esta puede ser tu ocasi\u00f3n!\" \/>\n<meta property=\"og:url\" content=\"https:\/\/www.itakaescolapios.org\/pt\/2013\/05\/comienza-la-matriculacion-para-el-curso-intensivo-de-monitora-de-tiempo-libre-en-pamplona\/\" \/>\n<meta property=\"og:site_name\" content=\"Itaka-Escolapios\" \/>\n<meta property=\"article:published_time\" content=\"2013-05-02T12:01:17+00:00\" \/>\n<meta property=\"article:modified_time\" content=\"2023-11-28T11:39:22+00:00\" \/>\n<meta property=\"og:image\" content=\"https:\/\/www.itakaescolapios.org\/wp-content\/uploads\/2013\/05\/Cartel-cursos-junio-2013.jpg\" \/>\n\t<meta property=\"og:image:width\" content=\"1061\" \/>\n\t<meta property=\"og:image:height\" content=\"1500\" \/>\n\t<meta property=\"og:image:type\" content=\"image\/jpeg\" \/>\n<meta name=\"author\" content=\"pamplona01\" \/>\n<meta name=\"twitter:card\" content=\"summary_large_image\" \/>\n<meta name=\"twitter:label1\" content=\"Escrito por\" \/>\n\t<meta name=\"twitter:data1\" content=\"pamplona01\" \/>\n<script type=\"application\/ld+json\" class=\"yoast-schema-graph\">{\"@context\":\"https:\\\/\\\/schema.org\",\"@graph\":[{\"@type\":\"Article\",\"@id\":\"https:\\\/\\\/www.itakaescolapios.org\\\/pt\\\/2013\\\/05\\\/comienza-la-matriculacion-para-el-curso-intensivo-de-monitora-de-tiempo-libre-en-pamplona\\\/#article\",\"isPartOf\":{\"@id\":\"https:\\\/\\\/www.itakaescolapios.org\\\/pt\\\/2013\\\/05\\\/comienza-la-matriculacion-para-el-curso-intensivo-de-monitora-de-tiempo-libre-en-pamplona\\\/\"},\"author\":{\"name\":\"pamplona01\",\"@id\":\"https:\\\/\\\/www.itakaescolapios.org\\\/es\\\/#\\\/schema\\\/person\\\/a44de70f9a43a90c3e0f59aaaffd61f3\"},\"headline\":\"Comienza la matriculaci\u00f3n para el curso intensivo de Monitor\\\/a de Tiempo Libre en Pamplona\",\"datePublished\":\"2013-05-02T12:01:17+00:00\",\"dateModified\":\"2023-11-28T11:39:22+00:00\",\"mainEntityOfPage\":{\"@id\":\"https:\\\/\\\/www.itakaescolapios.org\\\/pt\\\/2013\\\/05\\\/comienza-la-matriculacion-para-el-curso-intensivo-de-monitora-de-tiempo-libre-en-pamplona\\\/\"},\"wordCount\":72,\"publisher\":{\"@id\":\"https:\\\/\\\/www.itakaescolapios.org\\\/es\\\/#organization\"},\"image\":{\"@id\":\"https:\\\/\\\/www.itakaescolapios.org\\\/pt\\\/2013\\\/05\\\/comienza-la-matriculacion-para-el-curso-intensivo-de-monitora-de-tiempo-libre-en-pamplona\\\/#primaryimage\"},\"thumbnailUrl\":\"https:\\\/\\\/www.itakaescolapios.org\\\/wp-content\\\/uploads\\\/2013\\\/05\\\/Cartel-cursos-junio-2013.jpg\",\"articleSection\":[\"Pamplona-Iru\u00f1a\"],\"inLanguage\":\"pt-BR\"},{\"@type\":\"WebPage\",\"@id\":\"https:\\\/\\\/www.itakaescolapios.org\\\/pt\\\/2013\\\/05\\\/comienza-la-matriculacion-para-el-curso-intensivo-de-monitora-de-tiempo-libre-en-pamplona\\\/\",\"url\":\"https:\\\/\\\/www.itakaescolapios.org\\\/pt\\\/2013\\\/05\\\/comienza-la-matriculacion-para-el-curso-intensivo-de-monitora-de-tiempo-libre-en-pamplona\\\/\",\"name\":\"Comienza la matriculaci\u00f3n para el curso intensivo de Monitor\\\/a de Tiempo Libre en Pamplona - Itaka-Escolapios\",\"isPartOf\":{\"@id\":\"https:\\\/\\\/www.itakaescolapios.org\\\/es\\\/#website\"},\"primaryImageOfPage\":{\"@id\":\"https:\\\/\\\/www.itakaescolapios.org\\\/pt\\\/2013\\\/05\\\/comienza-la-matriculacion-para-el-curso-intensivo-de-monitora-de-tiempo-libre-en-pamplona\\\/#primaryimage\"},\"image\":{\"@id\":\"https:\\\/\\\/www.itakaescolapios.org\\\/pt\\\/2013\\\/05\\\/comienza-la-matriculacion-para-el-curso-intensivo-de-monitora-de-tiempo-libre-en-pamplona\\\/#primaryimage\"},\"thumbnailUrl\":\"https:\\\/\\\/www.itakaescolapios.org\\\/wp-content\\\/uploads\\\/2013\\\/05\\\/Cartel-cursos-junio-2013.jpg\",\"datePublished\":\"2013-05-02T12:01:17+00:00\",\"dateModified\":\"2023-11-28T11:39:22+00:00\",\"breadcrumb\":{\"@id\":\"https:\\\/\\\/www.itakaescolapios.org\\\/pt\\\/2013\\\/05\\\/comienza-la-matriculacion-para-el-curso-intensivo-de-monitora-de-tiempo-libre-en-pamplona\\\/#breadcrumb\"},\"inLanguage\":\"pt-BR\",\"potentialAction\":[{\"@type\":\"ReadAction\",\"target\":[\"https:\\\/\\\/www.itakaescolapios.org\\\/pt\\\/2013\\\/05\\\/comienza-la-matriculacion-para-el-curso-intensivo-de-monitora-de-tiempo-libre-en-pamplona\\\/\"]}]},{\"@type\":\"ImageObject\",\"inLanguage\":\"pt-BR\",\"@id\":\"https:\\\/\\\/www.itakaescolapios.org\\\/pt\\\/2013\\\/05\\\/comienza-la-matriculacion-para-el-curso-intensivo-de-monitora-de-tiempo-libre-en-pamplona\\\/#primaryimage\",\"url\":\"https:\\\/\\\/www.itakaescolapios.org\\\/wp-content\\\/uploads\\\/2013\\\/05\\\/Cartel-cursos-junio-2013.jpg\",\"contentUrl\":\"https:\\\/\\\/www.itakaescolapios.org\\\/wp-content\\\/uploads\\\/2013\\\/05\\\/Cartel-cursos-junio-2013.jpg\",\"width\":1061,\"height\":1500},{\"@type\":\"BreadcrumbList\",\"@id\":\"https:\\\/\\\/www.itakaescolapios.org\\\/pt\\\/2013\\\/05\\\/comienza-la-matriculacion-para-el-curso-intensivo-de-monitora-de-tiempo-libre-en-pamplona\\\/#breadcrumb\",\"itemListElement\":[{\"@type\":\"ListItem\",\"position\":1,\"name\":\"Itaka-Escolapios\",\"item\":\"https:\\\/\\\/www.itakaescolapios.org\\\/es\\\/\"},{\"@type\":\"ListItem\",\"position\":2,\"name\":\"Comienza la matriculaci\u00f3n para el curso intensivo de Monitor\\\/a de Tiempo Libre en Pamplona\"}]},{\"@type\":\"WebSite\",\"@id\":\"https:\\\/\\\/www.itakaescolapios.org\\\/pt\\\/es\\\/#website\",\"url\":\"https:\\\/\\\/www.itakaescolapios.org\\\/pt\\\/es\\\/\",\"name\":\"Itaka-Escolapios\",\"description\":\"Red de Itaka-Escolapios\",\"publisher\":{\"@id\":\"https:\\\/\\\/www.itakaescolapios.org\\\/pt\\\/es\\\/#organization\"},\"potentialAction\":[{\"@type\":\"SearchAction\",\"target\":{\"@type\":\"EntryPoint\",\"urlTemplate\":\"https:\\\/\\\/www.itakaescolapios.org\\\/pt\\\/es\\\/?s={search_term_string}\"},\"query-input\":{\"@type\":\"PropertyValueSpecification\",\"valueRequired\":true,\"valueName\":\"search_term_string\"}}],\"inLanguage\":\"pt-BR\"},{\"@type\":\"Organization\",\"@id\":\"https:\\\/\\\/www.itakaescolapios.org\\\/pt\\\/es\\\/#organization\",\"name\":\"Fundaci\u00f3 Itaka-Escolapios\",\"url\":\"https:\\\/\\\/www.itakaescolapios.org\\\/pt\\\/es\\\/\",\"logo\":{\"@type\":\"ImageObject\",\"inLanguage\":\"pt-BR\",\"@id\":\"https:\\\/\\\/www.itakaescolapios.org\\\/pt\\\/es\\\/#\\\/schema\\\/logo\\\/image\\\/\",\"url\":\"https:\\\/\\\/www.itakaescolapios.org\\\/wp-content\\\/uploads\\\/2024\\\/04\\\/Logo-itakaescolapios-peque.png\",\"contentUrl\":\"https:\\\/\\\/www.itakaescolapios.org\\\/wp-content\\\/uploads\\\/2024\\\/04\\\/Logo-itakaescolapios-peque.png\",\"width\":500,\"height\":199,\"caption\":\"Fundaci\u00f3 Itaka-Escolapios\"},\"image\":{\"@id\":\"https:\\\/\\\/www.itakaescolapios.org\\\/pt\\\/es\\\/#\\\/schema\\\/logo\\\/image\\\/\"}},{\"@type\":\"Person\",\"@id\":\"https:\\\/\\\/www.itakaescolapios.org\\\/es\\\/#\\\/schema\\\/person\\\/a44de70f9a43a90c3e0f59aaaffd61f3\",\"name\":\"pamplona01\",\"url\":\"https:\\\/\\\/www.itakaescolapios.org\\\/pt\\\/author\\\/pamplona01\\\/\"}]}<\/script>\n<!-- \/ Yoast SEO plugin. -->","yoast_head_json":{"title":"Comienza la matriculaci\u00f3n para el curso intensivo de Monitor\/a de Tiempo Libre en Pamplona","description":"Hoy comienza la matriculaci\u00f3n para el nuevo curso de Monitor\/a de Tiempo Libre en Pamplona. El curso se realizar\u00e1 del 13 de junio al 3 de julio con car\u00e1cter intensivo, de lunes a viernes en horario de ma\u00f1ana y tarde. \u00a1Si a\u00fan no tienes el t\u00edtulo esta puede ser tu ocasi\u00f3n!","robots":{"index":"index","follow":"follow","max-snippet":"max-snippet:-1","max-image-preview":"max-image-preview:large","max-video-preview":"max-video-preview:-1"},"canonical":"Hoy comienza la matriculaci\u00f3n para el nuevo curso de Monitor\/a de Tiempo Libre en Pamplona. El curso se realizar\u00e1 del 13 de junio al 3 de julio con car\u00e1cter intensivo, de lunes a viernes en horario de ma\u00f1ana y tarde. \u00a1Si a\u00fan no tienes el t\u00edtulo esta puede ser tu ocasi\u00f3n!","og_locale":"pt_BR","og_type":"article","og_title":"Comienza la matriculaci\u00f3n para el curso intensivo de Monitor\/a de Tiempo Libre en Pamplona","og_description":"Hoy comienza la matriculaci\u00f3n para el nuevo curso de Monitor\/a de Tiempo Libre en Pamplona. El curso se realizar\u00e1 del 13 de junio al 3 de julio con car\u00e1cter intensivo, de lunes a viernes en horario de ma\u00f1ana y tarde. \u00a1Si a\u00fan no tienes el t\u00edtulo esta puede ser tu ocasi\u00f3n!","og_url":"https:\/\/www.itakaescolapios.org\/pt\/2013\/05\/comienza-la-matriculacion-para-el-curso-intensivo-de-monitora-de-tiempo-libre-en-pamplona\/","og_site_name":"Itaka-Escolapios","article_published_time":"2013-05-02T12:01:17+00:00","article_modified_time":"2023-11-28T11:39:22+00:00","og_image":[{"width":1061,"height":1500,"url":"https:\/\/www.itakaescolapios.org\/wp-content\/uploads\/2013\/05\/Cartel-cursos-junio-2013.jpg","type":"image\/jpeg"}],"author":"pamplona01","twitter_card":"summary_large_image","twitter_misc":{"Escrito por":"pamplona01"},"schema":{"@context":"https:\/\/schema.org","@graph":[{"@type":"Article","@id":"https:\/\/www.itakaescolapios.org\/pt\/2013\/05\/comienza-la-matriculacion-para-el-curso-intensivo-de-monitora-de-tiempo-libre-en-pamplona\/#article","isPartOf":{"@id":"https:\/\/www.itakaescolapios.org\/pt\/2013\/05\/comienza-la-matriculacion-para-el-curso-intensivo-de-monitora-de-tiempo-libre-en-pamplona\/"},"author":{"name":"pamplona01","@id":"https:\/\/www.itakaescolapios.org\/es\/#\/schema\/person\/a44de70f9a43a90c3e0f59aaaffd61f3"},"headline":"Comienza la matriculaci\u00f3n para el curso intensivo de Monitor\/a de Tiempo Libre en Pamplona","datePublished":"2013-05-02T12:01:17+00:00","dateModified":"2023-11-28T11:39:22+00:00","mainEntityOfPage":{"@id":"https:\/\/www.itakaescolapios.org\/pt\/2013\/05\/comienza-la-matriculacion-para-el-curso-intensivo-de-monitora-de-tiempo-libre-en-pamplona\/"},"wordCount":72,"publisher":{"@id":"https:\/\/www.itakaescolapios.org\/es\/#organization"},"image":{"@id":"https:\/\/www.itakaescolapios.org\/pt\/2013\/05\/comienza-la-matriculacion-para-el-curso-intensivo-de-monitora-de-tiempo-libre-en-pamplona\/#primaryimage"},"thumbnailUrl":"https:\/\/www.itakaescolapios.org\/wp-content\/uploads\/2013\/05\/Cartel-cursos-junio-2013.jpg","articleSection":["Pamplona-Iru\u00f1a"],"inLanguage":"pt-BR"},{"@type":"WebPage","@id":"https:\/\/www.itakaescolapios.org\/pt\/2013\/05\/comienza-la-matriculacion-para-el-curso-intensivo-de-monitora-de-tiempo-libre-en-pamplona\/","url":"https:\/\/www.itakaescolapios.org\/pt\/2013\/05\/comienza-la-matriculacion-para-el-curso-intensivo-de-monitora-de-tiempo-libre-en-pamplona\/","name":"Comienza la matriculaci\u00f3n para el curso intensivo de Monitor\/a de Tiempo Libre en Pamplona - Itaka-Escolapios","isPartOf":{"@id":"https:\/\/www.itakaescolapios.org\/es\/#website"},"primaryImageOfPage":{"@id":"https:\/\/www.itakaescolapios.org\/pt\/2013\/05\/comienza-la-matriculacion-para-el-curso-intensivo-de-monitora-de-tiempo-libre-en-pamplona\/#primaryimage"},"image":{"@id":"https:\/\/www.itakaescolapios.org\/pt\/2013\/05\/comienza-la-matriculacion-para-el-curso-intensivo-de-monitora-de-tiempo-libre-en-pamplona\/#primaryimage"},"thumbnailUrl":"https:\/\/www.itakaescolapios.org\/wp-content\/uploads\/2013\/05\/Cartel-cursos-junio-2013.jpg","datePublished":"2013-05-02T12:01:17+00:00","dateModified":"2023-11-28T11:39:22+00:00","breadcrumb":{"@id":"https:\/\/www.itakaescolapios.org\/pt\/2013\/05\/comienza-la-matriculacion-para-el-curso-intensivo-de-monitora-de-tiempo-libre-en-pamplona\/#breadcrumb"},"inLanguage":"pt-BR","potentialAction":[{"@type":"ReadAction","target":["https:\/\/www.itakaescolapios.org\/pt\/2013\/05\/comienza-la-matriculacion-para-el-curso-intensivo-de-monitora-de-tiempo-libre-en-pamplona\/"]}]},{"@type":"ImageObject","inLanguage":"pt-BR","@id":"https:\/\/www.itakaescolapios.org\/pt\/2013\/05\/comienza-la-matriculacion-para-el-curso-intensivo-de-monitora-de-tiempo-libre-en-pamplona\/#primaryimage","url":"https:\/\/www.itakaescolapios.org\/wp-content\/uploads\/2013\/05\/Cartel-cursos-junio-2013.jpg","contentUrl":"https:\/\/www.itakaescolapios.org\/wp-content\/uploads\/2013\/05\/Cartel-cursos-junio-2013.jpg","width":1061,"height":1500},{"@type":"BreadcrumbList","@id":"https:\/\/www.itakaescolapios.org\/pt\/2013\/05\/comienza-la-matriculacion-para-el-curso-intensivo-de-monitora-de-tiempo-libre-en-pamplona\/#breadcrumb","itemListElement":[{"@type":"ListItem","position":1,"name":"Itaka-Escolapios","item":"https:\/\/www.itakaescolapios.org\/es\/"},{"@type":"ListItem","position":2,"name":"Comienza la matriculaci\u00f3n para el curso intensivo de Monitor\/a de Tiempo Libre en Pamplona"}]},{"@type":"WebSite","@id":"https:\/\/www.itakaescolapios.org\/pt\/es\/#website","url":"https:\/\/www.itakaescolapios.org\/pt\/es\/","name":"Itaka-Escolapios","description":"Red de Itaka-Escolapios","publisher":{"@id":"https:\/\/www.itakaescolapios.org\/pt\/es\/#organization"},"potentialAction":[{"@type":"SearchAction","target":{"@type":"EntryPoint","urlTemplate":"https:\/\/www.itakaescolapios.org\/pt\/es\/?s={search_term_string}"},"query-input":{"@type":"PropertyValueSpecification","valueRequired":true,"valueName":"search_term_string"}}],"inLanguage":"pt-BR"},{"@type":"Organization","@id":"https:\/\/www.itakaescolapios.org\/pt\/es\/#organization","name":"Fundaci\u00f3 Itaka-Escolapios","url":"https:\/\/www.itakaescolapios.org\/pt\/es\/","logo":{"@type":"ImageObject","inLanguage":"pt-BR","@id":"https:\/\/www.itakaescolapios.org\/pt\/es\/#\/schema\/logo\/image\/","url":"https:\/\/www.itakaescolapios.org\/wp-content\/uploads\/2024\/04\/Logo-itakaescolapios-peque.png","contentUrl":"https:\/\/www.itakaescolapios.org\/wp-content\/uploads\/2024\/04\/Logo-itakaescolapios-peque.png","width":500,"height":199,"caption":"Fundaci\u00f3 Itaka-Escolapios"},"image":{"@id":"https:\/\/www.itakaescolapios.org\/pt\/es\/#\/schema\/logo\/image\/"}},{"@type":"Person","@id":"https:\/\/www.itakaescolapios.org\/es\/#\/schema\/person\/a44de70f9a43a90c3e0f59aaaffd61f3","name":"pamplona01","url":"https:\/\/www.itakaescolapios.org\/pt\/author\/pamplona01\/"}]}},"_links":{"self":[{"href":"https:\/\/www.itakaescolapios.org\/pt\/wp-json\/wp\/v2\/posts\/6609","targetHints":{"allow":["GET"]}}],"collection":[{"href":"https:\/\/www.itakaescolapios.org\/pt\/wp-json\/wp\/v2\/posts"}],"about":[{"href":"https:\/\/www.itakaescolapios.org\/pt\/wp-json\/wp\/v2\/types\/post"}],"author":[{"embeddable":true,"href":"https:\/\/www.itakaescolapios.org\/pt\/wp-json\/wp\/v2\/users\/29"}],"replies":[{"embeddable":true,"href":"https:\/\/www.itakaescolapios.org\/pt\/wp-json\/wp\/v2\/comments?post=6609"}],"version-history":[{"count":9,"href":"https:\/\/www.itakaescolapios.org\/pt\/wp-json\/wp\/v2\/posts\/6609\/revisions"}],"predecessor-version":[{"id":49596,"href":"https:\/\/www.itakaescolapios.org\/pt\/wp-json\/wp\/v2\/posts\/6609\/revisions\/49596"}],"wp:featuredmedia":[{"embeddable":true,"href":"https:\/\/www.itakaescolapios.org\/pt\/wp-json\/wp\/v2\/media\/6610"}],"wp:attachment":[{"href":"https:\/\/www.itakaescolapios.org\/pt\/wp-json\/wp\/v2\/media?parent=6609"}],"wp:term":[{"taxonomy":"category","embeddable":true,"href":"https:\/\/www.itakaescolapios.org\/pt\/wp-json\/wp\/v2\/categories?post=6609"},{"taxonomy":"post_tag","embeddable":true,"href":"https:\/\/www.itakaescolapios.org\/pt\/wp-json\/wp\/v2\/tags?post=6609"}],"curies":[{"name":"wp","href":"https:\/\/api.w.org\/{rel}","templated":true}]}}