{"id":7011,"date":"2013-07-07T11:44:19","date_gmt":"2013-07-07T10:44:19","guid":{"rendered":"https:\/\/www.itakaescolapios.org\/?p=7011"},"modified":"2023-11-28T12:39:18","modified_gmt":"2023-11-28T11:39:18","slug":"movimiento-calasanz-finaliza-su-campamento-de-verano","status":"publish","type":"post","link":"https:\/\/www.itakaescolapios.org\/pt\/2013\/07\/movimiento-calasanz-finaliza-su-campamento-de-verano\/","title":{"rendered":"MOVIMIENTO CALASANZ FINALIZA SU CAMPAMENTO DE VERANO"},"content":{"rendered":"<p>Movimiento Calasanz ha tenido su primer campamento de verano en Barria del 1 al 7 de Julio. Durante los primeros d\u00edas de dicho campamento se llevaron a cabo diferentes din\u00e1micas y reflexiones incluyendo la organizaci\u00f3n y participaci\u00f3n en juegos para los m\u00e1s peque\u00f1os que se encontraban en Barria.<\/p>\n<p>Tras ello lleg\u00f3 el plato fuerte de la semana, el campamento volante desde Zalduondo hasta Arantzazu, en un plazo de 3 d\u00edas, incluyendo el ascenso al Aitzgorri y haciendo noche en San Adri\u00e1n y Urbia. Fueron unos d\u00edas realmente excepcionales en los que todos y todas hemos disfrutado.<\/p>\n<p>Para finalizar compartimos los \u00faltimos d\u00edas con los mayores del grupo Bidean, los cuales nos explicaron las futuras experiencias que nos quedan por vivir.<\/p>\n<p>Queremos dar las gracias a Noelia e Imanol que se encargaron de la organizaci\u00f3n y sobre todo por soportarnos durante los 7 d\u00edas.<\/p>\n<p>Un saludo del grupo Movimiento Calasanz<!--more--><\/p>\n","protected":false},"excerpt":{"rendered":"<p>Movimiento Calasanz ha tenido su primer campamento de verano en Barria del 1 al 7 de Julio. Durante los primeros d\u00edas de dicho campamento se llevaron a cabo diferentes din\u00e1micas [&hellip;]<\/p>\n","protected":false},"author":42,"featured_media":7012,"comment_status":"closed","ping_status":"closed","sticky":false,"template":"","format":"standard","meta":{"_et_pb_use_builder":"","_et_pb_old_content":"","_et_gb_content_width":"","footnotes":""},"categories":[13],"tags":[],"class_list":["post-7011","post","type-post","status-publish","format-standard","has-post-thumbnail","hentry","category-vitoria"],"yoast_head":"<!-- This site is optimized with the Yoast SEO plugin v27.4 - https:\/\/yoast.com\/product\/yoast-seo-wordpress\/ -->\n<title>MOVIMIENTO CALASANZ FINALIZA SU CAMPAMENTO DE VERANO<\/title>\n<meta name=\"description\" content=\"Movimiento Calasanz ha tenido su primer campamento de verano en Barria del 1 al 7 de Julio. Durante los primeros d\u00edas de dicho campamento se llevaron a cabo diferentes din\u00e1micas y reflexiones incluyendo la organizaci\u00f3n y participaci\u00f3n en juegos para los m\u00e1s peque\u00f1os que se encontraban en Barria. Tras ello lleg\u00f3 el plato fuerte de&hellip;\" \/>\n<meta name=\"robots\" content=\"index, follow, max-snippet:-1, max-image-preview:large, max-video-preview:-1\" \/>\n<link rel=\"canonical\" href=\"http:\/\/Movimiento%20Calasanz%20ha%20tenido%20su%20primer%20campamento%20de%20verano%20en%20Barria%20del%201%20al%207%20de%20Julio.%20Durante%20los%20primeros%20d\u00edas%20de%20dicho%20campamento%20se%20llevaron%20a%20cabo%20diferentes%20din\u00e1micas%20y%20reflexiones%20incluyendo%20la%20organizaci\u00f3n%20y%20participaci\u00f3n%20en%20juegos%20para%20los%20m\u00e1s%20peque\u00f1os%20que%20se%20encontraban%20en%20Barria.%20Tras%20ello%20lleg\u00f3%20el%20plato%20fuerte%20de&hellip;\" \/>\n<meta property=\"og:locale\" content=\"pt_BR\" \/>\n<meta property=\"og:type\" content=\"article\" \/>\n<meta property=\"og:title\" content=\"MOVIMIENTO CALASANZ FINALIZA SU CAMPAMENTO DE VERANO\" \/>\n<meta property=\"og:description\" content=\"Movimiento Calasanz ha tenido su primer campamento de verano en Barria del 1 al 7 de Julio. Durante los primeros d\u00edas de dicho campamento se llevaron a cabo diferentes din\u00e1micas y reflexiones incluyendo la organizaci\u00f3n y participaci\u00f3n en juegos para los m\u00e1s peque\u00f1os que se encontraban en Barria. Tras ello lleg\u00f3 el plato fuerte de&hellip;\" \/>\n<meta property=\"og:url\" content=\"https:\/\/www.itakaescolapios.org\/pt\/2013\/07\/movimiento-calasanz-finaliza-su-campamento-de-verano\/\" \/>\n<meta property=\"og:site_name\" content=\"Itaka-Escolapios\" \/>\n<meta property=\"article:published_time\" content=\"2013-07-07T10:44:19+00:00\" \/>\n<meta property=\"article:modified_time\" content=\"2023-11-28T11:39:18+00:00\" \/>\n<meta property=\"og:image\" content=\"https:\/\/www.itakaescolapios.org\/wp-content\/uploads\/2013\/07\/SANY1515.jpg\" \/>\n\t<meta property=\"og:image:width\" content=\"2000\" \/>\n\t<meta property=\"og:image:height\" content=\"1500\" \/>\n\t<meta property=\"og:image:type\" content=\"image\/jpeg\" \/>\n<meta name=\"author\" content=\"gasteiz02\" \/>\n<meta name=\"twitter:card\" content=\"summary_large_image\" \/>\n<meta name=\"twitter:label1\" content=\"Escrito por\" \/>\n\t<meta name=\"twitter:data1\" content=\"gasteiz02\" \/>\n\t<meta name=\"twitter:label2\" content=\"Est. tempo de leitura\" \/>\n\t<meta name=\"twitter:data2\" content=\"1 minuto\" \/>\n<script type=\"application\/ld+json\" class=\"yoast-schema-graph\">{\"@context\":\"https:\\\/\\\/schema.org\",\"@graph\":[{\"@type\":\"Article\",\"@id\":\"https:\\\/\\\/www.itakaescolapios.org\\\/pt\\\/2013\\\/07\\\/movimiento-calasanz-finaliza-su-campamento-de-verano\\\/#article\",\"isPartOf\":{\"@id\":\"https:\\\/\\\/www.itakaescolapios.org\\\/pt\\\/2013\\\/07\\\/movimiento-calasanz-finaliza-su-campamento-de-verano\\\/\"},\"author\":{\"name\":\"gasteiz02\",\"@id\":\"https:\\\/\\\/www.itakaescolapios.org\\\/es\\\/#\\\/schema\\\/person\\\/9cc185e6cd9bcae456bb4586c2d42ea3\"},\"headline\":\"MOVIMIENTO CALASANZ FINALIZA SU CAMPAMENTO DE VERANO\",\"datePublished\":\"2013-07-07T10:44:19+00:00\",\"dateModified\":\"2023-11-28T11:39:18+00:00\",\"mainEntityOfPage\":{\"@id\":\"https:\\\/\\\/www.itakaescolapios.org\\\/pt\\\/2013\\\/07\\\/movimiento-calasanz-finaliza-su-campamento-de-verano\\\/\"},\"wordCount\":164,\"publisher\":{\"@id\":\"https:\\\/\\\/www.itakaescolapios.org\\\/es\\\/#organization\"},\"image\":{\"@id\":\"https:\\\/\\\/www.itakaescolapios.org\\\/pt\\\/2013\\\/07\\\/movimiento-calasanz-finaliza-su-campamento-de-verano\\\/#primaryimage\"},\"thumbnailUrl\":\"https:\\\/\\\/www.itakaescolapios.org\\\/wp-content\\\/uploads\\\/2013\\\/07\\\/SANY1515.jpg\",\"articleSection\":[\"Vitoria-Gasteiz\"],\"inLanguage\":\"pt-BR\"},{\"@type\":\"WebPage\",\"@id\":\"https:\\\/\\\/www.itakaescolapios.org\\\/pt\\\/2013\\\/07\\\/movimiento-calasanz-finaliza-su-campamento-de-verano\\\/\",\"url\":\"https:\\\/\\\/www.itakaescolapios.org\\\/pt\\\/2013\\\/07\\\/movimiento-calasanz-finaliza-su-campamento-de-verano\\\/\",\"name\":\"MOVIMIENTO CALASANZ FINALIZA SU CAMPAMENTO DE VERANO - Itaka-Escolapios\",\"isPartOf\":{\"@id\":\"https:\\\/\\\/www.itakaescolapios.org\\\/es\\\/#website\"},\"primaryImageOfPage\":{\"@id\":\"https:\\\/\\\/www.itakaescolapios.org\\\/pt\\\/2013\\\/07\\\/movimiento-calasanz-finaliza-su-campamento-de-verano\\\/#primaryimage\"},\"image\":{\"@id\":\"https:\\\/\\\/www.itakaescolapios.org\\\/pt\\\/2013\\\/07\\\/movimiento-calasanz-finaliza-su-campamento-de-verano\\\/#primaryimage\"},\"thumbnailUrl\":\"https:\\\/\\\/www.itakaescolapios.org\\\/wp-content\\\/uploads\\\/2013\\\/07\\\/SANY1515.jpg\",\"datePublished\":\"2013-07-07T10:44:19+00:00\",\"dateModified\":\"2023-11-28T11:39:18+00:00\",\"breadcrumb\":{\"@id\":\"https:\\\/\\\/www.itakaescolapios.org\\\/pt\\\/2013\\\/07\\\/movimiento-calasanz-finaliza-su-campamento-de-verano\\\/#breadcrumb\"},\"inLanguage\":\"pt-BR\",\"potentialAction\":[{\"@type\":\"ReadAction\",\"target\":[\"https:\\\/\\\/www.itakaescolapios.org\\\/pt\\\/2013\\\/07\\\/movimiento-calasanz-finaliza-su-campamento-de-verano\\\/\"]}]},{\"@type\":\"ImageObject\",\"inLanguage\":\"pt-BR\",\"@id\":\"https:\\\/\\\/www.itakaescolapios.org\\\/pt\\\/2013\\\/07\\\/movimiento-calasanz-finaliza-su-campamento-de-verano\\\/#primaryimage\",\"url\":\"https:\\\/\\\/www.itakaescolapios.org\\\/wp-content\\\/uploads\\\/2013\\\/07\\\/SANY1515.jpg\",\"contentUrl\":\"https:\\\/\\\/www.itakaescolapios.org\\\/wp-content\\\/uploads\\\/2013\\\/07\\\/SANY1515.jpg\",\"width\":2000,\"height\":1500},{\"@type\":\"BreadcrumbList\",\"@id\":\"https:\\\/\\\/www.itakaescolapios.org\\\/pt\\\/2013\\\/07\\\/movimiento-calasanz-finaliza-su-campamento-de-verano\\\/#breadcrumb\",\"itemListElement\":[{\"@type\":\"ListItem\",\"position\":1,\"name\":\"Itaka-Escolapios\",\"item\":\"https:\\\/\\\/www.itakaescolapios.org\\\/es\\\/\"},{\"@type\":\"ListItem\",\"position\":2,\"name\":\"MOVIMIENTO CALASANZ FINALIZA SU CAMPAMENTO DE VERANO\"}]},{\"@type\":\"WebSite\",\"@id\":\"https:\\\/\\\/www.itakaescolapios.org\\\/pt\\\/es\\\/#website\",\"url\":\"https:\\\/\\\/www.itakaescolapios.org\\\/pt\\\/es\\\/\",\"name\":\"Itaka-Escolapios\",\"description\":\"Red de Itaka-Escolapios\",\"publisher\":{\"@id\":\"https:\\\/\\\/www.itakaescolapios.org\\\/pt\\\/es\\\/#organization\"},\"potentialAction\":[{\"@type\":\"SearchAction\",\"target\":{\"@type\":\"EntryPoint\",\"urlTemplate\":\"https:\\\/\\\/www.itakaescolapios.org\\\/pt\\\/es\\\/?s={search_term_string}\"},\"query-input\":{\"@type\":\"PropertyValueSpecification\",\"valueRequired\":true,\"valueName\":\"search_term_string\"}}],\"inLanguage\":\"pt-BR\"},{\"@type\":\"Organization\",\"@id\":\"https:\\\/\\\/www.itakaescolapios.org\\\/pt\\\/es\\\/#organization\",\"name\":\"Fundaci\u00f3 Itaka-Escolapios\",\"url\":\"https:\\\/\\\/www.itakaescolapios.org\\\/pt\\\/es\\\/\",\"logo\":{\"@type\":\"ImageObject\",\"inLanguage\":\"pt-BR\",\"@id\":\"https:\\\/\\\/www.itakaescolapios.org\\\/pt\\\/es\\\/#\\\/schema\\\/logo\\\/image\\\/\",\"url\":\"https:\\\/\\\/www.itakaescolapios.org\\\/wp-content\\\/uploads\\\/2024\\\/04\\\/Logo-itakaescolapios-peque.png\",\"contentUrl\":\"https:\\\/\\\/www.itakaescolapios.org\\\/wp-content\\\/uploads\\\/2024\\\/04\\\/Logo-itakaescolapios-peque.png\",\"width\":500,\"height\":199,\"caption\":\"Fundaci\u00f3 Itaka-Escolapios\"},\"image\":{\"@id\":\"https:\\\/\\\/www.itakaescolapios.org\\\/pt\\\/es\\\/#\\\/schema\\\/logo\\\/image\\\/\"}},{\"@type\":\"Person\",\"@id\":\"https:\\\/\\\/www.itakaescolapios.org\\\/es\\\/#\\\/schema\\\/person\\\/9cc185e6cd9bcae456bb4586c2d42ea3\",\"name\":\"gasteiz02\",\"url\":\"https:\\\/\\\/www.itakaescolapios.org\\\/pt\\\/author\\\/gasteiz02\\\/\"}]}<\/script>\n<!-- \/ Yoast SEO plugin. -->","yoast_head_json":{"title":"MOVIMIENTO CALASANZ FINALIZA SU CAMPAMENTO DE VERANO","description":"Movimiento Calasanz ha tenido su primer campamento de verano en Barria del 1 al 7 de Julio. Durante los primeros d\u00edas de dicho campamento se llevaron a cabo diferentes din\u00e1micas y reflexiones incluyendo la organizaci\u00f3n y participaci\u00f3n en juegos para los m\u00e1s peque\u00f1os que se encontraban en Barria. Tras ello lleg\u00f3 el plato fuerte de&hellip;","robots":{"index":"index","follow":"follow","max-snippet":"max-snippet:-1","max-image-preview":"max-image-preview:large","max-video-preview":"max-video-preview:-1"},"canonical":"Movimiento Calasanz ha tenido su primer campamento de verano en Barria del 1 al 7 de Julio. Durante los primeros d\u00edas de dicho campamento se llevaron a cabo diferentes din\u00e1micas y reflexiones incluyendo la organizaci\u00f3n y participaci\u00f3n en juegos para los m\u00e1s peque\u00f1os que se encontraban en Barria. Tras ello lleg\u00f3 el plato fuerte de&hellip;","og_locale":"pt_BR","og_type":"article","og_title":"MOVIMIENTO CALASANZ FINALIZA SU CAMPAMENTO DE VERANO","og_description":"Movimiento Calasanz ha tenido su primer campamento de verano en Barria del 1 al 7 de Julio. Durante los primeros d\u00edas de dicho campamento se llevaron a cabo diferentes din\u00e1micas y reflexiones incluyendo la organizaci\u00f3n y participaci\u00f3n en juegos para los m\u00e1s peque\u00f1os que se encontraban en Barria. Tras ello lleg\u00f3 el plato fuerte de&hellip;","og_url":"https:\/\/www.itakaescolapios.org\/pt\/2013\/07\/movimiento-calasanz-finaliza-su-campamento-de-verano\/","og_site_name":"Itaka-Escolapios","article_published_time":"2013-07-07T10:44:19+00:00","article_modified_time":"2023-11-28T11:39:18+00:00","og_image":[{"width":2000,"height":1500,"url":"https:\/\/www.itakaescolapios.org\/wp-content\/uploads\/2013\/07\/SANY1515.jpg","type":"image\/jpeg"}],"author":"gasteiz02","twitter_card":"summary_large_image","twitter_misc":{"Escrito por":"gasteiz02","Est. tempo de leitura":"1 minuto"},"schema":{"@context":"https:\/\/schema.org","@graph":[{"@type":"Article","@id":"https:\/\/www.itakaescolapios.org\/pt\/2013\/07\/movimiento-calasanz-finaliza-su-campamento-de-verano\/#article","isPartOf":{"@id":"https:\/\/www.itakaescolapios.org\/pt\/2013\/07\/movimiento-calasanz-finaliza-su-campamento-de-verano\/"},"author":{"name":"gasteiz02","@id":"https:\/\/www.itakaescolapios.org\/es\/#\/schema\/person\/9cc185e6cd9bcae456bb4586c2d42ea3"},"headline":"MOVIMIENTO CALASANZ FINALIZA SU CAMPAMENTO DE VERANO","datePublished":"2013-07-07T10:44:19+00:00","dateModified":"2023-11-28T11:39:18+00:00","mainEntityOfPage":{"@id":"https:\/\/www.itakaescolapios.org\/pt\/2013\/07\/movimiento-calasanz-finaliza-su-campamento-de-verano\/"},"wordCount":164,"publisher":{"@id":"https:\/\/www.itakaescolapios.org\/es\/#organization"},"image":{"@id":"https:\/\/www.itakaescolapios.org\/pt\/2013\/07\/movimiento-calasanz-finaliza-su-campamento-de-verano\/#primaryimage"},"thumbnailUrl":"https:\/\/www.itakaescolapios.org\/wp-content\/uploads\/2013\/07\/SANY1515.jpg","articleSection":["Vitoria-Gasteiz"],"inLanguage":"pt-BR"},{"@type":"WebPage","@id":"https:\/\/www.itakaescolapios.org\/pt\/2013\/07\/movimiento-calasanz-finaliza-su-campamento-de-verano\/","url":"https:\/\/www.itakaescolapios.org\/pt\/2013\/07\/movimiento-calasanz-finaliza-su-campamento-de-verano\/","name":"MOVIMIENTO CALASANZ FINALIZA SU CAMPAMENTO DE VERANO - Itaka-Escolapios","isPartOf":{"@id":"https:\/\/www.itakaescolapios.org\/es\/#website"},"primaryImageOfPage":{"@id":"https:\/\/www.itakaescolapios.org\/pt\/2013\/07\/movimiento-calasanz-finaliza-su-campamento-de-verano\/#primaryimage"},"image":{"@id":"https:\/\/www.itakaescolapios.org\/pt\/2013\/07\/movimiento-calasanz-finaliza-su-campamento-de-verano\/#primaryimage"},"thumbnailUrl":"https:\/\/www.itakaescolapios.org\/wp-content\/uploads\/2013\/07\/SANY1515.jpg","datePublished":"2013-07-07T10:44:19+00:00","dateModified":"2023-11-28T11:39:18+00:00","breadcrumb":{"@id":"https:\/\/www.itakaescolapios.org\/pt\/2013\/07\/movimiento-calasanz-finaliza-su-campamento-de-verano\/#breadcrumb"},"inLanguage":"pt-BR","potentialAction":[{"@type":"ReadAction","target":["https:\/\/www.itakaescolapios.org\/pt\/2013\/07\/movimiento-calasanz-finaliza-su-campamento-de-verano\/"]}]},{"@type":"ImageObject","inLanguage":"pt-BR","@id":"https:\/\/www.itakaescolapios.org\/pt\/2013\/07\/movimiento-calasanz-finaliza-su-campamento-de-verano\/#primaryimage","url":"https:\/\/www.itakaescolapios.org\/wp-content\/uploads\/2013\/07\/SANY1515.jpg","contentUrl":"https:\/\/www.itakaescolapios.org\/wp-content\/uploads\/2013\/07\/SANY1515.jpg","width":2000,"height":1500},{"@type":"BreadcrumbList","@id":"https:\/\/www.itakaescolapios.org\/pt\/2013\/07\/movimiento-calasanz-finaliza-su-campamento-de-verano\/#breadcrumb","itemListElement":[{"@type":"ListItem","position":1,"name":"Itaka-Escolapios","item":"https:\/\/www.itakaescolapios.org\/es\/"},{"@type":"ListItem","position":2,"name":"MOVIMIENTO CALASANZ FINALIZA SU CAMPAMENTO DE VERANO"}]},{"@type":"WebSite","@id":"https:\/\/www.itakaescolapios.org\/pt\/es\/#website","url":"https:\/\/www.itakaescolapios.org\/pt\/es\/","name":"Itaka-Escolapios","description":"Red de Itaka-Escolapios","publisher":{"@id":"https:\/\/www.itakaescolapios.org\/pt\/es\/#organization"},"potentialAction":[{"@type":"SearchAction","target":{"@type":"EntryPoint","urlTemplate":"https:\/\/www.itakaescolapios.org\/pt\/es\/?s={search_term_string}"},"query-input":{"@type":"PropertyValueSpecification","valueRequired":true,"valueName":"search_term_string"}}],"inLanguage":"pt-BR"},{"@type":"Organization","@id":"https:\/\/www.itakaescolapios.org\/pt\/es\/#organization","name":"Fundaci\u00f3 Itaka-Escolapios","url":"https:\/\/www.itakaescolapios.org\/pt\/es\/","logo":{"@type":"ImageObject","inLanguage":"pt-BR","@id":"https:\/\/www.itakaescolapios.org\/pt\/es\/#\/schema\/logo\/image\/","url":"https:\/\/www.itakaescolapios.org\/wp-content\/uploads\/2024\/04\/Logo-itakaescolapios-peque.png","contentUrl":"https:\/\/www.itakaescolapios.org\/wp-content\/uploads\/2024\/04\/Logo-itakaescolapios-peque.png","width":500,"height":199,"caption":"Fundaci\u00f3 Itaka-Escolapios"},"image":{"@id":"https:\/\/www.itakaescolapios.org\/pt\/es\/#\/schema\/logo\/image\/"}},{"@type":"Person","@id":"https:\/\/www.itakaescolapios.org\/es\/#\/schema\/person\/9cc185e6cd9bcae456bb4586c2d42ea3","name":"gasteiz02","url":"https:\/\/www.itakaescolapios.org\/pt\/author\/gasteiz02\/"}]}},"_links":{"self":[{"href":"https:\/\/www.itakaescolapios.org\/pt\/wp-json\/wp\/v2\/posts\/7011","targetHints":{"allow":["GET"]}}],"collection":[{"href":"https:\/\/www.itakaescolapios.org\/pt\/wp-json\/wp\/v2\/posts"}],"about":[{"href":"https:\/\/www.itakaescolapios.org\/pt\/wp-json\/wp\/v2\/types\/post"}],"author":[{"embeddable":true,"href":"https:\/\/www.itakaescolapios.org\/pt\/wp-json\/wp\/v2\/users\/42"}],"replies":[{"embeddable":true,"href":"https:\/\/www.itakaescolapios.org\/pt\/wp-json\/wp\/v2\/comments?post=7011"}],"version-history":[{"count":4,"href":"https:\/\/www.itakaescolapios.org\/pt\/wp-json\/wp\/v2\/posts\/7011\/revisions"}],"predecessor-version":[{"id":49492,"href":"https:\/\/www.itakaescolapios.org\/pt\/wp-json\/wp\/v2\/posts\/7011\/revisions\/49492"}],"wp:featuredmedia":[{"embeddable":true,"href":"https:\/\/www.itakaescolapios.org\/pt\/wp-json\/wp\/v2\/media\/7012"}],"wp:attachment":[{"href":"https:\/\/www.itakaescolapios.org\/pt\/wp-json\/wp\/v2\/media?parent=7011"}],"wp:term":[{"taxonomy":"category","embeddable":true,"href":"https:\/\/www.itakaescolapios.org\/pt\/wp-json\/wp\/v2\/categories?post=7011"},{"taxonomy":"post_tag","embeddable":true,"href":"https:\/\/www.itakaescolapios.org\/pt\/wp-json\/wp\/v2\/tags?post=7011"}],"curies":[{"name":"wp","href":"https:\/\/api.w.org\/{rel}","templated":true}]}}