{"id":7300,"date":"2013-09-29T11:11:41","date_gmt":"2013-09-29T10:11:41","guid":{"rendered":"https:\/\/www.itakaescolapios.org\/?p=7300"},"modified":"2023-11-28T12:39:17","modified_gmt":"2023-11-28T11:39:17","slug":"comienzo-de-curso-en-el-movimiento-calasanz-cordoba","status":"publish","type":"post","link":"https:\/\/www.itakaescolapios.org\/pt\/2013\/09\/comienzo-de-curso-en-el-movimiento-calasanz-cordoba\/","title":{"rendered":"Comienzo de curso en el Movimiento Calasanz C\u00f3rdoba"},"content":{"rendered":"<p>El pasado s\u00e1bado 21 de septiembre tuvo lugar el encuentro de catequistas de C\u00f3rdoba para comenzar a planificar el curso del Movimiento Calasanz C\u00f3rdoba. Alrededor de 27 catequistas nos reunimos para organizar actividades y encuentros, convivir juntos durante un d\u00eda y celebrar la eucarist\u00eda. Un rato productivo en el que nuestros catequistas est\u00e1n muy motivados por comenzar un nuevo curso lleno de ilusiones.<\/p>\n","protected":false},"excerpt":{"rendered":"<p>El pasado s\u00e1bado 21 de septiembre tuvo lugar el encuentro de catequistas de C\u00f3rdoba para comenzar a planificar el curso del Movimiento Calasanz C\u00f3rdoba. Alrededor de 27 catequistas nos reunimos [&hellip;]<\/p>\n","protected":false},"author":23,"featured_media":7301,"comment_status":"closed","ping_status":"closed","sticky":false,"template":"","format":"standard","meta":{"_et_pb_use_builder":"","_et_pb_old_content":"","_et_gb_content_width":"","footnotes":""},"categories":[18],"tags":[],"class_list":["post-7300","post","type-post","status-publish","format-standard","has-post-thumbnail","hentry","category-cordoba"],"yoast_head":"<!-- This site is optimized with the Yoast SEO plugin v27.4 - https:\/\/yoast.com\/product\/yoast-seo-wordpress\/ -->\n<title>Comienzo de curso en el Movimiento Calasanz C\u00f3rdoba<\/title>\n<meta name=\"description\" content=\"El pasado s\u00e1bado 21 de septiembre tuvo lugar el encuentro de catequistas de C\u00f3rdoba para comenzar a planificar el curso del Movimiento Calasanz C\u00f3rdoba. Alrededor de 27 catequistas nos reunimos para organizar actividades y encuentros, convivir juntos durante un d\u00eda y celebrar la eucarist\u00eda. Un rato productivo en el que nuestros catequistas est\u00e1n muy motivados&hellip;\" \/>\n<meta name=\"robots\" content=\"index, follow, max-snippet:-1, max-image-preview:large, max-video-preview:-1\" \/>\n<link rel=\"canonical\" href=\"http:\/\/El%20pasado%20s\u00e1bado%2021%20de%20septiembre%20tuvo%20lugar%20el%20encuentro%20de%20catequistas%20de%20C\u00f3rdoba%20para%20comenzar%20a%20planificar%20el%20curso%20del%20Movimiento%20Calasanz%20C\u00f3rdoba.%20Alrededor%20de%2027%20catequistas%20nos%20reunimos%20para%20organizar%20actividades%20y%20encuentros,%20convivir%20juntos%20durante%20un%20d\u00eda%20y%20celebrar%20la%20eucarist\u00eda.%20Un%20rato%20productivo%20en%20el%20que%20nuestros%20catequistas%20est\u00e1n%20muy%20motivados&hellip;\" \/>\n<meta property=\"og:locale\" content=\"pt_BR\" \/>\n<meta property=\"og:type\" content=\"article\" \/>\n<meta property=\"og:title\" content=\"Comienzo de curso en el Movimiento Calasanz C\u00f3rdoba\" \/>\n<meta property=\"og:description\" content=\"El pasado s\u00e1bado 21 de septiembre tuvo lugar el encuentro de catequistas de C\u00f3rdoba para comenzar a planificar el curso del Movimiento Calasanz C\u00f3rdoba. Alrededor de 27 catequistas nos reunimos para organizar actividades y encuentros, convivir juntos durante un d\u00eda y celebrar la eucarist\u00eda. Un rato productivo en el que nuestros catequistas est\u00e1n muy motivados&hellip;\" \/>\n<meta property=\"og:url\" content=\"https:\/\/www.itakaescolapios.org\/pt\/2013\/09\/comienzo-de-curso-en-el-movimiento-calasanz-cordoba\/\" \/>\n<meta property=\"og:site_name\" content=\"Itaka-Escolapios\" \/>\n<meta property=\"article:published_time\" content=\"2013-09-29T10:11:41+00:00\" \/>\n<meta property=\"article:modified_time\" content=\"2023-11-28T11:39:17+00:00\" \/>\n<meta property=\"og:image\" content=\"https:\/\/www.itakaescolapios.org\/wp-content\/uploads\/2013\/09\/catequistas.jpg\" \/>\n\t<meta property=\"og:image:width\" content=\"599\" \/>\n\t<meta property=\"og:image:height\" content=\"337\" \/>\n\t<meta property=\"og:image:type\" content=\"image\/jpeg\" \/>\n<meta name=\"author\" content=\"cordoba01\" \/>\n<meta name=\"twitter:card\" content=\"summary_large_image\" \/>\n<meta name=\"twitter:label1\" content=\"Escrito por\" \/>\n\t<meta name=\"twitter:data1\" content=\"cordoba01\" \/>\n<script type=\"application\/ld+json\" class=\"yoast-schema-graph\">{\"@context\":\"https:\\\/\\\/schema.org\",\"@graph\":[{\"@type\":\"Article\",\"@id\":\"https:\\\/\\\/www.itakaescolapios.org\\\/pt\\\/2013\\\/09\\\/comienzo-de-curso-en-el-movimiento-calasanz-cordoba\\\/#article\",\"isPartOf\":{\"@id\":\"https:\\\/\\\/www.itakaescolapios.org\\\/pt\\\/2013\\\/09\\\/comienzo-de-curso-en-el-movimiento-calasanz-cordoba\\\/\"},\"author\":{\"name\":\"cordoba01\",\"@id\":\"https:\\\/\\\/www.itakaescolapios.org\\\/es\\\/#\\\/schema\\\/person\\\/2393782712fccfca7107fe982babfe79\"},\"headline\":\"Comienzo de curso en el Movimiento Calasanz C\u00f3rdoba\",\"datePublished\":\"2013-09-29T10:11:41+00:00\",\"dateModified\":\"2023-11-28T11:39:17+00:00\",\"mainEntityOfPage\":{\"@id\":\"https:\\\/\\\/www.itakaescolapios.org\\\/pt\\\/2013\\\/09\\\/comienzo-de-curso-en-el-movimiento-calasanz-cordoba\\\/\"},\"wordCount\":76,\"publisher\":{\"@id\":\"https:\\\/\\\/www.itakaescolapios.org\\\/es\\\/#organization\"},\"image\":{\"@id\":\"https:\\\/\\\/www.itakaescolapios.org\\\/pt\\\/2013\\\/09\\\/comienzo-de-curso-en-el-movimiento-calasanz-cordoba\\\/#primaryimage\"},\"thumbnailUrl\":\"https:\\\/\\\/www.itakaescolapios.org\\\/wp-content\\\/uploads\\\/2013\\\/09\\\/catequistas.jpg\",\"articleSection\":[\"C\u00f3rdoba\"],\"inLanguage\":\"pt-BR\"},{\"@type\":\"WebPage\",\"@id\":\"https:\\\/\\\/www.itakaescolapios.org\\\/pt\\\/2013\\\/09\\\/comienzo-de-curso-en-el-movimiento-calasanz-cordoba\\\/\",\"url\":\"https:\\\/\\\/www.itakaescolapios.org\\\/pt\\\/2013\\\/09\\\/comienzo-de-curso-en-el-movimiento-calasanz-cordoba\\\/\",\"name\":\"Comienzo de curso en el Movimiento Calasanz C\u00f3rdoba - Itaka-Escolapios\",\"isPartOf\":{\"@id\":\"https:\\\/\\\/www.itakaescolapios.org\\\/es\\\/#website\"},\"primaryImageOfPage\":{\"@id\":\"https:\\\/\\\/www.itakaescolapios.org\\\/pt\\\/2013\\\/09\\\/comienzo-de-curso-en-el-movimiento-calasanz-cordoba\\\/#primaryimage\"},\"image\":{\"@id\":\"https:\\\/\\\/www.itakaescolapios.org\\\/pt\\\/2013\\\/09\\\/comienzo-de-curso-en-el-movimiento-calasanz-cordoba\\\/#primaryimage\"},\"thumbnailUrl\":\"https:\\\/\\\/www.itakaescolapios.org\\\/wp-content\\\/uploads\\\/2013\\\/09\\\/catequistas.jpg\",\"datePublished\":\"2013-09-29T10:11:41+00:00\",\"dateModified\":\"2023-11-28T11:39:17+00:00\",\"breadcrumb\":{\"@id\":\"https:\\\/\\\/www.itakaescolapios.org\\\/pt\\\/2013\\\/09\\\/comienzo-de-curso-en-el-movimiento-calasanz-cordoba\\\/#breadcrumb\"},\"inLanguage\":\"pt-BR\",\"potentialAction\":[{\"@type\":\"ReadAction\",\"target\":[\"https:\\\/\\\/www.itakaescolapios.org\\\/pt\\\/2013\\\/09\\\/comienzo-de-curso-en-el-movimiento-calasanz-cordoba\\\/\"]}]},{\"@type\":\"ImageObject\",\"inLanguage\":\"pt-BR\",\"@id\":\"https:\\\/\\\/www.itakaescolapios.org\\\/pt\\\/2013\\\/09\\\/comienzo-de-curso-en-el-movimiento-calasanz-cordoba\\\/#primaryimage\",\"url\":\"https:\\\/\\\/www.itakaescolapios.org\\\/wp-content\\\/uploads\\\/2013\\\/09\\\/catequistas.jpg\",\"contentUrl\":\"https:\\\/\\\/www.itakaescolapios.org\\\/wp-content\\\/uploads\\\/2013\\\/09\\\/catequistas.jpg\",\"width\":\"599\",\"height\":\"337\"},{\"@type\":\"BreadcrumbList\",\"@id\":\"https:\\\/\\\/www.itakaescolapios.org\\\/pt\\\/2013\\\/09\\\/comienzo-de-curso-en-el-movimiento-calasanz-cordoba\\\/#breadcrumb\",\"itemListElement\":[{\"@type\":\"ListItem\",\"position\":1,\"name\":\"Itaka-Escolapios\",\"item\":\"https:\\\/\\\/www.itakaescolapios.org\\\/es\\\/\"},{\"@type\":\"ListItem\",\"position\":2,\"name\":\"Comienzo de curso en el Movimiento Calasanz C\u00f3rdoba\"}]},{\"@type\":\"WebSite\",\"@id\":\"https:\\\/\\\/www.itakaescolapios.org\\\/pt\\\/es\\\/#website\",\"url\":\"https:\\\/\\\/www.itakaescolapios.org\\\/pt\\\/es\\\/\",\"name\":\"Itaka-Escolapios\",\"description\":\"Red de Itaka-Escolapios\",\"publisher\":{\"@id\":\"https:\\\/\\\/www.itakaescolapios.org\\\/pt\\\/es\\\/#organization\"},\"potentialAction\":[{\"@type\":\"SearchAction\",\"target\":{\"@type\":\"EntryPoint\",\"urlTemplate\":\"https:\\\/\\\/www.itakaescolapios.org\\\/pt\\\/es\\\/?s={search_term_string}\"},\"query-input\":{\"@type\":\"PropertyValueSpecification\",\"valueRequired\":true,\"valueName\":\"search_term_string\"}}],\"inLanguage\":\"pt-BR\"},{\"@type\":\"Organization\",\"@id\":\"https:\\\/\\\/www.itakaescolapios.org\\\/pt\\\/es\\\/#organization\",\"name\":\"Fundaci\u00f3 Itaka-Escolapios\",\"url\":\"https:\\\/\\\/www.itakaescolapios.org\\\/pt\\\/es\\\/\",\"logo\":{\"@type\":\"ImageObject\",\"inLanguage\":\"pt-BR\",\"@id\":\"https:\\\/\\\/www.itakaescolapios.org\\\/pt\\\/es\\\/#\\\/schema\\\/logo\\\/image\\\/\",\"url\":\"https:\\\/\\\/www.itakaescolapios.org\\\/wp-content\\\/uploads\\\/2024\\\/04\\\/Logo-itakaescolapios-peque.png\",\"contentUrl\":\"https:\\\/\\\/www.itakaescolapios.org\\\/wp-content\\\/uploads\\\/2024\\\/04\\\/Logo-itakaescolapios-peque.png\",\"width\":500,\"height\":199,\"caption\":\"Fundaci\u00f3 Itaka-Escolapios\"},\"image\":{\"@id\":\"https:\\\/\\\/www.itakaescolapios.org\\\/pt\\\/es\\\/#\\\/schema\\\/logo\\\/image\\\/\"}},{\"@type\":\"Person\",\"@id\":\"https:\\\/\\\/www.itakaescolapios.org\\\/es\\\/#\\\/schema\\\/person\\\/2393782712fccfca7107fe982babfe79\",\"name\":\"cordoba01\",\"url\":\"https:\\\/\\\/www.itakaescolapios.org\\\/pt\\\/author\\\/cordoba01\\\/\"}]}<\/script>\n<!-- \/ Yoast SEO plugin. -->","yoast_head_json":{"title":"Comienzo de curso en el Movimiento Calasanz C\u00f3rdoba","description":"El pasado s\u00e1bado 21 de septiembre tuvo lugar el encuentro de catequistas de C\u00f3rdoba para comenzar a planificar el curso del Movimiento Calasanz C\u00f3rdoba. Alrededor de 27 catequistas nos reunimos para organizar actividades y encuentros, convivir juntos durante un d\u00eda y celebrar la eucarist\u00eda. Un rato productivo en el que nuestros catequistas est\u00e1n muy motivados&hellip;","robots":{"index":"index","follow":"follow","max-snippet":"max-snippet:-1","max-image-preview":"max-image-preview:large","max-video-preview":"max-video-preview:-1"},"canonical":"El pasado s\u00e1bado 21 de septiembre tuvo lugar el encuentro de catequistas de C\u00f3rdoba para comenzar a planificar el curso del Movimiento Calasanz C\u00f3rdoba. Alrededor de 27 catequistas nos reunimos para organizar actividades y encuentros, convivir juntos durante un d\u00eda y celebrar la eucarist\u00eda. Un rato productivo en el que nuestros catequistas est\u00e1n muy motivados&hellip;","og_locale":"pt_BR","og_type":"article","og_title":"Comienzo de curso en el Movimiento Calasanz C\u00f3rdoba","og_description":"El pasado s\u00e1bado 21 de septiembre tuvo lugar el encuentro de catequistas de C\u00f3rdoba para comenzar a planificar el curso del Movimiento Calasanz C\u00f3rdoba. Alrededor de 27 catequistas nos reunimos para organizar actividades y encuentros, convivir juntos durante un d\u00eda y celebrar la eucarist\u00eda. Un rato productivo en el que nuestros catequistas est\u00e1n muy motivados&hellip;","og_url":"https:\/\/www.itakaescolapios.org\/pt\/2013\/09\/comienzo-de-curso-en-el-movimiento-calasanz-cordoba\/","og_site_name":"Itaka-Escolapios","article_published_time":"2013-09-29T10:11:41+00:00","article_modified_time":"2023-11-28T11:39:17+00:00","og_image":[{"width":599,"height":337,"url":"https:\/\/www.itakaescolapios.org\/wp-content\/uploads\/2013\/09\/catequistas.jpg","type":"image\/jpeg"}],"author":"cordoba01","twitter_card":"summary_large_image","twitter_misc":{"Escrito por":"cordoba01"},"schema":{"@context":"https:\/\/schema.org","@graph":[{"@type":"Article","@id":"https:\/\/www.itakaescolapios.org\/pt\/2013\/09\/comienzo-de-curso-en-el-movimiento-calasanz-cordoba\/#article","isPartOf":{"@id":"https:\/\/www.itakaescolapios.org\/pt\/2013\/09\/comienzo-de-curso-en-el-movimiento-calasanz-cordoba\/"},"author":{"name":"cordoba01","@id":"https:\/\/www.itakaescolapios.org\/es\/#\/schema\/person\/2393782712fccfca7107fe982babfe79"},"headline":"Comienzo de curso en el Movimiento Calasanz C\u00f3rdoba","datePublished":"2013-09-29T10:11:41+00:00","dateModified":"2023-11-28T11:39:17+00:00","mainEntityOfPage":{"@id":"https:\/\/www.itakaescolapios.org\/pt\/2013\/09\/comienzo-de-curso-en-el-movimiento-calasanz-cordoba\/"},"wordCount":76,"publisher":{"@id":"https:\/\/www.itakaescolapios.org\/es\/#organization"},"image":{"@id":"https:\/\/www.itakaescolapios.org\/pt\/2013\/09\/comienzo-de-curso-en-el-movimiento-calasanz-cordoba\/#primaryimage"},"thumbnailUrl":"https:\/\/www.itakaescolapios.org\/wp-content\/uploads\/2013\/09\/catequistas.jpg","articleSection":["C\u00f3rdoba"],"inLanguage":"pt-BR"},{"@type":"WebPage","@id":"https:\/\/www.itakaescolapios.org\/pt\/2013\/09\/comienzo-de-curso-en-el-movimiento-calasanz-cordoba\/","url":"https:\/\/www.itakaescolapios.org\/pt\/2013\/09\/comienzo-de-curso-en-el-movimiento-calasanz-cordoba\/","name":"Comienzo de curso en el Movimiento Calasanz C\u00f3rdoba - Itaka-Escolapios","isPartOf":{"@id":"https:\/\/www.itakaescolapios.org\/es\/#website"},"primaryImageOfPage":{"@id":"https:\/\/www.itakaescolapios.org\/pt\/2013\/09\/comienzo-de-curso-en-el-movimiento-calasanz-cordoba\/#primaryimage"},"image":{"@id":"https:\/\/www.itakaescolapios.org\/pt\/2013\/09\/comienzo-de-curso-en-el-movimiento-calasanz-cordoba\/#primaryimage"},"thumbnailUrl":"https:\/\/www.itakaescolapios.org\/wp-content\/uploads\/2013\/09\/catequistas.jpg","datePublished":"2013-09-29T10:11:41+00:00","dateModified":"2023-11-28T11:39:17+00:00","breadcrumb":{"@id":"https:\/\/www.itakaescolapios.org\/pt\/2013\/09\/comienzo-de-curso-en-el-movimiento-calasanz-cordoba\/#breadcrumb"},"inLanguage":"pt-BR","potentialAction":[{"@type":"ReadAction","target":["https:\/\/www.itakaescolapios.org\/pt\/2013\/09\/comienzo-de-curso-en-el-movimiento-calasanz-cordoba\/"]}]},{"@type":"ImageObject","inLanguage":"pt-BR","@id":"https:\/\/www.itakaescolapios.org\/pt\/2013\/09\/comienzo-de-curso-en-el-movimiento-calasanz-cordoba\/#primaryimage","url":"https:\/\/www.itakaescolapios.org\/wp-content\/uploads\/2013\/09\/catequistas.jpg","contentUrl":"https:\/\/www.itakaescolapios.org\/wp-content\/uploads\/2013\/09\/catequistas.jpg","width":"599","height":"337"},{"@type":"BreadcrumbList","@id":"https:\/\/www.itakaescolapios.org\/pt\/2013\/09\/comienzo-de-curso-en-el-movimiento-calasanz-cordoba\/#breadcrumb","itemListElement":[{"@type":"ListItem","position":1,"name":"Itaka-Escolapios","item":"https:\/\/www.itakaescolapios.org\/es\/"},{"@type":"ListItem","position":2,"name":"Comienzo de curso en el Movimiento Calasanz C\u00f3rdoba"}]},{"@type":"WebSite","@id":"https:\/\/www.itakaescolapios.org\/pt\/es\/#website","url":"https:\/\/www.itakaescolapios.org\/pt\/es\/","name":"Itaka-Escolapios","description":"Red de Itaka-Escolapios","publisher":{"@id":"https:\/\/www.itakaescolapios.org\/pt\/es\/#organization"},"potentialAction":[{"@type":"SearchAction","target":{"@type":"EntryPoint","urlTemplate":"https:\/\/www.itakaescolapios.org\/pt\/es\/?s={search_term_string}"},"query-input":{"@type":"PropertyValueSpecification","valueRequired":true,"valueName":"search_term_string"}}],"inLanguage":"pt-BR"},{"@type":"Organization","@id":"https:\/\/www.itakaescolapios.org\/pt\/es\/#organization","name":"Fundaci\u00f3 Itaka-Escolapios","url":"https:\/\/www.itakaescolapios.org\/pt\/es\/","logo":{"@type":"ImageObject","inLanguage":"pt-BR","@id":"https:\/\/www.itakaescolapios.org\/pt\/es\/#\/schema\/logo\/image\/","url":"https:\/\/www.itakaescolapios.org\/wp-content\/uploads\/2024\/04\/Logo-itakaescolapios-peque.png","contentUrl":"https:\/\/www.itakaescolapios.org\/wp-content\/uploads\/2024\/04\/Logo-itakaescolapios-peque.png","width":500,"height":199,"caption":"Fundaci\u00f3 Itaka-Escolapios"},"image":{"@id":"https:\/\/www.itakaescolapios.org\/pt\/es\/#\/schema\/logo\/image\/"}},{"@type":"Person","@id":"https:\/\/www.itakaescolapios.org\/es\/#\/schema\/person\/2393782712fccfca7107fe982babfe79","name":"cordoba01","url":"https:\/\/www.itakaescolapios.org\/pt\/author\/cordoba01\/"}]}},"_links":{"self":[{"href":"https:\/\/www.itakaescolapios.org\/pt\/wp-json\/wp\/v2\/posts\/7300","targetHints":{"allow":["GET"]}}],"collection":[{"href":"https:\/\/www.itakaescolapios.org\/pt\/wp-json\/wp\/v2\/posts"}],"about":[{"href":"https:\/\/www.itakaescolapios.org\/pt\/wp-json\/wp\/v2\/types\/post"}],"author":[{"embeddable":true,"href":"https:\/\/www.itakaescolapios.org\/pt\/wp-json\/wp\/v2\/users\/23"}],"replies":[{"embeddable":true,"href":"https:\/\/www.itakaescolapios.org\/pt\/wp-json\/wp\/v2\/comments?post=7300"}],"version-history":[{"count":3,"href":"https:\/\/www.itakaescolapios.org\/pt\/wp-json\/wp\/v2\/posts\/7300\/revisions"}],"predecessor-version":[{"id":49436,"href":"https:\/\/www.itakaescolapios.org\/pt\/wp-json\/wp\/v2\/posts\/7300\/revisions\/49436"}],"wp:featuredmedia":[{"embeddable":true,"href":"https:\/\/www.itakaescolapios.org\/pt\/wp-json\/wp\/v2\/media\/7301"}],"wp:attachment":[{"href":"https:\/\/www.itakaescolapios.org\/pt\/wp-json\/wp\/v2\/media?parent=7300"}],"wp:term":[{"taxonomy":"category","embeddable":true,"href":"https:\/\/www.itakaescolapios.org\/pt\/wp-json\/wp\/v2\/categories?post=7300"},{"taxonomy":"post_tag","embeddable":true,"href":"https:\/\/www.itakaescolapios.org\/pt\/wp-json\/wp\/v2\/tags?post=7300"}],"curies":[{"name":"wp","href":"https:\/\/api.w.org\/{rel}","templated":true}]}}