{"id":7303,"date":"2013-09-29T22:00:22","date_gmt":"2013-09-29T21:00:22","guid":{"rendered":"https:\/\/www.itakaescolapios.org\/?p=7303"},"modified":"2023-11-28T12:39:16","modified_gmt":"2023-11-28T11:39:16","slug":"paso-de-mikel-gurea-2013-en-irurtzun","status":"publish","type":"post","link":"https:\/\/www.itakaescolapios.org\/pt\/2013\/09\/paso-de-mikel-gurea-2013-en-irurtzun\/","title":{"rendered":"Paso de Mikel Gurea 2013 en Irurtzun"},"content":{"rendered":"<p>El 28 y 29 de septiembre ha sido la fecha elegida para la actividad del Paso de los grupos de Mikel Gurea de Pamplona-Iru\u00f1a. Nos han acompa\u00f1ado tambi\u00e9n los chavales de Bidean (14 a 17 a\u00f1os) que han animado las distintas pruebas y juegos. Han sido dos d\u00edas emocionantes para convivir, para disfrutar, para comenzar con ilusi\u00f3n nuestra aventura de Mikel Gurea y Bidean. Adem\u00e1s, nos hemos unidos a otros muchos grupos escolapios del mundo que tambi\u00e9n comenzaban en estos d\u00edas su aventura: el Movimiento Calasanz- Calasanz Kideak. Para ver m\u00e1s fotos pincha en el siguiente link:<\/p>\n<p><a href=\"https:\/\/picasaweb.google.com\/106180585362738292146\/Paso2013Primaria?authkey=Gv1sRgCOfFhMjdnaqp6AE\">https:\/\/picasaweb.google.com\/106180585362738292146\/Paso2013Primaria?authkey=Gv1sRgCOfFhMjdnaqp6AE<\/a><\/p>\n<p><a href=\"https:\/\/www.itakaescolapios.org\/wp-content\/uploads\/2013\/09\/IMG_7363.jpg\"><img decoding=\"async\" class=\"aligncenter size-medium wp-image-7304\" src=\"https:\/\/www.itakaescolapios.org\/wp-content\/uploads\/2013\/09\/IMG_7363-300x225.jpg\" alt=\"\" width=\"300\" height=\"225\" srcset=\"https:\/\/www.itakaescolapios.org\/wp-content\/uploads\/2013\/09\/IMG_7363-300x225.jpg 300w, https:\/\/www.itakaescolapios.org\/wp-content\/uploads\/2013\/09\/IMG_7363-1024x768.jpg 1024w, https:\/\/www.itakaescolapios.org\/wp-content\/uploads\/2013\/09\/IMG_7363-250x187.jpg 250w, https:\/\/www.itakaescolapios.org\/wp-content\/uploads\/2013\/09\/IMG_7363.jpg 2000w\" sizes=\"(max-width: 300px) 100vw, 300px\" \/><\/a><!--more--><\/p>\n","protected":false},"excerpt":{"rendered":"<p>El 28 y 29 de septiembre ha sido la fecha elegida para la actividad del Paso de los grupos de Mikel Gurea de Pamplona-Iru\u00f1a. Nos han acompa\u00f1ado tambi\u00e9n los chavales [&hellip;]<\/p>\n","protected":false},"author":29,"featured_media":7352,"comment_status":"closed","ping_status":"closed","sticky":false,"template":"","format":"standard","meta":{"_et_pb_use_builder":"","_et_pb_old_content":"","_et_gb_content_width":"","footnotes":""},"categories":[20],"tags":[],"class_list":["post-7303","post","type-post","status-publish","format-standard","has-post-thumbnail","hentry","category-pamplona-iruna"],"yoast_head":"<!-- This site is optimized with the Yoast SEO plugin v27.4 - https:\/\/yoast.com\/product\/yoast-seo-wordpress\/ -->\n<title>Paso de Mikel Gurea 2013 en Irurtzun<\/title>\n<meta name=\"description\" content=\"El 28 y 29 de septiembre ha sido la fecha elegida para la actividad del Paso de los grupos de Mikel Gurea de Pamplona-Iru\u00f1a. Nos han acompa\u00f1ado tambi\u00e9n los chavales de Bidean (14 a 17 a\u00f1os) que han animado las distintas pruebas y juegos. Han sido dos d\u00edas emocionantes para convivir, para disfrutar, para comenzar&hellip;\" \/>\n<meta name=\"robots\" content=\"index, follow, max-snippet:-1, max-image-preview:large, max-video-preview:-1\" \/>\n<link rel=\"canonical\" href=\"http:\/\/El%2028%20y%2029%20de%20septiembre%20ha%20sido%20la%20fecha%20elegida%20para%20la%20actividad%20del%20Paso%20de%20los%20grupos%20de%20Mikel%20Gurea%20de%20Pamplona-Iru\u00f1a.%20Nos%20han%20acompa\u00f1ado%20tambi\u00e9n%20los%20chavales%20de%20Bidean%20(14%20a%2017%20a\u00f1os)%20que%20han%20animado%20las%20distintas%20pruebas%20y%20juegos.%20Han%20sido%20dos%20d\u00edas%20emocionantes%20para%20convivir,%20para%20disfrutar,%20para%20comenzar&hellip;\" \/>\n<meta property=\"og:locale\" content=\"pt_BR\" \/>\n<meta property=\"og:type\" content=\"article\" \/>\n<meta property=\"og:title\" content=\"Paso de Mikel Gurea 2013 en Irurtzun\" \/>\n<meta property=\"og:description\" content=\"El 28 y 29 de septiembre ha sido la fecha elegida para la actividad del Paso de los grupos de Mikel Gurea de Pamplona-Iru\u00f1a. Nos han acompa\u00f1ado tambi\u00e9n los chavales de Bidean (14 a 17 a\u00f1os) que han animado las distintas pruebas y juegos. Han sido dos d\u00edas emocionantes para convivir, para disfrutar, para comenzar&hellip;\" \/>\n<meta property=\"og:url\" content=\"https:\/\/www.itakaescolapios.org\/pt\/2013\/09\/paso-de-mikel-gurea-2013-en-irurtzun\/\" \/>\n<meta property=\"og:site_name\" content=\"Itaka-Escolapios\" \/>\n<meta property=\"article:published_time\" content=\"2013-09-29T21:00:22+00:00\" \/>\n<meta property=\"article:modified_time\" content=\"2023-11-28T11:39:16+00:00\" \/>\n<meta property=\"og:image\" content=\"https:\/\/www.itakaescolapios.org\/wp-content\/uploads\/2013\/09\/IMG_7363-300x2251.jpg\" \/>\n\t<meta property=\"og:image:width\" content=\"300\" \/>\n\t<meta property=\"og:image:height\" content=\"225\" \/>\n\t<meta property=\"og:image:type\" content=\"image\/jpeg\" \/>\n<meta name=\"author\" content=\"pamplona01\" \/>\n<meta name=\"twitter:card\" content=\"summary_large_image\" \/>\n<meta name=\"twitter:label1\" content=\"Escrito por\" \/>\n\t<meta name=\"twitter:data1\" content=\"pamplona01\" \/>\n\t<meta name=\"twitter:label2\" content=\"Est. tempo de leitura\" \/>\n\t<meta name=\"twitter:data2\" content=\"1 minuto\" \/>\n<script type=\"application\/ld+json\" class=\"yoast-schema-graph\">{\"@context\":\"https:\\\/\\\/schema.org\",\"@graph\":[{\"@type\":\"Article\",\"@id\":\"https:\\\/\\\/www.itakaescolapios.org\\\/pt\\\/2013\\\/09\\\/paso-de-mikel-gurea-2013-en-irurtzun\\\/#article\",\"isPartOf\":{\"@id\":\"https:\\\/\\\/www.itakaescolapios.org\\\/pt\\\/2013\\\/09\\\/paso-de-mikel-gurea-2013-en-irurtzun\\\/\"},\"author\":{\"name\":\"pamplona01\",\"@id\":\"https:\\\/\\\/www.itakaescolapios.org\\\/es\\\/#\\\/schema\\\/person\\\/a44de70f9a43a90c3e0f59aaaffd61f3\"},\"headline\":\"Paso de Mikel Gurea 2013 en Irurtzun\",\"datePublished\":\"2013-09-29T21:00:22+00:00\",\"dateModified\":\"2023-11-28T11:39:16+00:00\",\"mainEntityOfPage\":{\"@id\":\"https:\\\/\\\/www.itakaescolapios.org\\\/pt\\\/2013\\\/09\\\/paso-de-mikel-gurea-2013-en-irurtzun\\\/\"},\"wordCount\":119,\"publisher\":{\"@id\":\"https:\\\/\\\/www.itakaescolapios.org\\\/es\\\/#organization\"},\"image\":{\"@id\":\"https:\\\/\\\/www.itakaescolapios.org\\\/pt\\\/2013\\\/09\\\/paso-de-mikel-gurea-2013-en-irurtzun\\\/#primaryimage\"},\"thumbnailUrl\":\"https:\\\/\\\/www.itakaescolapios.org\\\/wp-content\\\/uploads\\\/2013\\\/09\\\/IMG_7363-300x2251.jpg\",\"articleSection\":[\"Pamplona-Iru\u00f1a\"],\"inLanguage\":\"pt-BR\"},{\"@type\":\"WebPage\",\"@id\":\"https:\\\/\\\/www.itakaescolapios.org\\\/pt\\\/2013\\\/09\\\/paso-de-mikel-gurea-2013-en-irurtzun\\\/\",\"url\":\"https:\\\/\\\/www.itakaescolapios.org\\\/pt\\\/2013\\\/09\\\/paso-de-mikel-gurea-2013-en-irurtzun\\\/\",\"name\":\"Paso de Mikel Gurea 2013 en Irurtzun - Itaka-Escolapios\",\"isPartOf\":{\"@id\":\"https:\\\/\\\/www.itakaescolapios.org\\\/es\\\/#website\"},\"primaryImageOfPage\":{\"@id\":\"https:\\\/\\\/www.itakaescolapios.org\\\/pt\\\/2013\\\/09\\\/paso-de-mikel-gurea-2013-en-irurtzun\\\/#primaryimage\"},\"image\":{\"@id\":\"https:\\\/\\\/www.itakaescolapios.org\\\/pt\\\/2013\\\/09\\\/paso-de-mikel-gurea-2013-en-irurtzun\\\/#primaryimage\"},\"thumbnailUrl\":\"https:\\\/\\\/www.itakaescolapios.org\\\/wp-content\\\/uploads\\\/2013\\\/09\\\/IMG_7363-300x2251.jpg\",\"datePublished\":\"2013-09-29T21:00:22+00:00\",\"dateModified\":\"2023-11-28T11:39:16+00:00\",\"breadcrumb\":{\"@id\":\"https:\\\/\\\/www.itakaescolapios.org\\\/pt\\\/2013\\\/09\\\/paso-de-mikel-gurea-2013-en-irurtzun\\\/#breadcrumb\"},\"inLanguage\":\"pt-BR\",\"potentialAction\":[{\"@type\":\"ReadAction\",\"target\":[\"https:\\\/\\\/www.itakaescolapios.org\\\/pt\\\/2013\\\/09\\\/paso-de-mikel-gurea-2013-en-irurtzun\\\/\"]}]},{\"@type\":\"ImageObject\",\"inLanguage\":\"pt-BR\",\"@id\":\"https:\\\/\\\/www.itakaescolapios.org\\\/pt\\\/2013\\\/09\\\/paso-de-mikel-gurea-2013-en-irurtzun\\\/#primaryimage\",\"url\":\"https:\\\/\\\/www.itakaescolapios.org\\\/wp-content\\\/uploads\\\/2013\\\/09\\\/IMG_7363-300x2251.jpg\",\"contentUrl\":\"https:\\\/\\\/www.itakaescolapios.org\\\/wp-content\\\/uploads\\\/2013\\\/09\\\/IMG_7363-300x2251.jpg\",\"width\":\"300\",\"height\":\"225\"},{\"@type\":\"BreadcrumbList\",\"@id\":\"https:\\\/\\\/www.itakaescolapios.org\\\/pt\\\/2013\\\/09\\\/paso-de-mikel-gurea-2013-en-irurtzun\\\/#breadcrumb\",\"itemListElement\":[{\"@type\":\"ListItem\",\"position\":1,\"name\":\"Itaka-Escolapios\",\"item\":\"https:\\\/\\\/www.itakaescolapios.org\\\/es\\\/\"},{\"@type\":\"ListItem\",\"position\":2,\"name\":\"Paso de Mikel Gurea 2013 en Irurtzun\"}]},{\"@type\":\"WebSite\",\"@id\":\"https:\\\/\\\/www.itakaescolapios.org\\\/pt\\\/es\\\/#website\",\"url\":\"https:\\\/\\\/www.itakaescolapios.org\\\/pt\\\/es\\\/\",\"name\":\"Itaka-Escolapios\",\"description\":\"Red de Itaka-Escolapios\",\"publisher\":{\"@id\":\"https:\\\/\\\/www.itakaescolapios.org\\\/pt\\\/es\\\/#organization\"},\"potentialAction\":[{\"@type\":\"SearchAction\",\"target\":{\"@type\":\"EntryPoint\",\"urlTemplate\":\"https:\\\/\\\/www.itakaescolapios.org\\\/pt\\\/es\\\/?s={search_term_string}\"},\"query-input\":{\"@type\":\"PropertyValueSpecification\",\"valueRequired\":true,\"valueName\":\"search_term_string\"}}],\"inLanguage\":\"pt-BR\"},{\"@type\":\"Organization\",\"@id\":\"https:\\\/\\\/www.itakaescolapios.org\\\/pt\\\/es\\\/#organization\",\"name\":\"Fundaci\u00f3 Itaka-Escolapios\",\"url\":\"https:\\\/\\\/www.itakaescolapios.org\\\/pt\\\/es\\\/\",\"logo\":{\"@type\":\"ImageObject\",\"inLanguage\":\"pt-BR\",\"@id\":\"https:\\\/\\\/www.itakaescolapios.org\\\/pt\\\/es\\\/#\\\/schema\\\/logo\\\/image\\\/\",\"url\":\"https:\\\/\\\/www.itakaescolapios.org\\\/wp-content\\\/uploads\\\/2024\\\/04\\\/Logo-itakaescolapios-peque.png\",\"contentUrl\":\"https:\\\/\\\/www.itakaescolapios.org\\\/wp-content\\\/uploads\\\/2024\\\/04\\\/Logo-itakaescolapios-peque.png\",\"width\":500,\"height\":199,\"caption\":\"Fundaci\u00f3 Itaka-Escolapios\"},\"image\":{\"@id\":\"https:\\\/\\\/www.itakaescolapios.org\\\/pt\\\/es\\\/#\\\/schema\\\/logo\\\/image\\\/\"}},{\"@type\":\"Person\",\"@id\":\"https:\\\/\\\/www.itakaescolapios.org\\\/es\\\/#\\\/schema\\\/person\\\/a44de70f9a43a90c3e0f59aaaffd61f3\",\"name\":\"pamplona01\",\"url\":\"https:\\\/\\\/www.itakaescolapios.org\\\/pt\\\/author\\\/pamplona01\\\/\"}]}<\/script>\n<!-- \/ Yoast SEO plugin. -->","yoast_head_json":{"title":"Paso de Mikel Gurea 2013 en Irurtzun","description":"El 28 y 29 de septiembre ha sido la fecha elegida para la actividad del Paso de los grupos de Mikel Gurea de Pamplona-Iru\u00f1a. Nos han acompa\u00f1ado tambi\u00e9n los chavales de Bidean (14 a 17 a\u00f1os) que han animado las distintas pruebas y juegos. Han sido dos d\u00edas emocionantes para convivir, para disfrutar, para comenzar&hellip;","robots":{"index":"index","follow":"follow","max-snippet":"max-snippet:-1","max-image-preview":"max-image-preview:large","max-video-preview":"max-video-preview:-1"},"canonical":"El 28 y 29 de septiembre ha sido la fecha elegida para la actividad del Paso de los grupos de Mikel Gurea de Pamplona-Iru\u00f1a. Nos han acompa\u00f1ado tambi\u00e9n los chavales de Bidean (14 a 17 a\u00f1os) que han animado las distintas pruebas y juegos. Han sido dos d\u00edas emocionantes para convivir, para disfrutar, para comenzar&hellip;","og_locale":"pt_BR","og_type":"article","og_title":"Paso de Mikel Gurea 2013 en Irurtzun","og_description":"El 28 y 29 de septiembre ha sido la fecha elegida para la actividad del Paso de los grupos de Mikel Gurea de Pamplona-Iru\u00f1a. Nos han acompa\u00f1ado tambi\u00e9n los chavales de Bidean (14 a 17 a\u00f1os) que han animado las distintas pruebas y juegos. Han sido dos d\u00edas emocionantes para convivir, para disfrutar, para comenzar&hellip;","og_url":"https:\/\/www.itakaescolapios.org\/pt\/2013\/09\/paso-de-mikel-gurea-2013-en-irurtzun\/","og_site_name":"Itaka-Escolapios","article_published_time":"2013-09-29T21:00:22+00:00","article_modified_time":"2023-11-28T11:39:16+00:00","og_image":[{"width":300,"height":225,"url":"https:\/\/www.itakaescolapios.org\/wp-content\/uploads\/2013\/09\/IMG_7363-300x2251.jpg","type":"image\/jpeg"}],"author":"pamplona01","twitter_card":"summary_large_image","twitter_misc":{"Escrito por":"pamplona01","Est. tempo de leitura":"1 minuto"},"schema":{"@context":"https:\/\/schema.org","@graph":[{"@type":"Article","@id":"https:\/\/www.itakaescolapios.org\/pt\/2013\/09\/paso-de-mikel-gurea-2013-en-irurtzun\/#article","isPartOf":{"@id":"https:\/\/www.itakaescolapios.org\/pt\/2013\/09\/paso-de-mikel-gurea-2013-en-irurtzun\/"},"author":{"name":"pamplona01","@id":"https:\/\/www.itakaescolapios.org\/es\/#\/schema\/person\/a44de70f9a43a90c3e0f59aaaffd61f3"},"headline":"Paso de Mikel Gurea 2013 en Irurtzun","datePublished":"2013-09-29T21:00:22+00:00","dateModified":"2023-11-28T11:39:16+00:00","mainEntityOfPage":{"@id":"https:\/\/www.itakaescolapios.org\/pt\/2013\/09\/paso-de-mikel-gurea-2013-en-irurtzun\/"},"wordCount":119,"publisher":{"@id":"https:\/\/www.itakaescolapios.org\/es\/#organization"},"image":{"@id":"https:\/\/www.itakaescolapios.org\/pt\/2013\/09\/paso-de-mikel-gurea-2013-en-irurtzun\/#primaryimage"},"thumbnailUrl":"https:\/\/www.itakaescolapios.org\/wp-content\/uploads\/2013\/09\/IMG_7363-300x2251.jpg","articleSection":["Pamplona-Iru\u00f1a"],"inLanguage":"pt-BR"},{"@type":"WebPage","@id":"https:\/\/www.itakaescolapios.org\/pt\/2013\/09\/paso-de-mikel-gurea-2013-en-irurtzun\/","url":"https:\/\/www.itakaescolapios.org\/pt\/2013\/09\/paso-de-mikel-gurea-2013-en-irurtzun\/","name":"Paso de Mikel Gurea 2013 en Irurtzun - Itaka-Escolapios","isPartOf":{"@id":"https:\/\/www.itakaescolapios.org\/es\/#website"},"primaryImageOfPage":{"@id":"https:\/\/www.itakaescolapios.org\/pt\/2013\/09\/paso-de-mikel-gurea-2013-en-irurtzun\/#primaryimage"},"image":{"@id":"https:\/\/www.itakaescolapios.org\/pt\/2013\/09\/paso-de-mikel-gurea-2013-en-irurtzun\/#primaryimage"},"thumbnailUrl":"https:\/\/www.itakaescolapios.org\/wp-content\/uploads\/2013\/09\/IMG_7363-300x2251.jpg","datePublished":"2013-09-29T21:00:22+00:00","dateModified":"2023-11-28T11:39:16+00:00","breadcrumb":{"@id":"https:\/\/www.itakaescolapios.org\/pt\/2013\/09\/paso-de-mikel-gurea-2013-en-irurtzun\/#breadcrumb"},"inLanguage":"pt-BR","potentialAction":[{"@type":"ReadAction","target":["https:\/\/www.itakaescolapios.org\/pt\/2013\/09\/paso-de-mikel-gurea-2013-en-irurtzun\/"]}]},{"@type":"ImageObject","inLanguage":"pt-BR","@id":"https:\/\/www.itakaescolapios.org\/pt\/2013\/09\/paso-de-mikel-gurea-2013-en-irurtzun\/#primaryimage","url":"https:\/\/www.itakaescolapios.org\/wp-content\/uploads\/2013\/09\/IMG_7363-300x2251.jpg","contentUrl":"https:\/\/www.itakaescolapios.org\/wp-content\/uploads\/2013\/09\/IMG_7363-300x2251.jpg","width":"300","height":"225"},{"@type":"BreadcrumbList","@id":"https:\/\/www.itakaescolapios.org\/pt\/2013\/09\/paso-de-mikel-gurea-2013-en-irurtzun\/#breadcrumb","itemListElement":[{"@type":"ListItem","position":1,"name":"Itaka-Escolapios","item":"https:\/\/www.itakaescolapios.org\/es\/"},{"@type":"ListItem","position":2,"name":"Paso de Mikel Gurea 2013 en Irurtzun"}]},{"@type":"WebSite","@id":"https:\/\/www.itakaescolapios.org\/pt\/es\/#website","url":"https:\/\/www.itakaescolapios.org\/pt\/es\/","name":"Itaka-Escolapios","description":"Red de Itaka-Escolapios","publisher":{"@id":"https:\/\/www.itakaescolapios.org\/pt\/es\/#organization"},"potentialAction":[{"@type":"SearchAction","target":{"@type":"EntryPoint","urlTemplate":"https:\/\/www.itakaescolapios.org\/pt\/es\/?s={search_term_string}"},"query-input":{"@type":"PropertyValueSpecification","valueRequired":true,"valueName":"search_term_string"}}],"inLanguage":"pt-BR"},{"@type":"Organization","@id":"https:\/\/www.itakaescolapios.org\/pt\/es\/#organization","name":"Fundaci\u00f3 Itaka-Escolapios","url":"https:\/\/www.itakaescolapios.org\/pt\/es\/","logo":{"@type":"ImageObject","inLanguage":"pt-BR","@id":"https:\/\/www.itakaescolapios.org\/pt\/es\/#\/schema\/logo\/image\/","url":"https:\/\/www.itakaescolapios.org\/wp-content\/uploads\/2024\/04\/Logo-itakaescolapios-peque.png","contentUrl":"https:\/\/www.itakaescolapios.org\/wp-content\/uploads\/2024\/04\/Logo-itakaescolapios-peque.png","width":500,"height":199,"caption":"Fundaci\u00f3 Itaka-Escolapios"},"image":{"@id":"https:\/\/www.itakaescolapios.org\/pt\/es\/#\/schema\/logo\/image\/"}},{"@type":"Person","@id":"https:\/\/www.itakaescolapios.org\/es\/#\/schema\/person\/a44de70f9a43a90c3e0f59aaaffd61f3","name":"pamplona01","url":"https:\/\/www.itakaescolapios.org\/pt\/author\/pamplona01\/"}]}},"_links":{"self":[{"href":"https:\/\/www.itakaescolapios.org\/pt\/wp-json\/wp\/v2\/posts\/7303","targetHints":{"allow":["GET"]}}],"collection":[{"href":"https:\/\/www.itakaescolapios.org\/pt\/wp-json\/wp\/v2\/posts"}],"about":[{"href":"https:\/\/www.itakaescolapios.org\/pt\/wp-json\/wp\/v2\/types\/post"}],"author":[{"embeddable":true,"href":"https:\/\/www.itakaescolapios.org\/pt\/wp-json\/wp\/v2\/users\/29"}],"replies":[{"embeddable":true,"href":"https:\/\/www.itakaescolapios.org\/pt\/wp-json\/wp\/v2\/comments?post=7303"}],"version-history":[{"count":6,"href":"https:\/\/www.itakaescolapios.org\/pt\/wp-json\/wp\/v2\/posts\/7303\/revisions"}],"predecessor-version":[{"id":49434,"href":"https:\/\/www.itakaescolapios.org\/pt\/wp-json\/wp\/v2\/posts\/7303\/revisions\/49434"}],"wp:featuredmedia":[{"embeddable":true,"href":"https:\/\/www.itakaescolapios.org\/pt\/wp-json\/wp\/v2\/media\/7352"}],"wp:attachment":[{"href":"https:\/\/www.itakaescolapios.org\/pt\/wp-json\/wp\/v2\/media?parent=7303"}],"wp:term":[{"taxonomy":"category","embeddable":true,"href":"https:\/\/www.itakaescolapios.org\/pt\/wp-json\/wp\/v2\/categories?post=7303"},{"taxonomy":"post_tag","embeddable":true,"href":"https:\/\/www.itakaescolapios.org\/pt\/wp-json\/wp\/v2\/tags?post=7303"}],"curies":[{"name":"wp","href":"https:\/\/api.w.org\/{rel}","templated":true}]}}