{"id":9102,"date":"2014-03-25T12:31:43","date_gmt":"2014-03-25T11:31:43","guid":{"rendered":"https:\/\/www.itakaescolapios.org\/?p=9102"},"modified":"2023-11-28T12:39:04","modified_gmt":"2023-11-28T11:39:04","slug":"4a-edicion-itaka-se-mueve","status":"publish","type":"post","link":"https:\/\/www.itakaescolapios.org\/pt\/2014\/03\/4a-edicion-itaka-se-mueve\/","title":{"rendered":"4\u00aa edici\u00f3n ITAKA SE MUEVE"},"content":{"rendered":"<p style=\"text-align: justify;\">Un a\u00f1o m\u00e1s comenzamos con la preparaci\u00f3n para la 4\u00aa edici\u00f3n de\u00a0ITAKA SE MUEVE,\u00a0un d\u00eda de encuentro, de compartir, de diversi\u00f3n&#8230;<\/p>\n<p style=\"text-align: justify;\">Durante el pr\u00f3ximo\u00a0domingo 6 de abril en el Colegio Escuelas P\u00edas Malvarrosa\u00a0a partir de las 11:00 y hasta que el cuerpo aguante, celebraremos un d\u00eda completito con actividades para ni\u00f1os, actividades deportivas, rifa, m\u00fasica, concurso de paellas (como siempre, nosotros\u00a0pondremos\u00a0la bebida y la le\u00f1a), y muchas sorpresas m\u00e1s.<\/p>\n<p style=\"text-align: justify;\">Adem\u00e1s este a\u00f1o, podremos disfrutar de\u00a0una exposici\u00f3n interactiva donde podremos conocer m\u00e1s a fondo los proyectos y actividades de Itaka-Escolapios.<\/p>\n<p style=\"text-align: justify;\">Para los peque\u00f1os, nuestros voluntarios preparar\u00e1n juegos y actividades que comenzar\u00e1n sobre\u00a0las 12:00h.<\/p>\n<p style=\"text-align: justify;\">Recuerda que necesitamos que confirmes tu asistencia para preparar bien la jornada. Avisa a tus amigos y familiares e inscr\u00edbete a trav\u00e9s del\u00a0<a href=\"https:\/\/docs.google.com\/forms\/d\/1F3RRTc574ykkadRmiBOUodEmz546gS90Z3naejfGTY8\/viewform\">formulario<\/a>\u00a0que hemos preparado.<\/p>\n<p style=\"text-align: justify;\">Te esperamos, porque\u00a0Itaka se mueve contigo, Itaka se mueve por ti ;-)<\/p>\n","protected":false},"excerpt":{"rendered":"<p>Un a\u00f1o m\u00e1s comenzamos con la preparaci\u00f3n para la 4\u00aa edici\u00f3n de\u00a0ITAKA SE MUEVE,\u00a0un d\u00eda de encuentro, de compartir, de diversi\u00f3n&#8230; Durante el pr\u00f3ximo\u00a0domingo 6 de abril en el Colegio [&hellip;]<\/p>\n","protected":false},"author":39,"featured_media":9105,"comment_status":"closed","ping_status":"closed","sticky":false,"template":"","format":"standard","meta":{"_et_pb_use_builder":"","_et_pb_old_content":"","_et_gb_content_width":"","footnotes":""},"categories":[12],"tags":[],"class_list":["post-9102","post","type-post","status-publish","format-standard","has-post-thumbnail","hentry","category-valencia"],"yoast_head":"<!-- This site is optimized with the Yoast SEO plugin v27.4 - https:\/\/yoast.com\/product\/yoast-seo-wordpress\/ -->\n<title>4\u00aa edici\u00f3n ITAKA SE MUEVE<\/title>\n<meta name=\"description\" content=\"Un a\u00f1o m\u00e1s comenzamos con la preparaci\u00f3n para la 4\u00aa edici\u00f3n de\u00a0ITAKA SE MUEVE,\u00a0un d\u00eda de encuentro, de compartir, de diversi\u00f3n... Durante el pr\u00f3ximo\u00a0domingo 6 de abril en el Colegio Escuelas P\u00edas Malvarrosa\u00a0a partir de las 11:00 y hasta que el cuerpo aguante, celebraremos un d\u00eda completito con actividades para ni\u00f1os, actividades deportivas, rifa, m\u00fasica,&hellip;\" \/>\n<meta name=\"robots\" content=\"index, follow, max-snippet:-1, max-image-preview:large, max-video-preview:-1\" \/>\n<link rel=\"canonical\" href=\"\" \/>\n<meta property=\"og:locale\" content=\"pt_BR\" \/>\n<meta property=\"og:type\" content=\"article\" \/>\n<meta property=\"og:title\" content=\"4\u00aa edici\u00f3n ITAKA SE MUEVE\" \/>\n<meta property=\"og:description\" content=\"Un a\u00f1o m\u00e1s comenzamos con la preparaci\u00f3n para la 4\u00aa edici\u00f3n de\u00a0ITAKA SE MUEVE,\u00a0un d\u00eda de encuentro, de compartir, de diversi\u00f3n... Durante el pr\u00f3ximo\u00a0domingo 6 de abril en el Colegio Escuelas P\u00edas Malvarrosa\u00a0a partir de las 11:00 y hasta que el cuerpo aguante, celebraremos un d\u00eda completito con actividades para ni\u00f1os, actividades deportivas, rifa, m\u00fasica,&hellip;\" \/>\n<meta property=\"og:url\" content=\"https:\/\/www.itakaescolapios.org\/pt\/2014\/03\/4a-edicion-itaka-se-mueve\/\" \/>\n<meta property=\"og:site_name\" content=\"Itaka-Escolapios\" \/>\n<meta property=\"article:published_time\" content=\"2014-03-25T11:31:43+00:00\" \/>\n<meta property=\"article:modified_time\" content=\"2023-11-28T11:39:04+00:00\" \/>\n<meta property=\"og:image\" content=\"https:\/\/www.itakaescolapios.org\/wp-content\/uploads\/2014\/03\/itaka-se-mueve.jpg\" \/>\n\t<meta property=\"og:image:width\" content=\"960\" \/>\n\t<meta property=\"og:image:height\" content=\"355\" \/>\n\t<meta property=\"og:image:type\" content=\"image\/jpeg\" \/>\n<meta name=\"author\" content=\"valencia01\" \/>\n<meta name=\"twitter:card\" content=\"summary_large_image\" \/>\n<meta name=\"twitter:label1\" content=\"Escrito por\" \/>\n\t<meta name=\"twitter:data1\" content=\"valencia01\" \/>\n\t<meta name=\"twitter:label2\" content=\"Est. tempo de leitura\" \/>\n\t<meta name=\"twitter:data2\" content=\"1 minuto\" \/>\n<script type=\"application\/ld+json\" class=\"yoast-schema-graph\">{\"@context\":\"https:\\\/\\\/schema.org\",\"@graph\":[{\"@type\":\"Article\",\"@id\":\"https:\\\/\\\/www.itakaescolapios.org\\\/pt\\\/2014\\\/03\\\/4a-edicion-itaka-se-mueve\\\/#article\",\"isPartOf\":{\"@id\":\"https:\\\/\\\/www.itakaescolapios.org\\\/pt\\\/2014\\\/03\\\/4a-edicion-itaka-se-mueve\\\/\"},\"author\":{\"name\":\"valencia01\",\"@id\":\"https:\\\/\\\/www.itakaescolapios.org\\\/es\\\/#\\\/schema\\\/person\\\/c232ccaa2b3f2e98db93c1f8dfca96ff\"},\"headline\":\"4\u00aa edici\u00f3n ITAKA SE MUEVE\",\"datePublished\":\"2014-03-25T11:31:43+00:00\",\"dateModified\":\"2023-11-28T11:39:04+00:00\",\"mainEntityOfPage\":{\"@id\":\"https:\\\/\\\/www.itakaescolapios.org\\\/pt\\\/2014\\\/03\\\/4a-edicion-itaka-se-mueve\\\/\"},\"wordCount\":174,\"publisher\":{\"@id\":\"https:\\\/\\\/www.itakaescolapios.org\\\/es\\\/#organization\"},\"image\":{\"@id\":\"https:\\\/\\\/www.itakaescolapios.org\\\/pt\\\/2014\\\/03\\\/4a-edicion-itaka-se-mueve\\\/#primaryimage\"},\"thumbnailUrl\":\"https:\\\/\\\/www.itakaescolapios.org\\\/wp-content\\\/uploads\\\/2014\\\/03\\\/itaka-se-mueve.jpg\",\"articleSection\":[\"Valencia\"],\"inLanguage\":\"pt-BR\"},{\"@type\":\"WebPage\",\"@id\":\"https:\\\/\\\/www.itakaescolapios.org\\\/pt\\\/2014\\\/03\\\/4a-edicion-itaka-se-mueve\\\/\",\"url\":\"https:\\\/\\\/www.itakaescolapios.org\\\/pt\\\/2014\\\/03\\\/4a-edicion-itaka-se-mueve\\\/\",\"name\":\"4\u00aa edici\u00f3n ITAKA SE MUEVE - Itaka-Escolapios\",\"isPartOf\":{\"@id\":\"https:\\\/\\\/www.itakaescolapios.org\\\/es\\\/#website\"},\"primaryImageOfPage\":{\"@id\":\"https:\\\/\\\/www.itakaescolapios.org\\\/pt\\\/2014\\\/03\\\/4a-edicion-itaka-se-mueve\\\/#primaryimage\"},\"image\":{\"@id\":\"https:\\\/\\\/www.itakaescolapios.org\\\/pt\\\/2014\\\/03\\\/4a-edicion-itaka-se-mueve\\\/#primaryimage\"},\"thumbnailUrl\":\"https:\\\/\\\/www.itakaescolapios.org\\\/wp-content\\\/uploads\\\/2014\\\/03\\\/itaka-se-mueve.jpg\",\"datePublished\":\"2014-03-25T11:31:43+00:00\",\"dateModified\":\"2023-11-28T11:39:04+00:00\",\"breadcrumb\":{\"@id\":\"https:\\\/\\\/www.itakaescolapios.org\\\/pt\\\/2014\\\/03\\\/4a-edicion-itaka-se-mueve\\\/#breadcrumb\"},\"inLanguage\":\"pt-BR\",\"potentialAction\":[{\"@type\":\"ReadAction\",\"target\":[\"https:\\\/\\\/www.itakaescolapios.org\\\/pt\\\/2014\\\/03\\\/4a-edicion-itaka-se-mueve\\\/\"]}]},{\"@type\":\"ImageObject\",\"inLanguage\":\"pt-BR\",\"@id\":\"https:\\\/\\\/www.itakaescolapios.org\\\/pt\\\/2014\\\/03\\\/4a-edicion-itaka-se-mueve\\\/#primaryimage\",\"url\":\"https:\\\/\\\/www.itakaescolapios.org\\\/wp-content\\\/uploads\\\/2014\\\/03\\\/itaka-se-mueve.jpg\",\"contentUrl\":\"https:\\\/\\\/www.itakaescolapios.org\\\/wp-content\\\/uploads\\\/2014\\\/03\\\/itaka-se-mueve.jpg\",\"width\":960,\"height\":355},{\"@type\":\"BreadcrumbList\",\"@id\":\"https:\\\/\\\/www.itakaescolapios.org\\\/pt\\\/2014\\\/03\\\/4a-edicion-itaka-se-mueve\\\/#breadcrumb\",\"itemListElement\":[{\"@type\":\"ListItem\",\"position\":1,\"name\":\"Itaka-Escolapios\",\"item\":\"https:\\\/\\\/www.itakaescolapios.org\\\/es\\\/\"},{\"@type\":\"ListItem\",\"position\":2,\"name\":\"4\u00aa edici\u00f3n ITAKA SE MUEVE\"}]},{\"@type\":\"WebSite\",\"@id\":\"https:\\\/\\\/www.itakaescolapios.org\\\/pt\\\/es\\\/#website\",\"url\":\"https:\\\/\\\/www.itakaescolapios.org\\\/pt\\\/es\\\/\",\"name\":\"Itaka-Escolapios\",\"description\":\"Red de Itaka-Escolapios\",\"publisher\":{\"@id\":\"https:\\\/\\\/www.itakaescolapios.org\\\/pt\\\/es\\\/#organization\"},\"potentialAction\":[{\"@type\":\"SearchAction\",\"target\":{\"@type\":\"EntryPoint\",\"urlTemplate\":\"https:\\\/\\\/www.itakaescolapios.org\\\/pt\\\/es\\\/?s={search_term_string}\"},\"query-input\":{\"@type\":\"PropertyValueSpecification\",\"valueRequired\":true,\"valueName\":\"search_term_string\"}}],\"inLanguage\":\"pt-BR\"},{\"@type\":\"Organization\",\"@id\":\"https:\\\/\\\/www.itakaescolapios.org\\\/pt\\\/es\\\/#organization\",\"name\":\"Fundaci\u00f3 Itaka-Escolapios\",\"url\":\"https:\\\/\\\/www.itakaescolapios.org\\\/pt\\\/es\\\/\",\"logo\":{\"@type\":\"ImageObject\",\"inLanguage\":\"pt-BR\",\"@id\":\"https:\\\/\\\/www.itakaescolapios.org\\\/pt\\\/es\\\/#\\\/schema\\\/logo\\\/image\\\/\",\"url\":\"https:\\\/\\\/www.itakaescolapios.org\\\/wp-content\\\/uploads\\\/2024\\\/04\\\/Logo-itakaescolapios-peque.png\",\"contentUrl\":\"https:\\\/\\\/www.itakaescolapios.org\\\/wp-content\\\/uploads\\\/2024\\\/04\\\/Logo-itakaescolapios-peque.png\",\"width\":500,\"height\":199,\"caption\":\"Fundaci\u00f3 Itaka-Escolapios\"},\"image\":{\"@id\":\"https:\\\/\\\/www.itakaescolapios.org\\\/pt\\\/es\\\/#\\\/schema\\\/logo\\\/image\\\/\"}},{\"@type\":\"Person\",\"@id\":\"https:\\\/\\\/www.itakaescolapios.org\\\/es\\\/#\\\/schema\\\/person\\\/c232ccaa2b3f2e98db93c1f8dfca96ff\",\"name\":\"valencia01\",\"url\":\"https:\\\/\\\/www.itakaescolapios.org\\\/pt\\\/author\\\/valencia01\\\/\"}]}<\/script>\n<!-- \/ Yoast SEO plugin. -->","yoast_head_json":{"title":"4\u00aa edici\u00f3n ITAKA SE MUEVE","description":"Un a\u00f1o m\u00e1s comenzamos con la preparaci\u00f3n para la 4\u00aa edici\u00f3n de\u00a0ITAKA SE MUEVE,\u00a0un d\u00eda de encuentro, de compartir, de diversi\u00f3n... Durante el pr\u00f3ximo\u00a0domingo 6 de abril en el Colegio Escuelas P\u00edas Malvarrosa\u00a0a partir de las 11:00 y hasta que el cuerpo aguante, celebraremos un d\u00eda completito con actividades para ni\u00f1os, actividades deportivas, rifa, m\u00fasica,&hellip;","robots":{"index":"index","follow":"follow","max-snippet":"max-snippet:-1","max-image-preview":"max-image-preview:large","max-video-preview":"max-video-preview:-1"},"canonical":"Un a\u00f1o m\u00e1s comenzamos con la preparaci\u00f3n para la 4\u00aa edici\u00f3n de\u00a0ITAKA SE MUEVE,\u00a0un d\u00eda de encuentro, de compartir, de diversi\u00f3n... Durante el pr\u00f3ximo\u00a0domingo 6 de abril en el Colegio Escuelas P\u00edas Malvarrosa\u00a0a partir de las 11:00 y hasta que el cuerpo aguante, celebraremos un d\u00eda completito con actividades para ni\u00f1os, actividades deportivas, rifa, m\u00fasica,&hellip;","og_locale":"pt_BR","og_type":"article","og_title":"4\u00aa edici\u00f3n ITAKA SE MUEVE","og_description":"Un a\u00f1o m\u00e1s comenzamos con la preparaci\u00f3n para la 4\u00aa edici\u00f3n de\u00a0ITAKA SE MUEVE,\u00a0un d\u00eda de encuentro, de compartir, de diversi\u00f3n... Durante el pr\u00f3ximo\u00a0domingo 6 de abril en el Colegio Escuelas P\u00edas Malvarrosa\u00a0a partir de las 11:00 y hasta que el cuerpo aguante, celebraremos un d\u00eda completito con actividades para ni\u00f1os, actividades deportivas, rifa, m\u00fasica,&hellip;","og_url":"https:\/\/www.itakaescolapios.org\/pt\/2014\/03\/4a-edicion-itaka-se-mueve\/","og_site_name":"Itaka-Escolapios","article_published_time":"2014-03-25T11:31:43+00:00","article_modified_time":"2023-11-28T11:39:04+00:00","og_image":[{"width":960,"height":355,"url":"https:\/\/www.itakaescolapios.org\/wp-content\/uploads\/2014\/03\/itaka-se-mueve.jpg","type":"image\/jpeg"}],"author":"valencia01","twitter_card":"summary_large_image","twitter_misc":{"Escrito por":"valencia01","Est. tempo de leitura":"1 minuto"},"schema":{"@context":"https:\/\/schema.org","@graph":[{"@type":"Article","@id":"https:\/\/www.itakaescolapios.org\/pt\/2014\/03\/4a-edicion-itaka-se-mueve\/#article","isPartOf":{"@id":"https:\/\/www.itakaescolapios.org\/pt\/2014\/03\/4a-edicion-itaka-se-mueve\/"},"author":{"name":"valencia01","@id":"https:\/\/www.itakaescolapios.org\/es\/#\/schema\/person\/c232ccaa2b3f2e98db93c1f8dfca96ff"},"headline":"4\u00aa edici\u00f3n ITAKA SE MUEVE","datePublished":"2014-03-25T11:31:43+00:00","dateModified":"2023-11-28T11:39:04+00:00","mainEntityOfPage":{"@id":"https:\/\/www.itakaescolapios.org\/pt\/2014\/03\/4a-edicion-itaka-se-mueve\/"},"wordCount":174,"publisher":{"@id":"https:\/\/www.itakaescolapios.org\/es\/#organization"},"image":{"@id":"https:\/\/www.itakaescolapios.org\/pt\/2014\/03\/4a-edicion-itaka-se-mueve\/#primaryimage"},"thumbnailUrl":"https:\/\/www.itakaescolapios.org\/wp-content\/uploads\/2014\/03\/itaka-se-mueve.jpg","articleSection":["Valencia"],"inLanguage":"pt-BR"},{"@type":"WebPage","@id":"https:\/\/www.itakaescolapios.org\/pt\/2014\/03\/4a-edicion-itaka-se-mueve\/","url":"https:\/\/www.itakaescolapios.org\/pt\/2014\/03\/4a-edicion-itaka-se-mueve\/","name":"4\u00aa edici\u00f3n ITAKA SE MUEVE - Itaka-Escolapios","isPartOf":{"@id":"https:\/\/www.itakaescolapios.org\/es\/#website"},"primaryImageOfPage":{"@id":"https:\/\/www.itakaescolapios.org\/pt\/2014\/03\/4a-edicion-itaka-se-mueve\/#primaryimage"},"image":{"@id":"https:\/\/www.itakaescolapios.org\/pt\/2014\/03\/4a-edicion-itaka-se-mueve\/#primaryimage"},"thumbnailUrl":"https:\/\/www.itakaescolapios.org\/wp-content\/uploads\/2014\/03\/itaka-se-mueve.jpg","datePublished":"2014-03-25T11:31:43+00:00","dateModified":"2023-11-28T11:39:04+00:00","breadcrumb":{"@id":"https:\/\/www.itakaescolapios.org\/pt\/2014\/03\/4a-edicion-itaka-se-mueve\/#breadcrumb"},"inLanguage":"pt-BR","potentialAction":[{"@type":"ReadAction","target":["https:\/\/www.itakaescolapios.org\/pt\/2014\/03\/4a-edicion-itaka-se-mueve\/"]}]},{"@type":"ImageObject","inLanguage":"pt-BR","@id":"https:\/\/www.itakaescolapios.org\/pt\/2014\/03\/4a-edicion-itaka-se-mueve\/#primaryimage","url":"https:\/\/www.itakaescolapios.org\/wp-content\/uploads\/2014\/03\/itaka-se-mueve.jpg","contentUrl":"https:\/\/www.itakaescolapios.org\/wp-content\/uploads\/2014\/03\/itaka-se-mueve.jpg","width":960,"height":355},{"@type":"BreadcrumbList","@id":"https:\/\/www.itakaescolapios.org\/pt\/2014\/03\/4a-edicion-itaka-se-mueve\/#breadcrumb","itemListElement":[{"@type":"ListItem","position":1,"name":"Itaka-Escolapios","item":"https:\/\/www.itakaescolapios.org\/es\/"},{"@type":"ListItem","position":2,"name":"4\u00aa edici\u00f3n ITAKA SE MUEVE"}]},{"@type":"WebSite","@id":"https:\/\/www.itakaescolapios.org\/pt\/es\/#website","url":"https:\/\/www.itakaescolapios.org\/pt\/es\/","name":"Itaka-Escolapios","description":"Red de Itaka-Escolapios","publisher":{"@id":"https:\/\/www.itakaescolapios.org\/pt\/es\/#organization"},"potentialAction":[{"@type":"SearchAction","target":{"@type":"EntryPoint","urlTemplate":"https:\/\/www.itakaescolapios.org\/pt\/es\/?s={search_term_string}"},"query-input":{"@type":"PropertyValueSpecification","valueRequired":true,"valueName":"search_term_string"}}],"inLanguage":"pt-BR"},{"@type":"Organization","@id":"https:\/\/www.itakaescolapios.org\/pt\/es\/#organization","name":"Fundaci\u00f3 Itaka-Escolapios","url":"https:\/\/www.itakaescolapios.org\/pt\/es\/","logo":{"@type":"ImageObject","inLanguage":"pt-BR","@id":"https:\/\/www.itakaescolapios.org\/pt\/es\/#\/schema\/logo\/image\/","url":"https:\/\/www.itakaescolapios.org\/wp-content\/uploads\/2024\/04\/Logo-itakaescolapios-peque.png","contentUrl":"https:\/\/www.itakaescolapios.org\/wp-content\/uploads\/2024\/04\/Logo-itakaescolapios-peque.png","width":500,"height":199,"caption":"Fundaci\u00f3 Itaka-Escolapios"},"image":{"@id":"https:\/\/www.itakaescolapios.org\/pt\/es\/#\/schema\/logo\/image\/"}},{"@type":"Person","@id":"https:\/\/www.itakaescolapios.org\/es\/#\/schema\/person\/c232ccaa2b3f2e98db93c1f8dfca96ff","name":"valencia01","url":"https:\/\/www.itakaescolapios.org\/pt\/author\/valencia01\/"}]}},"_links":{"self":[{"href":"https:\/\/www.itakaescolapios.org\/pt\/wp-json\/wp\/v2\/posts\/9102","targetHints":{"allow":["GET"]}}],"collection":[{"href":"https:\/\/www.itakaescolapios.org\/pt\/wp-json\/wp\/v2\/posts"}],"about":[{"href":"https:\/\/www.itakaescolapios.org\/pt\/wp-json\/wp\/v2\/types\/post"}],"author":[{"embeddable":true,"href":"https:\/\/www.itakaescolapios.org\/pt\/wp-json\/wp\/v2\/users\/39"}],"replies":[{"embeddable":true,"href":"https:\/\/www.itakaescolapios.org\/pt\/wp-json\/wp\/v2\/comments?post=9102"}],"version-history":[{"count":4,"href":"https:\/\/www.itakaescolapios.org\/pt\/wp-json\/wp\/v2\/posts\/9102\/revisions"}],"predecessor-version":[{"id":49095,"href":"https:\/\/www.itakaescolapios.org\/pt\/wp-json\/wp\/v2\/posts\/9102\/revisions\/49095"}],"wp:featuredmedia":[{"embeddable":true,"href":"https:\/\/www.itakaescolapios.org\/pt\/wp-json\/wp\/v2\/media\/9105"}],"wp:attachment":[{"href":"https:\/\/www.itakaescolapios.org\/pt\/wp-json\/wp\/v2\/media?parent=9102"}],"wp:term":[{"taxonomy":"category","embeddable":true,"href":"https:\/\/www.itakaescolapios.org\/pt\/wp-json\/wp\/v2\/categories?post=9102"},{"taxonomy":"post_tag","embeddable":true,"href":"https:\/\/www.itakaescolapios.org\/pt\/wp-json\/wp\/v2\/tags?post=9102"}],"curies":[{"name":"wp","href":"https:\/\/api.w.org\/{rel}","templated":true}]}}